{"id":356,"date":"2019-10-22T20:16:57","date_gmt":"2019-10-22T18:16:57","guid":{"rendered":"http:\/\/blogsaverroes.juntadeandalucia.es\/ceiprodriguezvega\/?p=356"},"modified":"2021-03-11T18:35:16","modified_gmt":"2021-03-11T17:35:16","slug":"wasqha","status":"publish","type":"post","link":"https:\/\/blogsaverroes.juntadeandalucia.es\/ceiprodriguezvega\/wasqha\/","title":{"rendered":"Wasqha"},"content":{"rendered":"<p style=\"text-align: justify\">\u00bfTodav\u00eda no sabes lo que te depara WASQHA 2019? Almedinilla vivir\u00e1 una nueva edici\u00f3n de este&nbsp;Festival de Arte Emergente del 31 de octubre al 3 de noviembre, unos d\u00edas repletos de actividades para todos los p\u00fablicos.<\/p>\n<p><a href=\"https:\/\/www.almedinilla.es\/agenda\/festival-wasqha-2019#\">Os dejamos el enlace a todas las actividades.<\/a><\/p>\n<p>&nbsp;<\/p>\n","protected":false},"excerpt":{"rendered":"<p>\u00bfTodav\u00eda no sabes lo que te depara WASQHA 2019? Almedinilla vivir\u00e1 una nueva edici\u00f3n de este&nbsp;Festival de Arte Emergente del 31 de octubre al 3 de noviembre, unos d\u00edas repletos de actividades para todos&#46;&#46;&#46;<\/p>\n","protected":false},"author":2153,"featured_media":359,"comment_status":"open","ping_status":"open","sticky":false,"template":"","format":"image","meta":{"ngg_post_thumbnail":0,"footnotes":""},"categories":[1122213],"tags":[],"aioseo_notices":[],"_links":{"self":[{"href":"https:\/\/blogsaverroes.juntadeandalucia.es\/ceiprodriguezvega\/wp-json\/wp\/v2\/posts\/356"}],"collection":[{"href":"https:\/\/blogsaverroes.juntadeandalucia.es\/ceiprodriguezvega\/wp-json\/wp\/v2\/posts"}],"about":[{"href":"https:\/\/blogsaverroes.juntadeandalucia.es\/ceiprodriguezvega\/wp-json\/wp\/v2\/types\/post"}],"author":[{"embeddable":true,"href":"https:\/\/blogsaverroes.juntadeandalucia.es\/ceiprodriguezvega\/wp-json\/wp\/v2\/users\/2153"}],"replies":[{"embeddable":true,"href":"https:\/\/blogsaverroes.juntadeandalucia.es\/ceiprodriguezvega\/wp-json\/wp\/v2\/comments?post=356"}],"version-history":[{"count":4,"href":"https:\/\/blogsaverroes.juntadeandalucia.es\/ceiprodriguezvega\/wp-json\/wp\/v2\/posts\/356\/revisions"}],"predecessor-version":[{"id":392,"href":"https:\/\/blogsaverroes.juntadeandalucia.es\/ceiprodriguezvega\/wp-json\/wp\/v2\/posts\/356\/revisions\/392"}],"wp:featuredmedia":[{"embeddable":true,"href":"https:\/\/blogsaverroes.juntadeandalucia.es\/ceiprodriguezvega\/wp-json\/wp\/v2\/media\/359"}],"wp:attachment":[{"href":"https:\/\/blogsaverroes.juntadeandalucia.es\/ceiprodriguezvega\/wp-json\/wp\/v2\/media?parent=356"}],"wp:term":[{"taxonomy":"category","embeddable":true,"href":"https:\/\/blogsaverroes.juntadeandalucia.es\/ceiprodriguezvega\/wp-json\/wp\/v2\/categories?post=356"},{"taxonomy":"post_tag","embeddable":true,"href":"https:\/\/blogsaverroes.juntadeandalucia.es\/ceiprodriguezvega\/wp-json\/wp\/v2\/tags?post=356"}],"curies":[{"name":"wp","href":"https:\/\/api.w.org\/{rel}","templated":true}]}}