{"id":2661,"date":"2016-05-10T10:09:38","date_gmt":"2016-05-10T10:09:38","guid":{"rendered":"http:\/\/blogsaverroes.juntadeandalucia.es\/ceiprosadegalvez\/?p=2661"},"modified":"2016-05-10T10:24:01","modified_gmt":"2016-05-10T10:24:01","slug":"campamento-de-verano","status":"publish","type":"post","link":"https:\/\/blogsaverroes.juntadeandalucia.es\/ceiprosadegalvez\/campamento-de-verano\/","title":{"rendered":"ESCUELA DE VERANO 2016"},"content":{"rendered":"<p>Ya est\u00e1 abierto el plazo de inscripci\u00f3n para la escuela de verano.<\/p>\n<p>Para m\u00e1s informaci\u00f3n e inscripci\u00f3n pueden dirigirse a la ventanilla de Incide, junto a Secretar\u00eda, los martes y jueves de 9 a 11 horas.<\/p>\n<p><a href=\"http:\/\/blogsaverroes.juntadeandalucia.es\/ceiprosadegalvez\/files\/2016\/05\/IMG_20160510_095841.jpg\"><img loading=\"lazy\" decoding=\"async\" class=\" size-medium wp-image-2662 aligncenter\" src=\"http:\/\/blogsaverroes.juntadeandalucia.es\/ceiprosadegalvez\/files\/2016\/05\/IMG_20160510_095841-225x300.jpg\" alt=\"IMG_20160510_095841\" width=\"225\" height=\"300\" srcset=\"https:\/\/blogsaverroes.juntadeandalucia.es\/ceiprosadegalvez\/files\/2016\/05\/IMG_20160510_095841-225x300.jpg 225w, https:\/\/blogsaverroes.juntadeandalucia.es\/ceiprosadegalvez\/files\/2016\/05\/IMG_20160510_095841-768x1024.jpg 768w, https:\/\/blogsaverroes.juntadeandalucia.es\/ceiprosadegalvez\/files\/2016\/05\/IMG_20160510_095841-700x933.jpg 700w, https:\/\/blogsaverroes.juntadeandalucia.es\/ceiprosadegalvez\/files\/2016\/05\/IMG_20160510_095841.jpg 1200w\" sizes=\"(max-width: 225px) 100vw, 225px\" \/><\/a><\/p>\n","protected":false},"excerpt":{"rendered":"<p>Ya est\u00e1 abierto el plazo de inscripci\u00f3n para la escuela de verano. Para m\u00e1s informaci\u00f3n e inscripci\u00f3n pueden dirigirse a la ventanilla de Incide, junto a Secretar\u00eda, los martes y jueves de 9 a&#46;&#46;&#46;<\/p>\n","protected":false},"author":1950,"featured_media":0,"comment_status":"closed","ping_status":"closed","sticky":false,"template":"","format":"image","meta":{"_exactmetrics_skip_tracking":false,"_exactmetrics_sitenote_active":false,"_exactmetrics_sitenote_note":"","_exactmetrics_sitenote_category":0,"ngg_post_thumbnail":0,"footnotes":""},"categories":[11909],"tags":[],"aioseo_notices":[],"_links":{"self":[{"href":"https:\/\/blogsaverroes.juntadeandalucia.es\/ceiprosadegalvez\/wp-json\/wp\/v2\/posts\/2661"}],"collection":[{"href":"https:\/\/blogsaverroes.juntadeandalucia.es\/ceiprosadegalvez\/wp-json\/wp\/v2\/posts"}],"about":[{"href":"https:\/\/blogsaverroes.juntadeandalucia.es\/ceiprosadegalvez\/wp-json\/wp\/v2\/types\/post"}],"author":[{"embeddable":true,"href":"https:\/\/blogsaverroes.juntadeandalucia.es\/ceiprosadegalvez\/wp-json\/wp\/v2\/users\/1950"}],"replies":[{"embeddable":true,"href":"https:\/\/blogsaverroes.juntadeandalucia.es\/ceiprosadegalvez\/wp-json\/wp\/v2\/comments?post=2661"}],"version-history":[{"count":3,"href":"https:\/\/blogsaverroes.juntadeandalucia.es\/ceiprosadegalvez\/wp-json\/wp\/v2\/posts\/2661\/revisions"}],"predecessor-version":[{"id":2665,"href":"https:\/\/blogsaverroes.juntadeandalucia.es\/ceiprosadegalvez\/wp-json\/wp\/v2\/posts\/2661\/revisions\/2665"}],"wp:attachment":[{"href":"https:\/\/blogsaverroes.juntadeandalucia.es\/ceiprosadegalvez\/wp-json\/wp\/v2\/media?parent=2661"}],"wp:term":[{"taxonomy":"category","embeddable":true,"href":"https:\/\/blogsaverroes.juntadeandalucia.es\/ceiprosadegalvez\/wp-json\/wp\/v2\/categories?post=2661"},{"taxonomy":"post_tag","embeddable":true,"href":"https:\/\/blogsaverroes.juntadeandalucia.es\/ceiprosadegalvez\/wp-json\/wp\/v2\/tags?post=2661"}],"curies":[{"name":"wp","href":"https:\/\/api.w.org\/{rel}","templated":true}]}}