{"id":3286,"date":"2019-10-29T12:52:16","date_gmt":"2019-10-29T12:52:16","guid":{"rendered":"https:\/\/blogsaverroes.juntadeandalucia.es\/ceiprosadegalvez\/?p=3286"},"modified":"2019-10-29T12:52:16","modified_gmt":"2019-10-29T12:52:16","slug":"3286","status":"publish","type":"post","link":"https:\/\/blogsaverroes.juntadeandalucia.es\/ceiprosadegalvez\/3286\/","title":{"rendered":""},"content":{"rendered":"<p>Este viernes 25 de octubre, aprovechando que nuestro alumnado de tercer curso de Primaria est\u00e1 trabajando el tema de la Nutrici\u00f3n, el doctor D. Daniel Gonz\u00e1lez G\u00e1lvez, se acerc\u00f3 a nuestro centro a darles una charla y responder las cuestiones planteadas por el alumnado.<\/p>\n<p><a href=\"https:\/\/blogsaverroes.juntadeandalucia.es\/ceiprosadegalvez\/files\/2019\/10\/IMG-20191029-WA0016.jpg\"><img loading=\"lazy\" decoding=\"async\" width=\"300\" height=\"225\" class=\"alignnone size-medium wp-image-3289\" alt=\"\" src=\"https:\/\/blogsaverroes.juntadeandalucia.es\/ceiprosadegalvez\/files\/2019\/10\/IMG-20191029-WA0016-300x225.jpg\" srcset=\"https:\/\/blogsaverroes.juntadeandalucia.es\/ceiprosadegalvez\/files\/2019\/10\/IMG-20191029-WA0016-300x225.jpg 300w, https:\/\/blogsaverroes.juntadeandalucia.es\/ceiprosadegalvez\/files\/2019\/10\/IMG-20191029-WA0016-768x576.jpg 768w, https:\/\/blogsaverroes.juntadeandalucia.es\/ceiprosadegalvez\/files\/2019\/10\/IMG-20191029-WA0016-1024x768.jpg 1024w, https:\/\/blogsaverroes.juntadeandalucia.es\/ceiprosadegalvez\/files\/2019\/10\/IMG-20191029-WA0016-24x18.jpg 24w, https:\/\/blogsaverroes.juntadeandalucia.es\/ceiprosadegalvez\/files\/2019\/10\/IMG-20191029-WA0016-36x27.jpg 36w, https:\/\/blogsaverroes.juntadeandalucia.es\/ceiprosadegalvez\/files\/2019\/10\/IMG-20191029-WA0016-48x36.jpg 48w, https:\/\/blogsaverroes.juntadeandalucia.es\/ceiprosadegalvez\/files\/2019\/10\/IMG-20191029-WA0016.jpg 1600w\" sizes=\"(max-width: 300px) 100vw, 300px\" \/><\/a> <a href=\"https:\/\/blogsaverroes.juntadeandalucia.es\/ceiprosadegalvez\/files\/2019\/10\/IMG-20191029-WA0014.jpg\"><img loading=\"lazy\" decoding=\"async\" width=\"300\" height=\"225\" class=\"alignnone size-medium wp-image-3288\" alt=\"\" src=\"https:\/\/blogsaverroes.juntadeandalucia.es\/ceiprosadegalvez\/files\/2019\/10\/IMG-20191029-WA0014-300x225.jpg\" srcset=\"https:\/\/blogsaverroes.juntadeandalucia.es\/ceiprosadegalvez\/files\/2019\/10\/IMG-20191029-WA0014-300x225.jpg 300w, https:\/\/blogsaverroes.juntadeandalucia.es\/ceiprosadegalvez\/files\/2019\/10\/IMG-20191029-WA0014-768x576.jpg 768w, https:\/\/blogsaverroes.juntadeandalucia.es\/ceiprosadegalvez\/files\/2019\/10\/IMG-20191029-WA0014-1024x768.jpg 1024w, https:\/\/blogsaverroes.juntadeandalucia.es\/ceiprosadegalvez\/files\/2019\/10\/IMG-20191029-WA0014-24x18.jpg 24w, https:\/\/blogsaverroes.juntadeandalucia.es\/ceiprosadegalvez\/files\/2019\/10\/IMG-20191029-WA0014-36x27.jpg 36w, https:\/\/blogsaverroes.juntadeandalucia.es\/ceiprosadegalvez\/files\/2019\/10\/IMG-20191029-WA0014-48x36.jpg 48w, https:\/\/blogsaverroes.juntadeandalucia.es\/ceiprosadegalvez\/files\/2019\/10\/IMG-20191029-WA0014.jpg 1600w\" sizes=\"(max-width: 300px) 100vw, 300px\" \/><\/a> <a href=\"https:\/\/blogsaverroes.juntadeandalucia.es\/ceiprosadegalvez\/files\/2019\/10\/IMG_20191025_130844.jpg\"><img loading=\"lazy\" decoding=\"async\" width=\"300\" height=\"225\" class=\"alignnone size-medium wp-image-3287\" alt=\"\" src=\"https:\/\/blogsaverroes.juntadeandalucia.es\/ceiprosadegalvez\/files\/2019\/10\/IMG_20191025_130844-300x225.jpg\" srcset=\"https:\/\/blogsaverroes.juntadeandalucia.es\/ceiprosadegalvez\/files\/2019\/10\/IMG_20191025_130844-300x225.jpg 300w, https:\/\/blogsaverroes.juntadeandalucia.es\/ceiprosadegalvez\/files\/2019\/10\/IMG_20191025_130844-768x576.jpg 768w, https:\/\/blogsaverroes.juntadeandalucia.es\/ceiprosadegalvez\/files\/2019\/10\/IMG_20191025_130844-1024x768.jpg 1024w, https:\/\/blogsaverroes.juntadeandalucia.es\/ceiprosadegalvez\/files\/2019\/10\/IMG_20191025_130844-24x18.jpg 24w, https:\/\/blogsaverroes.juntadeandalucia.es\/ceiprosadegalvez\/files\/2019\/10\/IMG_20191025_130844-36x27.jpg 36w, https:\/\/blogsaverroes.juntadeandalucia.es\/ceiprosadegalvez\/files\/2019\/10\/IMG_20191025_130844-48x36.jpg 48w, https:\/\/blogsaverroes.juntadeandalucia.es\/ceiprosadegalvez\/files\/2019\/10\/IMG_20191025_130844.jpg 1600w\" sizes=\"(max-width: 300px) 100vw, 300px\" \/><\/a><\/p>\n<p>&nbsp;<\/p>\n","protected":false},"excerpt":{"rendered":"<p>Este viernes 25 de octubre, aprovechando que nuestro alumnado de tercer curso de Primaria est\u00e1 trabajando el tema de la Nutrici\u00f3n, el doctor D. Daniel Gonz\u00e1lez G\u00e1lvez, se acerc\u00f3 a nuestro centro a darles&#46;&#46;&#46;<\/p>\n","protected":false},"author":1950,"featured_media":0,"comment_status":"closed","ping_status":"closed","sticky":false,"template":"","format":"standard","meta":{"_exactmetrics_skip_tracking":false,"_exactmetrics_sitenote_active":false,"_exactmetrics_sitenote_note":"","_exactmetrics_sitenote_category":0,"ngg_post_thumbnail":0,"footnotes":""},"categories":[25495],"tags":[],"aioseo_notices":[],"_links":{"self":[{"href":"https:\/\/blogsaverroes.juntadeandalucia.es\/ceiprosadegalvez\/wp-json\/wp\/v2\/posts\/3286"}],"collection":[{"href":"https:\/\/blogsaverroes.juntadeandalucia.es\/ceiprosadegalvez\/wp-json\/wp\/v2\/posts"}],"about":[{"href":"https:\/\/blogsaverroes.juntadeandalucia.es\/ceiprosadegalvez\/wp-json\/wp\/v2\/types\/post"}],"author":[{"embeddable":true,"href":"https:\/\/blogsaverroes.juntadeandalucia.es\/ceiprosadegalvez\/wp-json\/wp\/v2\/users\/1950"}],"replies":[{"embeddable":true,"href":"https:\/\/blogsaverroes.juntadeandalucia.es\/ceiprosadegalvez\/wp-json\/wp\/v2\/comments?post=3286"}],"version-history":[{"count":3,"href":"https:\/\/blogsaverroes.juntadeandalucia.es\/ceiprosadegalvez\/wp-json\/wp\/v2\/posts\/3286\/revisions"}],"predecessor-version":[{"id":3292,"href":"https:\/\/blogsaverroes.juntadeandalucia.es\/ceiprosadegalvez\/wp-json\/wp\/v2\/posts\/3286\/revisions\/3292"}],"wp:attachment":[{"href":"https:\/\/blogsaverroes.juntadeandalucia.es\/ceiprosadegalvez\/wp-json\/wp\/v2\/media?parent=3286"}],"wp:term":[{"taxonomy":"category","embeddable":true,"href":"https:\/\/blogsaverroes.juntadeandalucia.es\/ceiprosadegalvez\/wp-json\/wp\/v2\/categories?post=3286"},{"taxonomy":"post_tag","embeddable":true,"href":"https:\/\/blogsaverroes.juntadeandalucia.es\/ceiprosadegalvez\/wp-json\/wp\/v2\/tags?post=3286"}],"curies":[{"name":"wp","href":"https:\/\/api.w.org\/{rel}","templated":true}]}}