{"id":3420,"date":"2020-02-06T22:11:48","date_gmt":"2020-02-06T22:11:48","guid":{"rendered":"https:\/\/blogsaverroes.juntadeandalucia.es\/ceiprosadegalvez\/?p=3420"},"modified":"2020-02-06T22:11:48","modified_gmt":"2020-02-06T22:11:48","slug":"verde-que-te-quiero-verde","status":"publish","type":"post","link":"https:\/\/blogsaverroes.juntadeandalucia.es\/ceiprosadegalvez\/verde-que-te-quiero-verde\/","title":{"rendered":"Verde que te quiero verde"},"content":{"rendered":"<p>Estamos en el mes de febrero, un mes de celebraci\u00f3n para los andaluces y andaluzas, y desde nuestro centro llevaremos a cabo, durante este mes, un proyecto colaborativo a nivel de centro, donde cada nivel trabajar\u00e1 una serie de aspectos relacionados con nuestra Comunidad Aut\u00f3noma. Para la presentaci\u00f3n del proyecto, se ha elaborado el siguiente v\u00eddeo-collage con nuestros docentes disfrutando de los diferentes rincones de Andaluc\u00eda.<\/p>\n<div style=\"width: 432px;\" class=\"wp-video\"><!--[if lt IE 9]><script>document.createElement('video');<\/script><![endif]-->\n<video class=\"wp-video-shortcode\" id=\"video-3420-1\" width=\"432\" height=\"240\" preload=\"metadata\" controls=\"controls\"><source type=\"video\/mp4\" src=\"https:\/\/blogsaverroes.juntadeandalucia.es\/ceiprosadegalvez\/files\/2020\/02\/VID-20200206-WA0023.mp4?_=1\" \/><a href=\"https:\/\/blogsaverroes.juntadeandalucia.es\/ceiprosadegalvez\/files\/2020\/02\/VID-20200206-WA0023.mp4\">https:\/\/blogsaverroes.juntadeandalucia.es\/ceiprosadegalvez\/files\/2020\/02\/VID-20200206-WA0023.mp4<\/a><\/video><\/div>\n","protected":false},"excerpt":{"rendered":"<p>Estamos en el mes de febrero, un mes de celebraci\u00f3n para los andaluces y andaluzas, y desde nuestro centro llevaremos a cabo, durante este mes, un proyecto colaborativo a nivel de centro, donde cada&#46;&#46;&#46;<\/p>\n","protected":false},"author":1950,"featured_media":0,"comment_status":"closed","ping_status":"closed","sticky":false,"template":"","format":"standard","meta":{"_exactmetrics_skip_tracking":false,"_exactmetrics_sitenote_active":false,"_exactmetrics_sitenote_note":"","_exactmetrics_sitenote_category":0,"ngg_post_thumbnail":0,"footnotes":""},"categories":[11909],"tags":[],"aioseo_notices":[],"_links":{"self":[{"href":"https:\/\/blogsaverroes.juntadeandalucia.es\/ceiprosadegalvez\/wp-json\/wp\/v2\/posts\/3420"}],"collection":[{"href":"https:\/\/blogsaverroes.juntadeandalucia.es\/ceiprosadegalvez\/wp-json\/wp\/v2\/posts"}],"about":[{"href":"https:\/\/blogsaverroes.juntadeandalucia.es\/ceiprosadegalvez\/wp-json\/wp\/v2\/types\/post"}],"author":[{"embeddable":true,"href":"https:\/\/blogsaverroes.juntadeandalucia.es\/ceiprosadegalvez\/wp-json\/wp\/v2\/users\/1950"}],"replies":[{"embeddable":true,"href":"https:\/\/blogsaverroes.juntadeandalucia.es\/ceiprosadegalvez\/wp-json\/wp\/v2\/comments?post=3420"}],"version-history":[{"count":1,"href":"https:\/\/blogsaverroes.juntadeandalucia.es\/ceiprosadegalvez\/wp-json\/wp\/v2\/posts\/3420\/revisions"}],"predecessor-version":[{"id":3421,"href":"https:\/\/blogsaverroes.juntadeandalucia.es\/ceiprosadegalvez\/wp-json\/wp\/v2\/posts\/3420\/revisions\/3421"}],"wp:attachment":[{"href":"https:\/\/blogsaverroes.juntadeandalucia.es\/ceiprosadegalvez\/wp-json\/wp\/v2\/media?parent=3420"}],"wp:term":[{"taxonomy":"category","embeddable":true,"href":"https:\/\/blogsaverroes.juntadeandalucia.es\/ceiprosadegalvez\/wp-json\/wp\/v2\/categories?post=3420"},{"taxonomy":"post_tag","embeddable":true,"href":"https:\/\/blogsaverroes.juntadeandalucia.es\/ceiprosadegalvez\/wp-json\/wp\/v2\/tags?post=3420"}],"curies":[{"name":"wp","href":"https:\/\/api.w.org\/{rel}","templated":true}]}}