{"id":3618,"date":"2026-01-31T18:33:41","date_gmt":"2026-01-31T17:33:41","guid":{"rendered":"https:\/\/blogsaverroes.juntadeandalucia.es\/ceipsaintsylvaindanjou\/?p=3618"},"modified":"2026-01-31T18:36:44","modified_gmt":"2026-01-31T17:36:44","slug":"3618","status":"publish","type":"post","link":"https:\/\/blogsaverroes.juntadeandalucia.es\/ceipsaintsylvaindanjou\/2026\/01\/3618\/","title":{"rendered":"D\u00eda de la Paz en Saint Sylvain"},"content":{"rendered":"<h3 data-start=\"209\" data-end=\"289\">\ud83d\udd4a\ufe0f D\u00eda Escolar de la Paz y la No Violencia en el CEIP Saint Sylvain d\u2019Anjou<\/h3>\n<p data-start=\"291\" data-end=\"706\">Con motivo del <strong data-start=\"306\" data-end=\"349\">D\u00eda Escolar de la Paz y la No Violencia<\/strong>, en nuestro centro hemos llevado a cabo diversas actividades con el objetivo de fomentar valores como el respeto, la convivencia, la solidaridad y la resoluci\u00f3n pac\u00edfica de los conflictos.<br data-start=\"553\" data-end=\"556\">Ha sido una jornada muy especial en la que el alumnado ha reflexionado, creado, cantado, bailado y compartido qu\u00e9 significa para ellos y ellas la paz.<\/p>\n<h4 data-start=\"708\" data-end=\"736\">\ud83d\udc76 Educaci\u00f3n Infantil<\/h4>\n<p data-start=\"737\" data-end=\"1066\">Los ni\u00f1os y ni\u00f1as de Infantil celebraron este d\u00eda tan significativo cantando y bailando la canci\u00f3n <strong data-start=\"836\" data-end=\"862\">\u201cLa mochila de la Paz\u201d<\/strong>, disfrutando de un momento lleno de alegr\u00eda y significado.<br data-start=\"921\" data-end=\"924\">Adem\u00e1s, realizaron un dibujo titulado <strong data-start=\"962\" data-end=\"985\">\u201cMi mochila de paz\u201d<\/strong>, en el que plasmaron aquello que consideran importante para convivir en armon\u00eda.<\/p>\n<h4 data-start=\"1068\" data-end=\"1102\">\ud83e\udde9 Primer Ciclo de Primaria<\/h4>\n<p data-start=\"1103\" data-end=\"1474\">El alumnado de Primer Ciclo construy\u00f3 un <strong data-start=\"1144\" data-end=\"1162\">Muro de la Paz<\/strong>, donde cada alumno y alumna dise\u00f1\u00f3 un ladrillo con mensajes relacionados con la paz y la buena convivencia.<br data-start=\"1270\" data-end=\"1273\">Tambi\u00e9n trabajaron el <strong data-start=\"1295\" data-end=\"1328\">cuento \u201cLa mochila de la Paz\u201d<\/strong>, realizaron un <strong data-start=\"1344\" data-end=\"1379\">debate sobre la paz en el mundo<\/strong> y pusieron el broche musical cantando <strong data-start=\"1418\" data-end=\"1451\">\u201cAma, ama y ensancha el alma\u201d<\/strong> del grupo Extremoduro.<\/p>\n<div id='gallery-1' class='gallery galleryid-3618 gallery-columns-3 gallery-size-medium'><figure class='gallery-item'>\n\t\t\t<div class='gallery-icon portrait'>\n\t\t\t\t<a href='https:\/\/blogsaverroes.juntadeandalucia.es\/ceipsaintsylvaindanjou\/2026\/01\/3618\/1er-ciclo-4\/'><img loading=\"lazy\" decoding=\"async\" width=\"211\" height=\"300\" src=\"https:\/\/blogsaverroes.juntadeandalucia.es\/ceipsaintsylvaindanjou\/files\/2026\/01\/1er-ciclo-4-211x300.png\" class=\"attachment-medium size-medium\" alt=\"\" srcset=\"https:\/\/blogsaverroes.juntadeandalucia.es\/ceipsaintsylvaindanjou\/files\/2026\/01\/1er-ciclo-4-211x300.png 211w, https:\/\/blogsaverroes.juntadeandalucia.es\/ceipsaintsylvaindanjou\/files\/2026\/01\/1er-ciclo-4.png 568w\" sizes=\"(max-width: 211px) 100vw, 211px\" \/><\/a>\n\t\t\t<\/div><\/figure><figure class='gallery-item'>\n\t\t\t<div class='gallery-icon landscape'>\n\t\t\t\t<a href='https:\/\/blogsaverroes.juntadeandalucia.es\/ceipsaintsylvaindanjou\/2026\/01\/3618\/1er-ciclo\/'><img loading=\"lazy\" decoding=\"async\" width=\"300\" height=\"225\" src=\"https:\/\/blogsaverroes.juntadeandalucia.es\/ceipsaintsylvaindanjou\/files\/2026\/01\/1er-ciclo-300x225.jpeg\" class=\"attachment-medium size-medium\" alt=\"\" srcset=\"https:\/\/blogsaverroes.juntadeandalucia.es\/ceipsaintsylvaindanjou\/files\/2026\/01\/1er-ciclo-300x225.jpeg 300w, https:\/\/blogsaverroes.juntadeandalucia.es\/ceipsaintsylvaindanjou\/files\/2026\/01\/1er-ciclo-1024x768.jpeg 1024w, https:\/\/blogsaverroes.juntadeandalucia.es\/ceipsaintsylvaindanjou\/files\/2026\/01\/1er-ciclo-768x576.jpeg 768w, https:\/\/blogsaverroes.juntadeandalucia.es\/ceipsaintsylvaindanjou\/files\/2026\/01\/1er-ciclo-1536x1152.jpeg 1536w, https:\/\/blogsaverroes.juntadeandalucia.es\/ceipsaintsylvaindanjou\/files\/2026\/01\/1er-ciclo.jpeg 1600w\" sizes=\"(max-width: 300px) 100vw, 300px\" \/><\/a>\n\t\t\t<\/div><\/figure><figure class='gallery-item'>\n\t\t\t<div class='gallery-icon portrait'>\n\t\t\t\t<a href='https:\/\/blogsaverroes.juntadeandalucia.es\/ceipsaintsylvaindanjou\/2026\/01\/3618\/1er-ciclo-2\/'><img loading=\"lazy\" decoding=\"async\" width=\"225\" height=\"300\" src=\"https:\/\/blogsaverroes.juntadeandalucia.es\/ceipsaintsylvaindanjou\/files\/2026\/01\/1er-ciclo-2-225x300.jpeg\" class=\"attachment-medium size-medium\" alt=\"\" srcset=\"https:\/\/blogsaverroes.juntadeandalucia.es\/ceipsaintsylvaindanjou\/files\/2026\/01\/1er-ciclo-2-225x300.jpeg 225w, https:\/\/blogsaverroes.juntadeandalucia.es\/ceipsaintsylvaindanjou\/files\/2026\/01\/1er-ciclo-2-768x1024.jpeg 768w, https:\/\/blogsaverroes.juntadeandalucia.es\/ceipsaintsylvaindanjou\/files\/2026\/01\/1er-ciclo-2-1152x1536.jpeg 1152w, https:\/\/blogsaverroes.juntadeandalucia.es\/ceipsaintsylvaindanjou\/files\/2026\/01\/1er-ciclo-2.jpeg 1200w\" sizes=\"(max-width: 225px) 100vw, 225px\" \/><\/a>\n\t\t\t<\/div><\/figure>\n\t\t<\/div>\n\n<h4 data-start=\"1476\" data-end=\"1511\">\ud83c\udf92 Segundo Ciclo de Primaria<\/h4>\n<p data-start=\"1512\" data-end=\"1887\">En Segundo Ciclo no quisieron ser menos y tambi\u00e9n realizaron la actividad <strong data-start=\"1558\" data-end=\"1584\">\u201cLa mochila de la paz\u201d<\/strong>, un dibujo en el que el alumnado incluy\u00f3 aquellos valores, actitudes y acciones que conducen a un mundo m\u00e1s pac\u00edfico.<br data-start=\"1702\" data-end=\"1705\">Adem\u00e1s, se cre\u00f3 un <strong data-start=\"1724\" data-end=\"1743\">Buz\u00f3n de la Paz<\/strong> y un <strong data-start=\"1749\" data-end=\"1784\">cuento sobre la paz en im\u00e1genes<\/strong>, que qued\u00f3 expuesto en el pasillo del centro para que toda la comunidad educativa pudiera disfrutarlo.<\/p>\n<div id='gallery-2' class='gallery galleryid-3618 gallery-columns-2 gallery-size-medium'><figure class='gallery-item'>\n\t\t\t<div class='gallery-icon landscape'>\n\t\t\t\t<a href='https:\/\/blogsaverroes.juntadeandalucia.es\/ceipsaintsylvaindanjou\/2026\/01\/3618\/segundo-ciclo-3\/'><img loading=\"lazy\" decoding=\"async\" width=\"300\" height=\"224\" src=\"https:\/\/blogsaverroes.juntadeandalucia.es\/ceipsaintsylvaindanjou\/files\/2026\/01\/Segundo-ciclo-3-300x224.jpeg\" class=\"attachment-medium size-medium\" alt=\"\" srcset=\"https:\/\/blogsaverroes.juntadeandalucia.es\/ceipsaintsylvaindanjou\/files\/2026\/01\/Segundo-ciclo-3-300x224.jpeg 300w, https:\/\/blogsaverroes.juntadeandalucia.es\/ceipsaintsylvaindanjou\/files\/2026\/01\/Segundo-ciclo-3-1024x766.jpeg 1024w, https:\/\/blogsaverroes.juntadeandalucia.es\/ceipsaintsylvaindanjou\/files\/2026\/01\/Segundo-ciclo-3-768x575.jpeg 768w, https:\/\/blogsaverroes.juntadeandalucia.es\/ceipsaintsylvaindanjou\/files\/2026\/01\/Segundo-ciclo-3-1536x1149.jpeg 1536w, https:\/\/blogsaverroes.juntadeandalucia.es\/ceipsaintsylvaindanjou\/files\/2026\/01\/Segundo-ciclo-3.jpeg 1600w\" sizes=\"(max-width: 300px) 100vw, 300px\" \/><\/a>\n\t\t\t<\/div><\/figure><figure class='gallery-item'>\n\t\t\t<div class='gallery-icon landscape'>\n\t\t\t\t<a href='https:\/\/blogsaverroes.juntadeandalucia.es\/ceipsaintsylvaindanjou\/2026\/01\/3618\/segundo-ciclo-4\/'><img loading=\"lazy\" decoding=\"async\" width=\"300\" height=\"224\" src=\"https:\/\/blogsaverroes.juntadeandalucia.es\/ceipsaintsylvaindanjou\/files\/2026\/01\/Segundo-ciclo-4-300x224.jpeg\" class=\"attachment-medium size-medium\" alt=\"\" srcset=\"https:\/\/blogsaverroes.juntadeandalucia.es\/ceipsaintsylvaindanjou\/files\/2026\/01\/Segundo-ciclo-4-300x224.jpeg 300w, https:\/\/blogsaverroes.juntadeandalucia.es\/ceipsaintsylvaindanjou\/files\/2026\/01\/Segundo-ciclo-4-1024x766.jpeg 1024w, https:\/\/blogsaverroes.juntadeandalucia.es\/ceipsaintsylvaindanjou\/files\/2026\/01\/Segundo-ciclo-4-768x575.jpeg 768w, https:\/\/blogsaverroes.juntadeandalucia.es\/ceipsaintsylvaindanjou\/files\/2026\/01\/Segundo-ciclo-4-1536x1149.jpeg 1536w, https:\/\/blogsaverroes.juntadeandalucia.es\/ceipsaintsylvaindanjou\/files\/2026\/01\/Segundo-ciclo-4.jpeg 1600w\" sizes=\"(max-width: 300px) 100vw, 300px\" \/><\/a>\n\t\t\t<\/div><\/figure>\n\t\t<\/div>\n\n<div id='gallery-3' class='gallery galleryid-3618 gallery-columns-3 gallery-size-medium'><figure class='gallery-item'>\n\t\t\t<div class='gallery-icon portrait'>\n\t\t\t\t<a href='https:\/\/blogsaverroes.juntadeandalucia.es\/ceipsaintsylvaindanjou\/2026\/01\/3618\/segundo-ciclo-2\/'><img loading=\"lazy\" decoding=\"async\" width=\"135\" height=\"300\" src=\"https:\/\/blogsaverroes.juntadeandalucia.es\/ceipsaintsylvaindanjou\/files\/2026\/01\/Segundo-ciclo-2-135x300.jpeg\" class=\"attachment-medium size-medium\" alt=\"\" srcset=\"https:\/\/blogsaverroes.juntadeandalucia.es\/ceipsaintsylvaindanjou\/files\/2026\/01\/Segundo-ciclo-2-135x300.jpeg 135w, https:\/\/blogsaverroes.juntadeandalucia.es\/ceipsaintsylvaindanjou\/files\/2026\/01\/Segundo-ciclo-2-461x1024.jpeg 461w, https:\/\/blogsaverroes.juntadeandalucia.es\/ceipsaintsylvaindanjou\/files\/2026\/01\/Segundo-ciclo-2-768x1708.jpeg 768w, https:\/\/blogsaverroes.juntadeandalucia.es\/ceipsaintsylvaindanjou\/files\/2026\/01\/Segundo-ciclo-2-691x1536.jpeg 691w, https:\/\/blogsaverroes.juntadeandalucia.es\/ceipsaintsylvaindanjou\/files\/2026\/01\/Segundo-ciclo-2.jpeg 720w\" sizes=\"(max-width: 135px) 100vw, 135px\" \/><\/a>\n\t\t\t<\/div><\/figure><figure class='gallery-item'>\n\t\t\t<div class='gallery-icon portrait'>\n\t\t\t\t<a href='https:\/\/blogsaverroes.juntadeandalucia.es\/ceipsaintsylvaindanjou\/2026\/01\/3618\/primer-ciclo-3-2\/'><img loading=\"lazy\" decoding=\"async\" width=\"225\" height=\"300\" src=\"https:\/\/blogsaverroes.juntadeandalucia.es\/ceipsaintsylvaindanjou\/files\/2026\/01\/Primer-ciclo-3-1-225x300.jpeg\" class=\"attachment-medium size-medium\" alt=\"\" srcset=\"https:\/\/blogsaverroes.juntadeandalucia.es\/ceipsaintsylvaindanjou\/files\/2026\/01\/Primer-ciclo-3-1-225x300.jpeg 225w, https:\/\/blogsaverroes.juntadeandalucia.es\/ceipsaintsylvaindanjou\/files\/2026\/01\/Primer-ciclo-3-1-768x1024.jpeg 768w, https:\/\/blogsaverroes.juntadeandalucia.es\/ceipsaintsylvaindanjou\/files\/2026\/01\/Primer-ciclo-3-1-1152x1536.jpeg 1152w, https:\/\/blogsaverroes.juntadeandalucia.es\/ceipsaintsylvaindanjou\/files\/2026\/01\/Primer-ciclo-3-1.jpeg 1200w\" sizes=\"(max-width: 225px) 100vw, 225px\" \/><\/a>\n\t\t\t<\/div><\/figure><figure class='gallery-item'>\n\t\t\t<div class='gallery-icon portrait'>\n\t\t\t\t<a href='https:\/\/blogsaverroes.juntadeandalucia.es\/ceipsaintsylvaindanjou\/2026\/01\/3618\/whatsapp-image-2026-01-30-at-14-16-08\/'><img loading=\"lazy\" decoding=\"async\" width=\"135\" height=\"300\" src=\"https:\/\/blogsaverroes.juntadeandalucia.es\/ceipsaintsylvaindanjou\/files\/2026\/01\/WhatsApp-Image-2026-01-30-at-14.16.08-135x300.jpeg\" class=\"attachment-medium size-medium\" alt=\"\" srcset=\"https:\/\/blogsaverroes.juntadeandalucia.es\/ceipsaintsylvaindanjou\/files\/2026\/01\/WhatsApp-Image-2026-01-30-at-14.16.08-135x300.jpeg 135w, https:\/\/blogsaverroes.juntadeandalucia.es\/ceipsaintsylvaindanjou\/files\/2026\/01\/WhatsApp-Image-2026-01-30-at-14.16.08-461x1024.jpeg 461w, https:\/\/blogsaverroes.juntadeandalucia.es\/ceipsaintsylvaindanjou\/files\/2026\/01\/WhatsApp-Image-2026-01-30-at-14.16.08-768x1708.jpeg 768w, https:\/\/blogsaverroes.juntadeandalucia.es\/ceipsaintsylvaindanjou\/files\/2026\/01\/WhatsApp-Image-2026-01-30-at-14.16.08-691x1536.jpeg 691w, https:\/\/blogsaverroes.juntadeandalucia.es\/ceipsaintsylvaindanjou\/files\/2026\/01\/WhatsApp-Image-2026-01-30-at-14.16.08.jpeg 720w\" sizes=\"(max-width: 135px) 100vw, 135px\" \/><\/a>\n\t\t\t<\/div><\/figure>\n\t\t<\/div>\n\n<p data-start=\"1512\" data-end=\"1887\">&nbsp;<\/p>\n<p data-start=\"1512\" data-end=\"1887\">\ud83c\udf99\ufe0f <strong>Tercer Ciclo de Primaria<\/strong><\/p>\n<p data-start=\"1925\" data-end=\"2182\">El alumnado de Tercer Ciclo fue el encargado de grabar el <strong data-start=\"1983\" data-end=\"2026\">segundo episodio de Radio Saint Sylvain<\/strong>, dedicando esta edici\u00f3n a reflexionar y hablar sobre la paz.<\/p>\n<p data-start=\"1925\" data-end=\"2182\"><a href=\"https:\/\/blogsaverroes.juntadeandalucia.es\/ceipsaintsylvaindanjou\/files\/2026\/01\/3er-ciclo.jpg\"><img loading=\"lazy\" decoding=\"async\" class=\"aligncenter size-large wp-image-3637\" src=\"https:\/\/blogsaverroes.juntadeandalucia.es\/ceipsaintsylvaindanjou\/files\/2026\/01\/3er-ciclo-1024x576.jpg\" alt=\"\" width=\"843\" height=\"474\" srcset=\"https:\/\/blogsaverroes.juntadeandalucia.es\/ceipsaintsylvaindanjou\/files\/2026\/01\/3er-ciclo-1024x576.jpg 1024w, https:\/\/blogsaverroes.juntadeandalucia.es\/ceipsaintsylvaindanjou\/files\/2026\/01\/3er-ciclo-300x169.jpg 300w, https:\/\/blogsaverroes.juntadeandalucia.es\/ceipsaintsylvaindanjou\/files\/2026\/01\/3er-ciclo-768x432.jpg 768w, https:\/\/blogsaverroes.juntadeandalucia.es\/ceipsaintsylvaindanjou\/files\/2026\/01\/3er-ciclo-1536x864.jpg 1536w, https:\/\/blogsaverroes.juntadeandalucia.es\/ceipsaintsylvaindanjou\/files\/2026\/01\/3er-ciclo-2048x1153.jpg 2048w, https:\/\/blogsaverroes.juntadeandalucia.es\/ceipsaintsylvaindanjou\/files\/2026\/01\/3er-ciclo.jpg 1600w\" sizes=\"(max-width: 843px) 100vw, 843px\" \/><\/a><\/p>\n<p data-start=\"1925\" data-end=\"2182\">Pod\u00e9is escuchar el programa haciendo clic en el siguiente enlace:<\/p>\n<p data-start=\"1925\" data-end=\"2182\">&nbsp;<\/p>\n<p style=\"text-align: center\" data-start=\"1925\" data-end=\"2182\">&nbsp;<\/p>\n<p style=\"text-align: center\" data-start=\"1925\" data-end=\"2182\"><strong><a title=\"Radio Saint Sylvain Episodio 2 \u2013 El d\u00eda de la Paz\" href=\"https:\/\/blogsaverroes.juntadeandalucia.es\/ceipsaintsylvaindanjou\/2026\/01\/radio-saint-sylvain-episodio-2-el-dia-de-la-paz\/\" target=\"_blank\" rel=\"noopener\">Radio Saint Sylvain Episodio 2 \u2013 El d\u00eda de la Paz<\/a><\/strong><\/p>\n<h4 data-start=\"2184\" data-end=\"2208\">&nbsp;<\/h4>\n<h4 data-start=\"2184\" data-end=\"2208\">\ud83c\udfb6 \u00c1rea de M\u00fasica<\/h4>\n<p data-start=\"2209\" data-end=\"2290\">Desde el \u00e1rea de M\u00fasica, la paz tambi\u00e9n ha sido protagonista en todos los ciclos:<\/p>\n<ul data-start=\"2291\" data-end=\"2794\">\n<li data-start=\"2291\" data-end=\"2418\">\n<p data-start=\"2293\" data-end=\"2418\"><strong data-start=\"2293\" data-end=\"2309\">Primer Ciclo<\/strong>: Visualizaci\u00f3n del cuento <em data-start=\"2336\" data-end=\"2367\">\u201cCantanieves y las 7 notitas\u201d<\/em>, baile de sus canciones y dibujo del mundo en paz.<\/p>\n<\/li>\n<li data-start=\"2419\" data-end=\"2594\">\n<p data-start=\"2421\" data-end=\"2594\"><strong data-start=\"2421\" data-end=\"2438\">Segundo Ciclo<\/strong>: Trabajo del cuento <em data-start=\"2459\" data-end=\"2489\">\u201cVivan las manos de colores\u201d<\/em>, analizando sus letras, bailando y coloreando manos de colores como s\u00edmbolo de diversidad y convivencia.<\/p>\n<\/li>\n<li data-start=\"2595\" data-end=\"2794\">\n<p data-start=\"2597\" data-end=\"2794\"><strong data-start=\"2597\" data-end=\"2613\">Tercer Ciclo<\/strong>: Interpretaci\u00f3n con la flauta del <strong data-start=\"2648\" data-end=\"2673\">\u201cHimno de la Alegr\u00eda\u201d<\/strong> de Beethoven, escuchando tambi\u00e9n la versi\u00f3n de Miguel R\u00edos, comentando su letra y completando la palabra ausente de la canci\u00f3n.<\/p>\n<\/li>\n<\/ul>\n<hr data-start=\"2796\" data-end=\"2799\">\n<p data-start=\"2801\" data-end=\"3024\">Desde el centro queremos felicitar a todo el alumnado y profesorado por su implicaci\u00f3n y recordar que <strong data-start=\"2903\" data-end=\"2955\">la paz se construye cada d\u00eda con peque\u00f1os gestos<\/strong>. \ud83d\udc99<\/p>\n<p data-start=\"2801\" data-end=\"3024\"><br data-start=\"2959\" data-end=\"2962\">Porque educar en valores hoy es sembrar un mundo mejor ma\u00f1ana.<\/p>\n","protected":false},"excerpt":{"rendered":"<p>\ud83d\udd4a\ufe0f D\u00eda Escolar de la Paz y la No Violencia en el CEIP Saint Sylvain d\u2019Anjou Con motivo del D\u00eda Escolar de la Paz y&hellip;<\/p>\n","protected":false},"author":11835,"featured_media":3639,"comment_status":"open","ping_status":"open","sticky":false,"template":"","format":"standard","meta":{"ngg_post_thumbnail":0,"footnotes":""},"categories":[2351662,526],"tags":[],"aioseo_notices":[],"_links":{"self":[{"href":"https:\/\/blogsaverroes.juntadeandalucia.es\/ceipsaintsylvaindanjou\/wp-json\/wp\/v2\/posts\/3618"}],"collection":[{"href":"https:\/\/blogsaverroes.juntadeandalucia.es\/ceipsaintsylvaindanjou\/wp-json\/wp\/v2\/posts"}],"about":[{"href":"https:\/\/blogsaverroes.juntadeandalucia.es\/ceipsaintsylvaindanjou\/wp-json\/wp\/v2\/types\/post"}],"author":[{"embeddable":true,"href":"https:\/\/blogsaverroes.juntadeandalucia.es\/ceipsaintsylvaindanjou\/wp-json\/wp\/v2\/users\/11835"}],"replies":[{"embeddable":true,"href":"https:\/\/blogsaverroes.juntadeandalucia.es\/ceipsaintsylvaindanjou\/wp-json\/wp\/v2\/comments?post=3618"}],"version-history":[{"count":9,"href":"https:\/\/blogsaverroes.juntadeandalucia.es\/ceipsaintsylvaindanjou\/wp-json\/wp\/v2\/posts\/3618\/revisions"}],"predecessor-version":[{"id":3651,"href":"https:\/\/blogsaverroes.juntadeandalucia.es\/ceipsaintsylvaindanjou\/wp-json\/wp\/v2\/posts\/3618\/revisions\/3651"}],"wp:featuredmedia":[{"embeddable":true,"href":"https:\/\/blogsaverroes.juntadeandalucia.es\/ceipsaintsylvaindanjou\/wp-json\/wp\/v2\/media\/3639"}],"wp:attachment":[{"href":"https:\/\/blogsaverroes.juntadeandalucia.es\/ceipsaintsylvaindanjou\/wp-json\/wp\/v2\/media?parent=3618"}],"wp:term":[{"taxonomy":"category","embeddable":true,"href":"https:\/\/blogsaverroes.juntadeandalucia.es\/ceipsaintsylvaindanjou\/wp-json\/wp\/v2\/categories?post=3618"},{"taxonomy":"post_tag","embeddable":true,"href":"https:\/\/blogsaverroes.juntadeandalucia.es\/ceipsaintsylvaindanjou\/wp-json\/wp\/v2\/tags?post=3618"}],"curies":[{"name":"wp","href":"https:\/\/api.w.org\/{rel}","templated":true}]}}