{"id":3079,"date":"2024-02-21T22:05:12","date_gmt":"2024-02-21T21:05:12","guid":{"rendered":"https:\/\/blogsaverroes.juntadeandalucia.es\/ceipsalvadorvinuesa\/?p=3079"},"modified":"2024-02-21T22:26:27","modified_gmt":"2024-02-21T21:26:27","slug":"tablon-de-igualdad","status":"publish","type":"post","link":"https:\/\/blogsaverroes.juntadeandalucia.es\/ceipsalvadorvinuesa\/tablon-de-igualdad\/","title":{"rendered":"Tabl\u00f3n de IGUALDAD"},"content":{"rendered":"<p>Como todos los a\u00f1os, nuestro tabl\u00f3n de Igualdad recoge informaci\u00f3n relevante sobre el Plan&nbsp; as\u00ed como sobre las actividades que realizamos.&nbsp;<\/p>\n<p>Os dejamos fotos para que pod\u00e1is observar c\u00f3mo evoluciona este curso nuestro rinconcito de Igualdad y coeducaci\u00f3n.<\/p>\n<p>La coordinadora. <img loading=\"lazy\" decoding=\"async\" class=\"aligncenter size-medium wp-image-3080\" src=\"https:\/\/blogsaverroes.juntadeandalucia.es\/ceipsalvadorvinuesa\/files\/2024\/02\/2024-02-21-11.41.26-300x225.jpg\" alt=\"\" width=\"300\" height=\"225\" srcset=\"https:\/\/blogsaverroes.juntadeandalucia.es\/ceipsalvadorvinuesa\/files\/2024\/02\/2024-02-21-11.41.26-300x225.jpg 300w, https:\/\/blogsaverroes.juntadeandalucia.es\/ceipsalvadorvinuesa\/files\/2024\/02\/2024-02-21-11.41.26-1024x768.jpg 1024w, https:\/\/blogsaverroes.juntadeandalucia.es\/ceipsalvadorvinuesa\/files\/2024\/02\/2024-02-21-11.41.26-768x576.jpg 768w, https:\/\/blogsaverroes.juntadeandalucia.es\/ceipsalvadorvinuesa\/files\/2024\/02\/2024-02-21-11.41.26-1536x1152.jpg 1536w, https:\/\/blogsaverroes.juntadeandalucia.es\/ceipsalvadorvinuesa\/files\/2024\/02\/2024-02-21-11.41.26-2048x1536.jpg 2048w, https:\/\/blogsaverroes.juntadeandalucia.es\/ceipsalvadorvinuesa\/files\/2024\/02\/2024-02-21-11.41.26-scaled.jpg 1600w\" sizes=\"(max-width: 300px) 100vw, 300px\" \/> <img loading=\"lazy\" decoding=\"async\" class=\"aligncenter size-medium wp-image-3081\" src=\"https:\/\/blogsaverroes.juntadeandalucia.es\/ceipsalvadorvinuesa\/files\/2024\/02\/2024-02-21-11.41.32-300x225.jpg\" alt=\"\" width=\"300\" height=\"225\" srcset=\"https:\/\/blogsaverroes.juntadeandalucia.es\/ceipsalvadorvinuesa\/files\/2024\/02\/2024-02-21-11.41.32-300x225.jpg 300w, https:\/\/blogsaverroes.juntadeandalucia.es\/ceipsalvadorvinuesa\/files\/2024\/02\/2024-02-21-11.41.32-1024x768.jpg 1024w, https:\/\/blogsaverroes.juntadeandalucia.es\/ceipsalvadorvinuesa\/files\/2024\/02\/2024-02-21-11.41.32-768x576.jpg 768w, https:\/\/blogsaverroes.juntadeandalucia.es\/ceipsalvadorvinuesa\/files\/2024\/02\/2024-02-21-11.41.32-1536x1152.jpg 1536w, https:\/\/blogsaverroes.juntadeandalucia.es\/ceipsalvadorvinuesa\/files\/2024\/02\/2024-02-21-11.41.32-2048x1536.jpg 2048w, https:\/\/blogsaverroes.juntadeandalucia.es\/ceipsalvadorvinuesa\/files\/2024\/02\/2024-02-21-11.41.32-scaled.jpg 1600w\" sizes=\"(max-width: 300px) 100vw, 300px\" \/> <img loading=\"lazy\" decoding=\"async\" class=\"aligncenter size-medium wp-image-3082\" src=\"https:\/\/blogsaverroes.juntadeandalucia.es\/ceipsalvadorvinuesa\/files\/2024\/02\/2024-02-21-11.41.35-300x225.jpg\" alt=\"\" width=\"300\" height=\"225\" srcset=\"https:\/\/blogsaverroes.juntadeandalucia.es\/ceipsalvadorvinuesa\/files\/2024\/02\/2024-02-21-11.41.35-300x225.jpg 300w, https:\/\/blogsaverroes.juntadeandalucia.es\/ceipsalvadorvinuesa\/files\/2024\/02\/2024-02-21-11.41.35-1024x768.jpg 1024w, https:\/\/blogsaverroes.juntadeandalucia.es\/ceipsalvadorvinuesa\/files\/2024\/02\/2024-02-21-11.41.35-768x576.jpg 768w, https:\/\/blogsaverroes.juntadeandalucia.es\/ceipsalvadorvinuesa\/files\/2024\/02\/2024-02-21-11.41.35-1536x1152.jpg 1536w, https:\/\/blogsaverroes.juntadeandalucia.es\/ceipsalvadorvinuesa\/files\/2024\/02\/2024-02-21-11.41.35-2048x1536.jpg 2048w, https:\/\/blogsaverroes.juntadeandalucia.es\/ceipsalvadorvinuesa\/files\/2024\/02\/2024-02-21-11.41.35-scaled.jpg 1600w\" sizes=\"(max-width: 300px) 100vw, 300px\" \/><\/p>\n","protected":false},"excerpt":{"rendered":"<p>Como todos los a\u00f1os, nuestro tabl\u00f3n de Igualdad recoge informaci\u00f3n relevante sobre el Plan&nbsp; as\u00ed como sobre las actividades que realizamos.&nbsp; Os dejamos fotos para que pod\u00e1is observar c\u00f3mo evoluciona este curso nuestro rinconcito de Igualdad y coeducaci\u00f3n. La coordinadora.<\/p>\n","protected":false},"author":9442,"featured_media":2664,"comment_status":"closed","ping_status":"open","sticky":false,"template":"","format":"standard","meta":{"ngg_post_thumbnail":0,"footnotes":""},"categories":[2351650],"tags":[],"aioseo_notices":[],"_links":{"self":[{"href":"https:\/\/blogsaverroes.juntadeandalucia.es\/ceipsalvadorvinuesa\/wp-json\/wp\/v2\/posts\/3079"}],"collection":[{"href":"https:\/\/blogsaverroes.juntadeandalucia.es\/ceipsalvadorvinuesa\/wp-json\/wp\/v2\/posts"}],"about":[{"href":"https:\/\/blogsaverroes.juntadeandalucia.es\/ceipsalvadorvinuesa\/wp-json\/wp\/v2\/types\/post"}],"author":[{"embeddable":true,"href":"https:\/\/blogsaverroes.juntadeandalucia.es\/ceipsalvadorvinuesa\/wp-json\/wp\/v2\/users\/9442"}],"replies":[{"embeddable":true,"href":"https:\/\/blogsaverroes.juntadeandalucia.es\/ceipsalvadorvinuesa\/wp-json\/wp\/v2\/comments?post=3079"}],"version-history":[{"count":1,"href":"https:\/\/blogsaverroes.juntadeandalucia.es\/ceipsalvadorvinuesa\/wp-json\/wp\/v2\/posts\/3079\/revisions"}],"predecessor-version":[{"id":3083,"href":"https:\/\/blogsaverroes.juntadeandalucia.es\/ceipsalvadorvinuesa\/wp-json\/wp\/v2\/posts\/3079\/revisions\/3083"}],"wp:featuredmedia":[{"embeddable":true,"href":"https:\/\/blogsaverroes.juntadeandalucia.es\/ceipsalvadorvinuesa\/wp-json\/wp\/v2\/media\/2664"}],"wp:attachment":[{"href":"https:\/\/blogsaverroes.juntadeandalucia.es\/ceipsalvadorvinuesa\/wp-json\/wp\/v2\/media?parent=3079"}],"wp:term":[{"taxonomy":"category","embeddable":true,"href":"https:\/\/blogsaverroes.juntadeandalucia.es\/ceipsalvadorvinuesa\/wp-json\/wp\/v2\/categories?post=3079"},{"taxonomy":"post_tag","embeddable":true,"href":"https:\/\/blogsaverroes.juntadeandalucia.es\/ceipsalvadorvinuesa\/wp-json\/wp\/v2\/tags?post=3079"}],"curies":[{"name":"wp","href":"https:\/\/api.w.org\/{rel}","templated":true}]}}