{"id":3717,"date":"2025-09-22T16:42:42","date_gmt":"2025-09-22T15:42:42","guid":{"rendered":"https:\/\/blogsaverroes.juntadeandalucia.es\/ceipsalvadorvinuesa\/?p=3717"},"modified":"2025-12-09T13:03:06","modified_gmt":"2025-12-09T12:03:06","slug":"programa-equidad-2024-2025","status":"publish","type":"post","link":"https:\/\/blogsaverroes.juntadeandalucia.es\/ceipsalvadorvinuesa\/programa-equidad-2024-2025\/","title":{"rendered":"Programa +Equidad (2024-2025)"},"content":{"rendered":"<p style=\"text-align: justify\">\u00a1Hola, familias del CEIP Salvador Vinuesa!<\/p>\n<p style=\"text-align: justify\">Con gran ilusi\u00f3n, compartimos con vosotros una serie de videos que recogen el trabajo tan valioso que estamos realizando en nuestro centro a trav\u00e9s del Plan Docente \u201c+Equidad\u201d.<\/p>\n<p style=\"text-align: justify\">Como sab\u00e9is, en nuestra comunidad educativa creemos firmemente en una educaci\u00f3n que abraza a todos y cada uno de nuestros alumnos y alumnas. Este programa nos permite potenciar nuestra cultura inclusiva y seguir mejorando en la atenci\u00f3n a la diversidad.<\/p>\n<p style=\"text-align: justify\">Gracias a la l\u00ednea de actuaci\u00f3n \u201cM\u00e1s Equidad INCLUSI\u00d3N\u201d, estamos desarrollando medidas innovadoras y recursos que contribuyen directamente al aprendizaje y al desarrollo de competencias de nuestro alumnado. En especial, queremos que las familias de nuestra aula espec\u00edfica ve\u00e1is reflejado el esfuerzo y la dedicaci\u00f3n para garantizar una accesibilidad total y un desarrollo integral para vuestros hijos e hijas.<\/p>\n<p style=\"text-align: justify\">Este plan no solo nos ayuda a mejorar los recursos en el aula, sino que tambi\u00e9n fomenta el respeto, la autonom\u00eda, la responsabilidad y el trabajo en equipo, preparando a nuestros estudiantes para la vida.<\/p>\n<p style=\"text-align: justify\">Os animamos a ver los videos que hemos preparado. Son un reflejo de las experiencias innovadoras y activas que se llevan a cabo en el colegio, con el objetivo de que nuestros ni\u00f1os y ni\u00f1as sigan creciendo, aprendiendo y participando activamente en su educaci\u00f3n.<\/p>\n<p style=\"text-align: justify\">Esperamos que disfrut\u00e9is de estas im\u00e1genes tanto como nosotros disfrutamos del trabajo diario con vuestros hijos.<\/p>\n<p style=\"text-align: justify\">\u00a1Un saludo muy afectuoso&nbsp;para&nbsp;todos!<\/p>\n<p style=\"text-align: justify\"><strong>TALLER OTO\u00d1O<\/strong><\/p>\n<p style=\"text-align: justify\">Arrancamos el proyecto + Equidad con nuestro cl\u00e1sico taller de oto\u00f1o que nos permiti\u00f3 abordar los aprendizajes programados en torno a la autonom\u00eda personal partiendo de una situaci\u00f3n real de compra y de elaboraci\u00f3n de un desayuno saludable.&nbsp;<\/p>\n<div style=\"width: 1080px;\" class=\"wp-video\"><!--[if lt IE 9]><script>document.createElement('video');<\/script><![endif]-->\n<video class=\"wp-video-shortcode\" id=\"video-3717-1\" width=\"1080\" height=\"1080\" preload=\"metadata\" controls=\"controls\"><source type=\"video\/mp4\" src=\"https:\/\/blogsaverroes.juntadeandalucia.es\/ceipsalvadorvinuesa\/files\/2025\/09\/1-EQUIDAD-TALLER-OTONO-DEFINITIVO.mp4?_=1\" \/><a href=\"https:\/\/blogsaverroes.juntadeandalucia.es\/ceipsalvadorvinuesa\/files\/2025\/09\/1-EQUIDAD-TALLER-OTONO-DEFINITIVO.mp4\">https:\/\/blogsaverroes.juntadeandalucia.es\/ceipsalvadorvinuesa\/files\/2025\/09\/1-EQUIDAD-TALLER-OTONO-DEFINITIVO.mp4<\/a><\/video><\/div>\n<hr>\n<p style=\"text-align: justify\"><strong>TALLER DE HALLOWEEN<\/strong><\/p>\n<p style=\"text-align: justify\">Un curso m\u00e1s participamos en todas las actividades para conmemorar Halloween (fiesta de disfraces, concurso de invitaciones, visita al t\u00fanel del terror, decoraci\u00f3n del aula \u2026) programadas por la coordinaci\u00f3n biling\u00fce del centro. Iniciamos el taller con una nueva salida al supermercado para comprar los ingredientes con los que elaboramos galletitas monstruosas y una tarta de lo m\u00e1s terror\u00edfica de las que dimos buena cuenta en la fiesta de disfraces. En estas salidas somos cada vez m\u00e1s aut\u00f3nomos\/as gracias a la interiorizaci\u00f3n de las normas para realizar compras vivenciadas en contextos reales.<\/p>\n<div style=\"width: 1080px;\" class=\"wp-video\"><video class=\"wp-video-shortcode\" id=\"video-3717-2\" width=\"1080\" height=\"1080\" preload=\"metadata\" controls=\"controls\"><source type=\"video\/mp4\" src=\"https:\/\/blogsaverroes.juntadeandalucia.es\/ceipsalvadorvinuesa\/files\/2025\/09\/2-EQUIDAD-HALLOWEEN-DEFINITIVO.mp4?_=2\" \/><a href=\"https:\/\/blogsaverroes.juntadeandalucia.es\/ceipsalvadorvinuesa\/files\/2025\/09\/2-EQUIDAD-HALLOWEEN-DEFINITIVO.mp4\">https:\/\/blogsaverroes.juntadeandalucia.es\/ceipsalvadorvinuesa\/files\/2025\/09\/2-EQUIDAD-HALLOWEEN-DEFINITIVO.mp4<\/a><\/video><\/div>\n<hr>\n<p style=\"text-align: justify\"><strong>D\u00cdA DE LA DISCAPACIDAD<\/strong><\/p>\n<p style=\"text-align: justify\">En diciembre desarrollamos la Situaci\u00f3n de aprendizaje \u201cIntegrARTE\u201d partiendo de las actividades basadas en las propuestas de Herv\u00e9 Tullet, nos permitieron conmemorar el d\u00eda de las personas con discapacidad realizando diversos talleres de inclusi\u00f3n inversa con los que fomentamos la expresi\u00f3n pl\u00e1stica, el desarrollo de la creatividad de forma cooperativa y la promoci\u00f3n de una cultura inclusiva en el centro. Se llevaron a cabo mediante sesiones de inclusi\u00f3n inversa con alumnado de los grupos-clase de referencia en las que colaboramos para la creaci\u00f3n de obras de arte colectivas sin barreras.<\/p>\n<div style=\"width: 960px;\" class=\"wp-video\"><video class=\"wp-video-shortcode\" id=\"video-3717-3\" width=\"960\" height=\"960\" preload=\"metadata\" controls=\"controls\"><source type=\"video\/mp4\" src=\"https:\/\/blogsaverroes.juntadeandalucia.es\/ceipsalvadorvinuesa\/files\/2025\/09\/3-EQUIDAD-DEF-DIA-DE-LA-DISCAPACIDAD.mp4?_=3\" \/><a href=\"https:\/\/blogsaverroes.juntadeandalucia.es\/ceipsalvadorvinuesa\/files\/2025\/09\/3-EQUIDAD-DEF-DIA-DE-LA-DISCAPACIDAD.mp4\">https:\/\/blogsaverroes.juntadeandalucia.es\/ceipsalvadorvinuesa\/files\/2025\/09\/3-EQUIDAD-DEF-DIA-DE-LA-DISCAPACIDAD.mp4<\/a><\/video><\/div>\n<hr>\n<p style=\"text-align: justify\"><strong>TALLER DE INVIERNO<\/strong><\/p>\n<p style=\"text-align: justify\">La Situaci\u00f3n de aprendizaje \u201cEl invierno\u201d tuvo como producto final un taller sensorial en el que creamos un minimundo polar, elaboramos nieve artificial y bolsas sensoriales con elementos fluorescentes que activamos con las linternas de luz ultravioleta.<\/p>\n<div style=\"width: 960px;\" class=\"wp-video\"><video class=\"wp-video-shortcode\" id=\"video-3717-4\" width=\"960\" height=\"960\" preload=\"metadata\" controls=\"controls\"><source type=\"video\/mp4\" src=\"https:\/\/blogsaverroes.juntadeandalucia.es\/ceipsalvadorvinuesa\/files\/2025\/09\/5-EQUIDAD-DEF-TALLER-DE-INVIERNO.mp4?_=4\" \/><a href=\"https:\/\/blogsaverroes.juntadeandalucia.es\/ceipsalvadorvinuesa\/files\/2025\/09\/5-EQUIDAD-DEF-TALLER-DE-INVIERNO.mp4\">https:\/\/blogsaverroes.juntadeandalucia.es\/ceipsalvadorvinuesa\/files\/2025\/09\/5-EQUIDAD-DEF-TALLER-DE-INVIERNO.mp4<\/a><\/video><\/div>\n<hr>\n<p style=\"text-align: justify\"><strong>EXPERIENCIAS EN EL AULA MULTISENSORIAL<\/strong><\/p>\n<p style=\"text-align: justify\">A lo largo de todo el curso, desarrollamos actividades de relajaci\u00f3n y juego libre con materiales que estimulan la exploraci\u00f3n y el descubrimiento a trav\u00e9s de los sentidos, as\u00ed como otras m\u00e1s estructuradas vinculadas a las estaciones del a\u00f1o dirigidas a construir aprendizajes mediante provocaciones de juego y vivencias sensoriales.<\/p>\n<div style=\"width: 960px;\" class=\"wp-video\"><video class=\"wp-video-shortcode\" id=\"video-3717-5\" width=\"960\" height=\"960\" preload=\"metadata\" controls=\"controls\"><source type=\"video\/mp4\" src=\"https:\/\/blogsaverroes.juntadeandalucia.es\/ceipsalvadorvinuesa\/files\/2025\/09\/4-EQUIDAD-DEF-AULA-MULTISENSORIAL.mp4?_=5\" \/><a href=\"https:\/\/blogsaverroes.juntadeandalucia.es\/ceipsalvadorvinuesa\/files\/2025\/09\/4-EQUIDAD-DEF-AULA-MULTISENSORIAL.mp4\">https:\/\/blogsaverroes.juntadeandalucia.es\/ceipsalvadorvinuesa\/files\/2025\/09\/4-EQUIDAD-DEF-AULA-MULTISENSORIAL.mp4<\/a><\/video><\/div>\n<hr>\n<p style=\"text-align: justify\"><strong>APRENDEMOS JUEGOS DE REGLAS<\/strong><\/p>\n<p style=\"text-align: justify\">El juego como elemento motivador y fuente de aprendizaje cognitivo, emocional y social est\u00e1 muy presente en nuestro d\u00eda a d\u00eda. En el marco del programa + Equidad hemos seguido avanzando en el juego de reglas.<\/p>\n<div style=\"width: 960px;\" class=\"wp-video\"><video class=\"wp-video-shortcode\" id=\"video-3717-6\" width=\"960\" height=\"960\" preload=\"metadata\" controls=\"controls\"><source type=\"video\/mp4\" src=\"https:\/\/blogsaverroes.juntadeandalucia.es\/ceipsalvadorvinuesa\/files\/2025\/09\/6-EQUIDAD-DEF-JUEGOS-DE-MESA.mp4?_=6\" \/><a href=\"https:\/\/blogsaverroes.juntadeandalucia.es\/ceipsalvadorvinuesa\/files\/2025\/09\/6-EQUIDAD-DEF-JUEGOS-DE-MESA.mp4\">https:\/\/blogsaverroes.juntadeandalucia.es\/ceipsalvadorvinuesa\/files\/2025\/09\/6-EQUIDAD-DEF-JUEGOS-DE-MESA.mp4<\/a><\/video><\/div>\n<hr>\n<p style=\"text-align: justify\"><strong>OTRAS ACTIVIDADES<\/strong><\/p>\n<p style=\"text-align: justify\">Otras actividades que hemos podido realizar gracias a la financiaci\u00f3n del programa+ Equidad inclusi\u00f3n han sido las de iniciaci\u00f3n a la rob\u00f3tica, la asistencia a las representaciones teatrales \u201cUn pez en el coraz\u00f3n\u201d en el Teatro G\u00f3ngora y \u201cMujeres Con-ciencia\u201d en el centro C\u00edvico, una salida al multicines el Tablero para disfrutar de \u201cPolican\u201d y un taller de alfarer\u00eda tradicional.<\/p>\n<div style=\"width: 960px;\" class=\"wp-video\"><video class=\"wp-video-shortcode\" id=\"video-3717-7\" width=\"960\" height=\"960\" preload=\"metadata\" controls=\"controls\"><source type=\"video\/mp4\" src=\"https:\/\/blogsaverroes.juntadeandalucia.es\/ceipsalvadorvinuesa\/files\/2025\/09\/7-EQUIDAD-DEF-OTRAS.mp4?_=7\" \/><a href=\"https:\/\/blogsaverroes.juntadeandalucia.es\/ceipsalvadorvinuesa\/files\/2025\/09\/7-EQUIDAD-DEF-OTRAS.mp4\">https:\/\/blogsaverroes.juntadeandalucia.es\/ceipsalvadorvinuesa\/files\/2025\/09\/7-EQUIDAD-DEF-OTRAS.mp4<\/a><\/video><\/div>\n<hr>\n<p style=\"text-align: justify\"><strong>VISITAS MENSUALES AL ZOO<\/strong><\/p>\n<p style=\"text-align: justify\">A lo largo del curso hemos continuado participando mensualmente en el programa para aulas espec\u00edficas del zoo de C\u00f3rdoba en el marco de los programas educativos municipales. Nos han ayudado a progresar en la adquisici\u00f3n de habilidades vinculadas al ODS 15 que busca proteger los ecosistemas terrestres. Gracias a estas visitas nuestro alumnado se ha familiarizado con el cuidado de los animales al tiempo que desarrollaba su autonom\u00eda y se ha sensibilizado en valores de protecci\u00f3n del medio ambiente que los ayudar\u00e1n en el ejercicio de una ciudadan\u00eda responsable.<\/p>\n<div style=\"width: 960px;\" class=\"wp-video\"><video class=\"wp-video-shortcode\" id=\"video-3717-8\" width=\"960\" height=\"960\" preload=\"metadata\" controls=\"controls\"><source type=\"video\/mp4\" src=\"https:\/\/blogsaverroes.juntadeandalucia.es\/ceipsalvadorvinuesa\/files\/2025\/09\/8-EQUIDAD-DEF-ZOO.mp4?_=8\" \/><a href=\"https:\/\/blogsaverroes.juntadeandalucia.es\/ceipsalvadorvinuesa\/files\/2025\/09\/8-EQUIDAD-DEF-ZOO.mp4\">https:\/\/blogsaverroes.juntadeandalucia.es\/ceipsalvadorvinuesa\/files\/2025\/09\/8-EQUIDAD-DEF-ZOO.mp4<\/a><\/video><\/div>\n<hr>\n<p style=\"text-align: justify\"><strong>AVENTURA EN EL R\u00cdO GUADALQUIVIR<\/strong><\/p>\n<p style=\"text-align: justify\">La Situaci\u00f3n de aprendizaje \u201cAventura en el r\u00edo Guadalquivir\u201d nos ha ayudado a reconocer y describir algunas aves acu\u00e1ticas, peces y peque\u00f1os mam\u00edferos del r\u00edo, as\u00ed como a conocer el entorno natural e hist\u00f3rico de este a trav\u00e9s de una visita guiada por el alumnado de 6\u00ba C.<\/p>\n<div style=\"width: 960px;\" class=\"wp-video\"><video class=\"wp-video-shortcode\" id=\"video-3717-9\" width=\"960\" height=\"960\" preload=\"metadata\" controls=\"controls\"><source type=\"video\/mp4\" src=\"https:\/\/blogsaverroes.juntadeandalucia.es\/ceipsalvadorvinuesa\/files\/2025\/09\/10-EQUIDAD-SEMANA-CULTURAL.mp4?_=9\" \/><a href=\"https:\/\/blogsaverroes.juntadeandalucia.es\/ceipsalvadorvinuesa\/files\/2025\/09\/10-EQUIDAD-SEMANA-CULTURAL.mp4\">https:\/\/blogsaverroes.juntadeandalucia.es\/ceipsalvadorvinuesa\/files\/2025\/09\/10-EQUIDAD-SEMANA-CULTURAL.mp4<\/a><\/video><\/div>\n<hr>\n<p style=\"text-align: justify\"><strong>DESCUBRIMOS Y SENTIMOS LA PRIMAVERA<\/strong><\/p>\n<p style=\"text-align: justify\">Esta Situaci\u00f3n de aprendizaje nos ha dado la oportunidad de realizar tareas de siembra y recolecci\u00f3n en el \u201cPequehuerto\u201d municipal del Centro de Educaci\u00f3n Ambiental, investigar sobre las plantas del huerto de nuestro cole, realizar estampaci\u00f3n en telas con las flores recolectadas, conocer a qu\u00e9 huelen nuestros patios y experimentar con bandejas sensoriales.<\/p>\n<div style=\"width: 960px;\" class=\"wp-video\"><video class=\"wp-video-shortcode\" id=\"video-3717-10\" width=\"960\" height=\"960\" preload=\"metadata\" controls=\"controls\"><source type=\"video\/mp4\" src=\"https:\/\/blogsaverroes.juntadeandalucia.es\/ceipsalvadorvinuesa\/files\/2025\/09\/9-EQUIDAD-DEF-TALLER-DE-PRIMAVERA.mp4?_=10\" \/><a href=\"https:\/\/blogsaverroes.juntadeandalucia.es\/ceipsalvadorvinuesa\/files\/2025\/09\/9-EQUIDAD-DEF-TALLER-DE-PRIMAVERA.mp4\">https:\/\/blogsaverroes.juntadeandalucia.es\/ceipsalvadorvinuesa\/files\/2025\/09\/9-EQUIDAD-DEF-TALLER-DE-PRIMAVERA.mp4<\/a><\/video><\/div>\n","protected":false},"excerpt":{"rendered":"<p>\u00a1Hola, familias del CEIP Salvador Vinuesa! Con gran ilusi\u00f3n, compartimos con vosotros una serie de videos que recogen el trabajo tan valioso que estamos realizando en nuestro centro a trav\u00e9s del Plan Docente \u201c+Equidad\u201d. Como sab\u00e9is, en nuestra comunidad educativa creemos firmemente en una educaci\u00f3n que abraza a todos y cada uno de nuestros alumnos &hellip; <\/p>\n<p><a class=\"more-link btn\" href=\"https:\/\/blogsaverroes.juntadeandalucia.es\/ceipsalvadorvinuesa\/programa-equidad-2024-2025\/\">Seguir leyendo<\/a><\/p>\n","protected":false},"author":9442,"featured_media":3763,"comment_status":"closed","ping_status":"open","sticky":false,"template":"","format":"standard","meta":{"ngg_post_thumbnail":0,"footnotes":""},"categories":[2351770,33096],"tags":[],"aioseo_notices":[],"_links":{"self":[{"href":"https:\/\/blogsaverroes.juntadeandalucia.es\/ceipsalvadorvinuesa\/wp-json\/wp\/v2\/posts\/3717"}],"collection":[{"href":"https:\/\/blogsaverroes.juntadeandalucia.es\/ceipsalvadorvinuesa\/wp-json\/wp\/v2\/posts"}],"about":[{"href":"https:\/\/blogsaverroes.juntadeandalucia.es\/ceipsalvadorvinuesa\/wp-json\/wp\/v2\/types\/post"}],"author":[{"embeddable":true,"href":"https:\/\/blogsaverroes.juntadeandalucia.es\/ceipsalvadorvinuesa\/wp-json\/wp\/v2\/users\/9442"}],"replies":[{"embeddable":true,"href":"https:\/\/blogsaverroes.juntadeandalucia.es\/ceipsalvadorvinuesa\/wp-json\/wp\/v2\/comments?post=3717"}],"version-history":[{"count":6,"href":"https:\/\/blogsaverroes.juntadeandalucia.es\/ceipsalvadorvinuesa\/wp-json\/wp\/v2\/posts\/3717\/revisions"}],"predecessor-version":[{"id":3733,"href":"https:\/\/blogsaverroes.juntadeandalucia.es\/ceipsalvadorvinuesa\/wp-json\/wp\/v2\/posts\/3717\/revisions\/3733"}],"wp:featuredmedia":[{"embeddable":true,"href":"https:\/\/blogsaverroes.juntadeandalucia.es\/ceipsalvadorvinuesa\/wp-json\/wp\/v2\/media\/3763"}],"wp:attachment":[{"href":"https:\/\/blogsaverroes.juntadeandalucia.es\/ceipsalvadorvinuesa\/wp-json\/wp\/v2\/media?parent=3717"}],"wp:term":[{"taxonomy":"category","embeddable":true,"href":"https:\/\/blogsaverroes.juntadeandalucia.es\/ceipsalvadorvinuesa\/wp-json\/wp\/v2\/categories?post=3717"},{"taxonomy":"post_tag","embeddable":true,"href":"https:\/\/blogsaverroes.juntadeandalucia.es\/ceipsalvadorvinuesa\/wp-json\/wp\/v2\/tags?post=3717"}],"curies":[{"name":"wp","href":"https:\/\/api.w.org\/{rel}","templated":true}]}}