{"id":1896,"date":"2025-11-17T11:03:12","date_gmt":"2025-11-17T10:03:12","guid":{"rendered":"https:\/\/blogsaverroes.juntadeandalucia.es\/ceipsanagustinecija\/?p=1896"},"modified":"2025-11-17T11:14:49","modified_gmt":"2025-11-17T10:14:49","slug":"dia-del-flamenco-2","status":"publish","type":"post","link":"https:\/\/blogsaverroes.juntadeandalucia.es\/ceipsanagustinecija\/dia-del-flamenco-2\/","title":{"rendered":"D\u00cdA DEL FLAMENCO"},"content":{"rendered":"<p>Nuestro \u00e1rbol del Flamenco<\/p>\n<p>Los alumnos de tercero y cuarto de nuestro colegio han demostrado su pasi\u00f3n y creatividad al elaborar un mural para celebrar el D\u00eda del Flamenco.&nbsp;<\/p>\n<p>El mural, titulado &#8220;El \u00e1rbol del Flamenco&#8221;, muestra como eje y tronco del \u00e1rbol la guitarra espa\u00f1ola y a trav\u00e9s de sus ramas que la componen los distintos palos del flamenco, se muestran muchos de los elementos caracter\u00edsticos.&nbsp;<\/p>\n<p>El mural es un hermoso ejemplo de la creatividad y el talento de los alumnos de tercero y cuarto, y es un recordatorio de la importancia de la cultura y la tradici\u00f3n en nuestra vida diaria.&nbsp;<\/p>\n<p>\u00a1Feliz d\u00eda del Flamenco!<\/p>\n<p><img loading=\"lazy\" decoding=\"async\" class=\"wp-image-1904 aligncenter\" src=\"https:\/\/blogsaverroes.juntadeandalucia.es\/ceipsanagustinecija\/files\/2025\/11\/FB_IMG_1763372596375-724x1024.jpg\" alt=\"\" width=\"448\" height=\"634\" srcset=\"https:\/\/blogsaverroes.juntadeandalucia.es\/ceipsanagustinecija\/files\/2025\/11\/FB_IMG_1763372596375-724x1024.jpg 724w, https:\/\/blogsaverroes.juntadeandalucia.es\/ceipsanagustinecija\/files\/2025\/11\/FB_IMG_1763372596375-212x300.jpg 212w, https:\/\/blogsaverroes.juntadeandalucia.es\/ceipsanagustinecija\/files\/2025\/11\/FB_IMG_1763372596375-768x1086.jpg 768w, https:\/\/blogsaverroes.juntadeandalucia.es\/ceipsanagustinecija\/files\/2025\/11\/FB_IMG_1763372596375-1086x1536.jpg 1086w, https:\/\/blogsaverroes.juntadeandalucia.es\/ceipsanagustinecija\/files\/2025\/11\/FB_IMG_1763372596375.jpg 1131w\" sizes=\"(max-width: 448px) 85vw, 448px\" \/>&nbsp;<\/p>\n<p><img loading=\"lazy\" decoding=\"async\" class=\" wp-image-1911 aligncenter\" src=\"https:\/\/blogsaverroes.juntadeandalucia.es\/ceipsanagustinecija\/files\/2025\/11\/Diseno-sin-titulo-1024x819.png\" alt=\"\" width=\"944\" height=\"755\" srcset=\"https:\/\/blogsaverroes.juntadeandalucia.es\/ceipsanagustinecija\/files\/2025\/11\/Diseno-sin-titulo-1024x819.png 1024w, https:\/\/blogsaverroes.juntadeandalucia.es\/ceipsanagustinecija\/files\/2025\/11\/Diseno-sin-titulo-300x240.png 300w, https:\/\/blogsaverroes.juntadeandalucia.es\/ceipsanagustinecija\/files\/2025\/11\/Diseno-sin-titulo-768x614.png 768w, https:\/\/blogsaverroes.juntadeandalucia.es\/ceipsanagustinecija\/files\/2025\/11\/Diseno-sin-titulo-1536x1229.png 1536w, https:\/\/blogsaverroes.juntadeandalucia.es\/ceipsanagustinecija\/files\/2025\/11\/Diseno-sin-titulo.png 2000w\" sizes=\"(max-width: 709px) 85vw, (max-width: 909px) 67vw, (max-width: 1362px) 62vw, 840px\" \/> <img loading=\"lazy\" decoding=\"async\" class=\" wp-image-1903 aligncenter\" src=\"https:\/\/blogsaverroes.juntadeandalucia.es\/ceipsanagustinecija\/files\/2025\/11\/FB_IMG_1763372599664-1024x768.jpg\" alt=\"\" width=\"971\" height=\"728\" srcset=\"https:\/\/blogsaverroes.juntadeandalucia.es\/ceipsanagustinecija\/files\/2025\/11\/FB_IMG_1763372599664-1024x768.jpg 1024w, https:\/\/blogsaverroes.juntadeandalucia.es\/ceipsanagustinecija\/files\/2025\/11\/FB_IMG_1763372599664-300x225.jpg 300w, https:\/\/blogsaverroes.juntadeandalucia.es\/ceipsanagustinecija\/files\/2025\/11\/FB_IMG_1763372599664-768x576.jpg 768w, https:\/\/blogsaverroes.juntadeandalucia.es\/ceipsanagustinecija\/files\/2025\/11\/FB_IMG_1763372599664-1536x1152.jpg 1536w, https:\/\/blogsaverroes.juntadeandalucia.es\/ceipsanagustinecija\/files\/2025\/11\/FB_IMG_1763372599664.jpg 2048w\" sizes=\"(max-width: 709px) 85vw, (max-width: 909px) 67vw, (max-width: 1362px) 62vw, 840px\" \/> <img loading=\"lazy\" decoding=\"async\" class=\" wp-image-1907 aligncenter\" src=\"https:\/\/blogsaverroes.juntadeandalucia.es\/ceipsanagustinecija\/files\/2025\/11\/FB_IMG_1763372597803-1024x808.jpg\" alt=\"\" width=\"976\" height=\"770\" srcset=\"https:\/\/blogsaverroes.juntadeandalucia.es\/ceipsanagustinecija\/files\/2025\/11\/FB_IMG_1763372597803-1024x808.jpg 1024w, https:\/\/blogsaverroes.juntadeandalucia.es\/ceipsanagustinecija\/files\/2025\/11\/FB_IMG_1763372597803-300x237.jpg 300w, https:\/\/blogsaverroes.juntadeandalucia.es\/ceipsanagustinecija\/files\/2025\/11\/FB_IMG_1763372597803-768x606.jpg 768w, https:\/\/blogsaverroes.juntadeandalucia.es\/ceipsanagustinecija\/files\/2025\/11\/FB_IMG_1763372597803-1536x1212.jpg 1536w, https:\/\/blogsaverroes.juntadeandalucia.es\/ceipsanagustinecija\/files\/2025\/11\/FB_IMG_1763372597803.jpg 1726w\" sizes=\"(max-width: 709px) 85vw, (max-width: 909px) 67vw, (max-width: 1362px) 62vw, 840px\" \/><\/p>\n","protected":false},"excerpt":{"rendered":"<p>Nuestro \u00e1rbol del Flamenco Los alumnos de tercero y cuarto de nuestro colegio han demostrado su pasi\u00f3n y creatividad al elaborar un mural para celebrar el D\u00eda del Flamenco.&nbsp; El mural, titulado &#8220;El \u00e1rbol del Flamenco&#8221;, muestra como eje y tronco del \u00e1rbol la guitarra espa\u00f1ola y a trav\u00e9s de sus ramas que la componen &hellip; <a href=\"https:\/\/blogsaverroes.juntadeandalucia.es\/ceipsanagustinecija\/dia-del-flamenco-2\/\" class=\"more-link\">Continuar leyendo<span class=\"screen-reader-text\"> &#8220;D\u00cdA DEL FLAMENCO&#8221;<\/span><\/a><\/p>\n","protected":false},"author":14152,"featured_media":1916,"comment_status":"closed","ping_status":"open","sticky":false,"template":"","format":"standard","meta":{"ngg_post_thumbnail":0,"footnotes":""},"categories":[26,3,48],"tags":[],"aioseo_notices":[],"_links":{"self":[{"href":"https:\/\/blogsaverroes.juntadeandalucia.es\/ceipsanagustinecija\/wp-json\/wp\/v2\/posts\/1896"}],"collection":[{"href":"https:\/\/blogsaverroes.juntadeandalucia.es\/ceipsanagustinecija\/wp-json\/wp\/v2\/posts"}],"about":[{"href":"https:\/\/blogsaverroes.juntadeandalucia.es\/ceipsanagustinecija\/wp-json\/wp\/v2\/types\/post"}],"author":[{"embeddable":true,"href":"https:\/\/blogsaverroes.juntadeandalucia.es\/ceipsanagustinecija\/wp-json\/wp\/v2\/users\/14152"}],"replies":[{"embeddable":true,"href":"https:\/\/blogsaverroes.juntadeandalucia.es\/ceipsanagustinecija\/wp-json\/wp\/v2\/comments?post=1896"}],"version-history":[{"count":4,"href":"https:\/\/blogsaverroes.juntadeandalucia.es\/ceipsanagustinecija\/wp-json\/wp\/v2\/posts\/1896\/revisions"}],"predecessor-version":[{"id":1912,"href":"https:\/\/blogsaverroes.juntadeandalucia.es\/ceipsanagustinecija\/wp-json\/wp\/v2\/posts\/1896\/revisions\/1912"}],"wp:featuredmedia":[{"embeddable":true,"href":"https:\/\/blogsaverroes.juntadeandalucia.es\/ceipsanagustinecija\/wp-json\/wp\/v2\/media\/1916"}],"wp:attachment":[{"href":"https:\/\/blogsaverroes.juntadeandalucia.es\/ceipsanagustinecija\/wp-json\/wp\/v2\/media?parent=1896"}],"wp:term":[{"taxonomy":"category","embeddable":true,"href":"https:\/\/blogsaverroes.juntadeandalucia.es\/ceipsanagustinecija\/wp-json\/wp\/v2\/categories?post=1896"},{"taxonomy":"post_tag","embeddable":true,"href":"https:\/\/blogsaverroes.juntadeandalucia.es\/ceipsanagustinecija\/wp-json\/wp\/v2\/tags?post=1896"}],"curies":[{"name":"wp","href":"https:\/\/api.w.org\/{rel}","templated":true}]}}