{"id":1989,"date":"2025-12-03T09:29:24","date_gmt":"2025-12-03T08:29:24","guid":{"rendered":"https:\/\/blogsaverroes.juntadeandalucia.es\/ceipsanagustinecija\/?p=1989"},"modified":"2025-12-03T09:30:40","modified_gmt":"2025-12-03T08:30:40","slug":"mercadillo-navideno-2025","status":"publish","type":"post","link":"https:\/\/blogsaverroes.juntadeandalucia.es\/ceipsanagustinecija\/mercadillo-navideno-2025\/","title":{"rendered":"Mercadillo Navide\u00f1o AMPA &#8211; 2025"},"content":{"rendered":"<p>Un a\u00f1o m\u00e1s vuelve nuestro Mercadillo solidario donde a parte de encontrar muchas gangas y unas flores de pascua preciosas podr\u00e1s disfrutar de una tarde navide\u00f1a con m\u00fasica, merienda, chuches, sorteos y muchas sorpresas m\u00e1s.&nbsp;<\/p>\n<p>\u00bfTe lo vas a perder? \u00a1Que no te lo cuenten&#8230;!<\/p>\n<p>\u00a1JUNTOS SUMAMOS!<\/p>\n<p><img loading=\"lazy\" decoding=\"async\" class=\"size-large wp-image-1990 aligncenter\" src=\"https:\/\/blogsaverroes.juntadeandalucia.es\/ceipsanagustinecija\/files\/2025\/12\/FB_IMG_1764750301116-819x1024.jpg\" alt=\"\" width=\"819\" height=\"1024\">&nbsp;<\/p>\n","protected":false},"excerpt":{"rendered":"<p>Un a\u00f1o m\u00e1s vuelve nuestro Mercadillo solidario donde a parte de encontrar muchas gangas y unas flores de pascua preciosas podr\u00e1s disfrutar de una tarde navide\u00f1a con m\u00fasica, merienda, chuches, sorteos y muchas sorpresas m\u00e1s.&nbsp; \u00bfTe lo vas a perder? \u00a1Que no te lo cuenten&#8230;! \u00a1JUNTOS SUMAMOS! &nbsp;<\/p>\n","protected":false},"author":14152,"featured_media":1990,"comment_status":"closed","ping_status":"open","sticky":false,"template":"","format":"standard","meta":{"ngg_post_thumbnail":0,"footnotes":""},"categories":[22,46],"tags":[],"aioseo_notices":[],"_links":{"self":[{"href":"https:\/\/blogsaverroes.juntadeandalucia.es\/ceipsanagustinecija\/wp-json\/wp\/v2\/posts\/1989"}],"collection":[{"href":"https:\/\/blogsaverroes.juntadeandalucia.es\/ceipsanagustinecija\/wp-json\/wp\/v2\/posts"}],"about":[{"href":"https:\/\/blogsaverroes.juntadeandalucia.es\/ceipsanagustinecija\/wp-json\/wp\/v2\/types\/post"}],"author":[{"embeddable":true,"href":"https:\/\/blogsaverroes.juntadeandalucia.es\/ceipsanagustinecija\/wp-json\/wp\/v2\/users\/14152"}],"replies":[{"embeddable":true,"href":"https:\/\/blogsaverroes.juntadeandalucia.es\/ceipsanagustinecija\/wp-json\/wp\/v2\/comments?post=1989"}],"version-history":[{"count":2,"href":"https:\/\/blogsaverroes.juntadeandalucia.es\/ceipsanagustinecija\/wp-json\/wp\/v2\/posts\/1989\/revisions"}],"predecessor-version":[{"id":1992,"href":"https:\/\/blogsaverroes.juntadeandalucia.es\/ceipsanagustinecija\/wp-json\/wp\/v2\/posts\/1989\/revisions\/1992"}],"wp:featuredmedia":[{"embeddable":true,"href":"https:\/\/blogsaverroes.juntadeandalucia.es\/ceipsanagustinecija\/wp-json\/wp\/v2\/media\/1990"}],"wp:attachment":[{"href":"https:\/\/blogsaverroes.juntadeandalucia.es\/ceipsanagustinecija\/wp-json\/wp\/v2\/media?parent=1989"}],"wp:term":[{"taxonomy":"category","embeddable":true,"href":"https:\/\/blogsaverroes.juntadeandalucia.es\/ceipsanagustinecija\/wp-json\/wp\/v2\/categories?post=1989"},{"taxonomy":"post_tag","embeddable":true,"href":"https:\/\/blogsaverroes.juntadeandalucia.es\/ceipsanagustinecija\/wp-json\/wp\/v2\/tags?post=1989"}],"curies":[{"name":"wp","href":"https:\/\/api.w.org\/{rel}","templated":true}]}}