{"id":2041,"date":"2026-02-12T13:12:17","date_gmt":"2026-02-12T12:12:17","guid":{"rendered":"https:\/\/blogsaverroes.juntadeandalucia.es\/ceipsanagustinecija\/?p=2041"},"modified":"2026-04-09T08:12:32","modified_gmt":"2026-04-09T07:12:32","slug":"escolarizacion-2026","status":"publish","type":"post","link":"https:\/\/blogsaverroes.juntadeandalucia.es\/ceipsanagustinecija\/escolarizacion-2026\/","title":{"rendered":"ESCOLARIZACI\u00d3N 2026"},"content":{"rendered":"<p>Estimadas familias.<\/p>\n<p>El colegio realizar\u00e1 la <strong>VIII Jornadas de Puertas Abierta<\/strong> para informar a las familias interesadas sobre el Colegio y su Proyecto Educativo de cara al pr\u00f3ximo perido de Escolarizaci\u00f3n.<\/p>\n<p><img loading=\"lazy\" decoding=\"async\" class=\"wp-image-2045 aligncenter\" src=\"https:\/\/blogsaverroes.juntadeandalucia.es\/ceipsanagustinecija\/files\/2026\/02\/FB_IMG_1770892937685-728x1024.jpg\" alt=\"VII Jornadas de Puertas Abierta. CEIP SAN AGUST\u00cdN\" width=\"357\" height=\"502\" data-wp-editing=\"1\" srcset=\"https:\/\/blogsaverroes.juntadeandalucia.es\/ceipsanagustinecija\/files\/2026\/02\/FB_IMG_1770892937685-728x1024.jpg 728w, https:\/\/blogsaverroes.juntadeandalucia.es\/ceipsanagustinecija\/files\/2026\/02\/FB_IMG_1770892937685-213x300.jpg 213w, https:\/\/blogsaverroes.juntadeandalucia.es\/ceipsanagustinecija\/files\/2026\/02\/FB_IMG_1770892937685-768x1080.jpg 768w, https:\/\/blogsaverroes.juntadeandalucia.es\/ceipsanagustinecija\/files\/2026\/02\/FB_IMG_1770892937685.jpg 907w\" sizes=\"(max-width: 357px) 85vw, 357px\" \/><\/p>\n<p>Calendario de&nbsp;&nbsp;Escolarizaci\u00f3n del alumnado que comience el 2\u00ba Ciclo de Educaci\u00f3n Infantil y para el alumnado que se traslada de colegio.<\/p>\n<ul>\n<li><strong>TELETRAMITADAS:<\/strong> desde el 1 al 31 de marzo.<\/li>\n<li><strong>PRESENCIAL EN EL CENTRO:<\/strong> desde el 3 al 31 de marzo&nbsp; de 9:15 a 13:30h.<\/li>\n<\/ul>\n<p>&nbsp;<\/p>\n<p>&nbsp;<\/p>\n","protected":false},"excerpt":{"rendered":"<p>Estimadas familias. El colegio realizar\u00e1 la VIII Jornadas de Puertas Abierta para informar a las familias interesadas sobre el Colegio y su Proyecto Educativo de cara al pr\u00f3ximo perido de Escolarizaci\u00f3n. Calendario de&nbsp;&nbsp;Escolarizaci\u00f3n del alumnado que comience el 2\u00ba Ciclo de Educaci\u00f3n Infantil y para el alumnado que se traslada de colegio. TELETRAMITADAS: desde el &hellip; <a href=\"https:\/\/blogsaverroes.juntadeandalucia.es\/ceipsanagustinecija\/escolarizacion-2026\/\" class=\"more-link\">Continuar leyendo<span class=\"screen-reader-text\"> &#8220;ESCOLARIZACI\u00d3N 2026&#8221;<\/span><\/a><\/p>\n","protected":false},"author":14152,"featured_media":0,"comment_status":"closed","ping_status":"open","sticky":false,"template":"","format":"standard","meta":{"ngg_post_thumbnail":0,"footnotes":""},"categories":[22,46,10,18,23,3,29],"tags":[],"aioseo_notices":[],"_links":{"self":[{"href":"https:\/\/blogsaverroes.juntadeandalucia.es\/ceipsanagustinecija\/wp-json\/wp\/v2\/posts\/2041"}],"collection":[{"href":"https:\/\/blogsaverroes.juntadeandalucia.es\/ceipsanagustinecija\/wp-json\/wp\/v2\/posts"}],"about":[{"href":"https:\/\/blogsaverroes.juntadeandalucia.es\/ceipsanagustinecija\/wp-json\/wp\/v2\/types\/post"}],"author":[{"embeddable":true,"href":"https:\/\/blogsaverroes.juntadeandalucia.es\/ceipsanagustinecija\/wp-json\/wp\/v2\/users\/14152"}],"replies":[{"embeddable":true,"href":"https:\/\/blogsaverroes.juntadeandalucia.es\/ceipsanagustinecija\/wp-json\/wp\/v2\/comments?post=2041"}],"version-history":[{"count":7,"href":"https:\/\/blogsaverroes.juntadeandalucia.es\/ceipsanagustinecija\/wp-json\/wp\/v2\/posts\/2041\/revisions"}],"predecessor-version":[{"id":2058,"href":"https:\/\/blogsaverroes.juntadeandalucia.es\/ceipsanagustinecija\/wp-json\/wp\/v2\/posts\/2041\/revisions\/2058"}],"wp:attachment":[{"href":"https:\/\/blogsaverroes.juntadeandalucia.es\/ceipsanagustinecija\/wp-json\/wp\/v2\/media?parent=2041"}],"wp:term":[{"taxonomy":"category","embeddable":true,"href":"https:\/\/blogsaverroes.juntadeandalucia.es\/ceipsanagustinecija\/wp-json\/wp\/v2\/categories?post=2041"},{"taxonomy":"post_tag","embeddable":true,"href":"https:\/\/blogsaverroes.juntadeandalucia.es\/ceipsanagustinecija\/wp-json\/wp\/v2\/tags?post=2041"}],"curies":[{"name":"wp","href":"https:\/\/api.w.org\/{rel}","templated":true}]}}