{"id":1280,"date":"2022-03-17T12:21:09","date_gmt":"2022-03-17T11:21:09","guid":{"rendered":"https:\/\/blogsaverroes.juntadeandalucia.es\/ceipsanantoniodepadua\/?p=1280"},"modified":"2022-03-17T12:23:15","modified_gmt":"2022-03-17T11:23:15","slug":"salimos-en-la-tele","status":"publish","type":"post","link":"https:\/\/blogsaverroes.juntadeandalucia.es\/ceipsanantoniodepadua\/salimos-en-la-tele\/","title":{"rendered":"\u00a1Salimos en la tele!"},"content":{"rendered":"<p>Una &#8220;<strong>loca academia de ciencia<\/strong>&#8221; es la participaci\u00f3n del alumnado del CEIP San Antonio de Padua en el m\u00edtico programa<\/p>\n<p>de televisi\u00f3n de Canal Sur de la Banda.&nbsp;<\/p>\n<p><a href=\"https:\/\/www.canalsurmas.es\/videos\/detail\/42818-la-banda-12032022\" target=\"_blank\" rel=\"noopener noreferrer\"><strong>Aqu\u00ed ten\u00e9is el enlace para ver el programa<\/strong><\/a>, nuestro cole empieza en el minuto 11:00<\/p>\n","protected":false},"excerpt":{"rendered":"<p>Una &#8220;loca academia de ciencia&#8221; es la participaci\u00f3n del alumnado del CEIP San Antonio de Padua en el m\u00edtico programa de televisi\u00f3n de Canal Sur de la Banda.&nbsp; Aqu\u00ed ten\u00e9is el enlace para ver el programa, nuestro cole empieza en el minuto 11:00<\/p>\n","protected":false},"author":13517,"featured_media":1283,"comment_status":"closed","ping_status":"open","sticky":false,"template":"","format":"standard","meta":{"_et_pb_use_builder":"","_et_pb_old_content":"","_et_gb_content_width":"","ngg_post_thumbnail":0,"footnotes":""},"categories":[14,16,3,4],"tags":[15,18,17],"aioseo_notices":[],"_links":{"self":[{"href":"https:\/\/blogsaverroes.juntadeandalucia.es\/ceipsanantoniodepadua\/wp-json\/wp\/v2\/posts\/1280"}],"collection":[{"href":"https:\/\/blogsaverroes.juntadeandalucia.es\/ceipsanantoniodepadua\/wp-json\/wp\/v2\/posts"}],"about":[{"href":"https:\/\/blogsaverroes.juntadeandalucia.es\/ceipsanantoniodepadua\/wp-json\/wp\/v2\/types\/post"}],"author":[{"embeddable":true,"href":"https:\/\/blogsaverroes.juntadeandalucia.es\/ceipsanantoniodepadua\/wp-json\/wp\/v2\/users\/13517"}],"replies":[{"embeddable":true,"href":"https:\/\/blogsaverroes.juntadeandalucia.es\/ceipsanantoniodepadua\/wp-json\/wp\/v2\/comments?post=1280"}],"version-history":[{"count":5,"href":"https:\/\/blogsaverroes.juntadeandalucia.es\/ceipsanantoniodepadua\/wp-json\/wp\/v2\/posts\/1280\/revisions"}],"predecessor-version":[{"id":1287,"href":"https:\/\/blogsaverroes.juntadeandalucia.es\/ceipsanantoniodepadua\/wp-json\/wp\/v2\/posts\/1280\/revisions\/1287"}],"wp:featuredmedia":[{"embeddable":true,"href":"https:\/\/blogsaverroes.juntadeandalucia.es\/ceipsanantoniodepadua\/wp-json\/wp\/v2\/media\/1283"}],"wp:attachment":[{"href":"https:\/\/blogsaverroes.juntadeandalucia.es\/ceipsanantoniodepadua\/wp-json\/wp\/v2\/media?parent=1280"}],"wp:term":[{"taxonomy":"category","embeddable":true,"href":"https:\/\/blogsaverroes.juntadeandalucia.es\/ceipsanantoniodepadua\/wp-json\/wp\/v2\/categories?post=1280"},{"taxonomy":"post_tag","embeddable":true,"href":"https:\/\/blogsaverroes.juntadeandalucia.es\/ceipsanantoniodepadua\/wp-json\/wp\/v2\/tags?post=1280"}],"curies":[{"name":"wp","href":"https:\/\/api.w.org\/{rel}","templated":true}]}}