{"id":1454,"date":"2023-01-26T22:39:36","date_gmt":"2023-01-26T21:39:36","guid":{"rendered":"https:\/\/blogsaverroes.juntadeandalucia.es\/ceipsanantoniodepadua\/?p=1454"},"modified":"2023-01-26T23:23:12","modified_gmt":"2023-01-26T22:23:12","slug":"carrera-solidaria","status":"publish","type":"post","link":"https:\/\/blogsaverroes.juntadeandalucia.es\/ceipsanantoniodepadua\/carrera-solidaria\/","title":{"rendered":"CARRERA SOLIDARIA"},"content":{"rendered":"<p style=\"text-align: center\"><img loading=\"lazy\" decoding=\"async\" class=\"aligncenter wp-image-1445 size-thumbnail\" src=\"https:\/\/blogsaverroes.juntadeandalucia.es\/ceipsanantoniodepadua\/files\/2023\/01\/IMG-20230125-WA0012-150x150.jpg\" alt=\"\" width=\"150\" height=\"150\"><span style=\"color: #0000ff\"><strong><span style=\"font-family: 'comic sans ms', sans-serif;font-size: 14pt\">CEIP San Antonio de Padua&nbsp; realizar\u00e1 una carrera solidaria en el paseo mar\u00edtimo de Carboneras para colaborar con la Asociaci\u00f3n de S\u00edndrome de Down de Almeria.<\/span><\/strong><\/span><\/p>\n","protected":false},"excerpt":{"rendered":"<p>CEIP San Antonio de Padua&nbsp; realizar\u00e1 una carrera solidaria en el paseo mar\u00edtimo de Carboneras para colaborar con la Asociaci\u00f3n de S\u00edndrome de Down de Almeria.<\/p>\n","protected":false},"author":13519,"featured_media":1464,"comment_status":"closed","ping_status":"open","sticky":true,"template":"","format":"gallery","meta":{"_et_pb_use_builder":"","_et_pb_old_content":"","_et_gb_content_width":"","ngg_post_thumbnail":0,"footnotes":""},"categories":[3,12,4],"tags":[13],"aioseo_notices":[],"_links":{"self":[{"href":"https:\/\/blogsaverroes.juntadeandalucia.es\/ceipsanantoniodepadua\/wp-json\/wp\/v2\/posts\/1454"}],"collection":[{"href":"https:\/\/blogsaverroes.juntadeandalucia.es\/ceipsanantoniodepadua\/wp-json\/wp\/v2\/posts"}],"about":[{"href":"https:\/\/blogsaverroes.juntadeandalucia.es\/ceipsanantoniodepadua\/wp-json\/wp\/v2\/types\/post"}],"author":[{"embeddable":true,"href":"https:\/\/blogsaverroes.juntadeandalucia.es\/ceipsanantoniodepadua\/wp-json\/wp\/v2\/users\/13519"}],"replies":[{"embeddable":true,"href":"https:\/\/blogsaverroes.juntadeandalucia.es\/ceipsanantoniodepadua\/wp-json\/wp\/v2\/comments?post=1454"}],"version-history":[{"count":7,"href":"https:\/\/blogsaverroes.juntadeandalucia.es\/ceipsanantoniodepadua\/wp-json\/wp\/v2\/posts\/1454\/revisions"}],"predecessor-version":[{"id":1458,"href":"https:\/\/blogsaverroes.juntadeandalucia.es\/ceipsanantoniodepadua\/wp-json\/wp\/v2\/posts\/1454\/revisions\/1458"}],"wp:featuredmedia":[{"embeddable":true,"href":"https:\/\/blogsaverroes.juntadeandalucia.es\/ceipsanantoniodepadua\/wp-json\/wp\/v2\/media\/1464"}],"wp:attachment":[{"href":"https:\/\/blogsaverroes.juntadeandalucia.es\/ceipsanantoniodepadua\/wp-json\/wp\/v2\/media?parent=1454"}],"wp:term":[{"taxonomy":"category","embeddable":true,"href":"https:\/\/blogsaverroes.juntadeandalucia.es\/ceipsanantoniodepadua\/wp-json\/wp\/v2\/categories?post=1454"},{"taxonomy":"post_tag","embeddable":true,"href":"https:\/\/blogsaverroes.juntadeandalucia.es\/ceipsanantoniodepadua\/wp-json\/wp\/v2\/tags?post=1454"}],"curies":[{"name":"wp","href":"https:\/\/api.w.org\/{rel}","templated":true}]}}