{"id":2773,"date":"2021-06-07T12:08:53","date_gmt":"2021-06-07T10:08:53","guid":{"rendered":"https:\/\/blogsaverroes.juntadeandalucia.es\/ceipsanbartolomeandujar\/?p=2773"},"modified":"2021-06-07T12:09:07","modified_gmt":"2021-06-07T10:09:07","slug":"2773","status":"publish","type":"post","link":"https:\/\/blogsaverroes.juntadeandalucia.es\/ceipsanbartolomeandujar\/2021\/06\/07\/2773\/","title":{"rendered":"Segundo Ciclo se va a Marte"},"content":{"rendered":"<p>El d\u00eda 15 de Mayo se celebr\u00f3 el D\u00eda Mundial de la Astronom\u00eda. El segundo ciclo de Educaci\u00f3n Primaria trabaj\u00f3 previamente, desde las \u00e1reas de Ciencias Sociales y Educaci\u00f3n Pl\u00e1stica, diferentes actividades.&nbsp;<\/p>\n<ul style=\"list-style-type: square\">\n<li>Visionado de un documental sobre nuestro Sistema Solar.<\/li>\n<li>El planeta Marte. Nueva misi\u00f3n :\u00bbEl Perseverance llega a Marte\u00bb.<\/li>\n<li>La agenda espacial estadounidense NASA ofrece al p\u00fablico la oportunidad de a\u00f1adir su nombre y apellido a un microprocesador, que su robot llevar\u00e1 a Marte en la siguiente misi\u00f3n en el a\u00f1o 2026. Ser\u00e1 el \u00abprimer viaje de la humanidad a otro planeta\u00bb. Cada alumno\/a y sus se\u00f1os, ya disponen del billete para realizar su viaje a Marte en julio de 2026.<\/li>\n<li>Realizaci\u00f3n de un trabajo en Pl\u00e1stica: \u00abNuestro Sistema Solar\u00bb.<\/li>\n<\/ul>\n<p>Todas estas actividades han sido motivadoras. Los\/as ni\u00f1os\/as han disfrutado a lo grande. Os dejamos un v\u00eddeo con fotos que resumen estas actividades.<\/p>\n<p>[youtube https:\/\/www.youtube.com\/watch?v=3xSPRAQj2zw&amp;w=400&amp;h=205]<\/p>\n","protected":false},"excerpt":{"rendered":"<p>El d\u00eda 15 de Mayo se celebr\u00f3 el D\u00eda Mundial de la Astronom\u00eda. El segundo ciclo de Educaci\u00f3n Primaria trabaj\u00f3 previamente, desde las \u00e1reas de Ciencias Sociales y Educaci\u00f3n Pl\u00e1stica, diferentes actividades.&nbsp; Visionado de&#46;&#46;&#46;<\/p>\n","protected":false},"author":7454,"featured_media":0,"comment_status":"closed","ping_status":"closed","sticky":false,"template":"","format":"standard","meta":{"ngg_post_thumbnail":0,"footnotes":""},"categories":[25490,25495],"tags":[],"aioseo_notices":[],"_links":{"self":[{"href":"https:\/\/blogsaverroes.juntadeandalucia.es\/ceipsanbartolomeandujar\/wp-json\/wp\/v2\/posts\/2773"}],"collection":[{"href":"https:\/\/blogsaverroes.juntadeandalucia.es\/ceipsanbartolomeandujar\/wp-json\/wp\/v2\/posts"}],"about":[{"href":"https:\/\/blogsaverroes.juntadeandalucia.es\/ceipsanbartolomeandujar\/wp-json\/wp\/v2\/types\/post"}],"author":[{"embeddable":true,"href":"https:\/\/blogsaverroes.juntadeandalucia.es\/ceipsanbartolomeandujar\/wp-json\/wp\/v2\/users\/7454"}],"replies":[{"embeddable":true,"href":"https:\/\/blogsaverroes.juntadeandalucia.es\/ceipsanbartolomeandujar\/wp-json\/wp\/v2\/comments?post=2773"}],"version-history":[{"count":2,"href":"https:\/\/blogsaverroes.juntadeandalucia.es\/ceipsanbartolomeandujar\/wp-json\/wp\/v2\/posts\/2773\/revisions"}],"predecessor-version":[{"id":2775,"href":"https:\/\/blogsaverroes.juntadeandalucia.es\/ceipsanbartolomeandujar\/wp-json\/wp\/v2\/posts\/2773\/revisions\/2775"}],"wp:attachment":[{"href":"https:\/\/blogsaverroes.juntadeandalucia.es\/ceipsanbartolomeandujar\/wp-json\/wp\/v2\/media?parent=2773"}],"wp:term":[{"taxonomy":"category","embeddable":true,"href":"https:\/\/blogsaverroes.juntadeandalucia.es\/ceipsanbartolomeandujar\/wp-json\/wp\/v2\/categories?post=2773"},{"taxonomy":"post_tag","embeddable":true,"href":"https:\/\/blogsaverroes.juntadeandalucia.es\/ceipsanbartolomeandujar\/wp-json\/wp\/v2\/tags?post=2773"}],"curies":[{"name":"wp","href":"https:\/\/api.w.org\/{rel}","templated":true}]}}