{"id":3123,"date":"2023-01-13T11:31:01","date_gmt":"2023-01-13T10:31:01","guid":{"rendered":"https:\/\/blogsaverroes.juntadeandalucia.es\/ceipsanbartolomeandujar\/?p=3123"},"modified":"2023-01-13T11:33:38","modified_gmt":"2023-01-13T10:33:38","slug":"3123","status":"publish","type":"post","link":"https:\/\/blogsaverroes.juntadeandalucia.es\/ceipsanbartolomeandujar\/2023\/01\/13\/3123\/","title":{"rendered":"D\u00eda internacional contra la Violencia de G\u00e9nero"},"content":{"rendered":"<p>El pasado 25 de noviembre, la comunidad educativa del CEIP San Bartolom\u00e9 realiz\u00f3 actividades conmemorativas del D\u00eda Internacional contra la Violencia de G\u00e9nero. Os dejamos un v\u00eddeo resumen<\/p>\n<p><iframe loading=\"lazy\" title=\"contra la violencia de g\u00e9nero  1\" width=\"500\" height=\"375\" src=\"https:\/\/www.youtube.com\/embed\/U3jPD0BQZgU?feature=oembed&#038;wmode=opaque\" frameborder=\"0\" allow=\"accelerometer; autoplay; clipboard-write; encrypted-media; gyroscope; picture-in-picture; web-share\" allowfullscreen><\/iframe><\/p>\n","protected":false},"excerpt":{"rendered":"<p>El pasado 25 de noviembre, la comunidad educativa del CEIP San Bartolom\u00e9 realiz\u00f3 actividades conmemorativas del D\u00eda Internacional contra la Violencia de G\u00e9nero. Os dejamos un v\u00eddeo resumen<\/p>\n","protected":false},"author":7454,"featured_media":0,"comment_status":"closed","ping_status":"closed","sticky":false,"template":"","format":"standard","meta":{"ngg_post_thumbnail":0,"footnotes":""},"categories":[11909],"tags":[],"aioseo_notices":[],"_links":{"self":[{"href":"https:\/\/blogsaverroes.juntadeandalucia.es\/ceipsanbartolomeandujar\/wp-json\/wp\/v2\/posts\/3123"}],"collection":[{"href":"https:\/\/blogsaverroes.juntadeandalucia.es\/ceipsanbartolomeandujar\/wp-json\/wp\/v2\/posts"}],"about":[{"href":"https:\/\/blogsaverroes.juntadeandalucia.es\/ceipsanbartolomeandujar\/wp-json\/wp\/v2\/types\/post"}],"author":[{"embeddable":true,"href":"https:\/\/blogsaverroes.juntadeandalucia.es\/ceipsanbartolomeandujar\/wp-json\/wp\/v2\/users\/7454"}],"replies":[{"embeddable":true,"href":"https:\/\/blogsaverroes.juntadeandalucia.es\/ceipsanbartolomeandujar\/wp-json\/wp\/v2\/comments?post=3123"}],"version-history":[{"count":4,"href":"https:\/\/blogsaverroes.juntadeandalucia.es\/ceipsanbartolomeandujar\/wp-json\/wp\/v2\/posts\/3123\/revisions"}],"predecessor-version":[{"id":3127,"href":"https:\/\/blogsaverroes.juntadeandalucia.es\/ceipsanbartolomeandujar\/wp-json\/wp\/v2\/posts\/3123\/revisions\/3127"}],"wp:attachment":[{"href":"https:\/\/blogsaverroes.juntadeandalucia.es\/ceipsanbartolomeandujar\/wp-json\/wp\/v2\/media?parent=3123"}],"wp:term":[{"taxonomy":"category","embeddable":true,"href":"https:\/\/blogsaverroes.juntadeandalucia.es\/ceipsanbartolomeandujar\/wp-json\/wp\/v2\/categories?post=3123"},{"taxonomy":"post_tag","embeddable":true,"href":"https:\/\/blogsaverroes.juntadeandalucia.es\/ceipsanbartolomeandujar\/wp-json\/wp\/v2\/tags?post=3123"}],"curies":[{"name":"wp","href":"https:\/\/api.w.org\/{rel}","templated":true}]}}