{"id":2799,"date":"2018-09-28T09:48:01","date_gmt":"2018-09-28T09:48:01","guid":{"rendered":"https:\/\/blogsaverroes.juntadeandalucia.es\/ceipsanblas\/?p=2799"},"modified":"2018-10-18T08:12:50","modified_gmt":"2018-10-18T08:12:50","slug":"biblioteca-de-centro-2018","status":"publish","type":"post","link":"https:\/\/blogsaverroes.juntadeandalucia.es\/ceipsanblas\/biblioteca-de-centro-2018\/","title":{"rendered":"BIBLIOTECA DE CENTRO 2018"},"content":{"rendered":"<p>Los alumnos\/as de 6\u00ba de primaria realizan una campa\u00f1a para fomentar el pr\u00e9stamo de libros y uso de la biblioteca de nuestro centro para los m\u00e1s peques del cole.<\/p>\n<p>Pod\u00e9is ver los v\u00eddeos de las presentaciones en la Galer\u00eda o pinchando sobre el dibujo.<a href=\"https:\/\/blogsaverroes.juntadeandalucia.es\/ceipsanblas\/galeria\/curso-2018-2019\/biblioteca-del-centro\/\"><img loading=\"lazy\" decoding=\"async\" class=\"aligncenter wp-image-2835\" src=\"https:\/\/blogsaverroes.juntadeandalucia.es\/ceipsanblas\/files\/2018\/09\/camara-de-video-profesiones-otras-profesiones-10447176-150x150.png\" alt=\"\" width=\"34\" height=\"35\"><\/a>\u00a1Buen trabajo chicos y chicas!<\/p>\n","protected":false},"excerpt":{"rendered":"<p>Los alumnos\/as de 6\u00ba de primaria realizan una campa\u00f1a para fomentar el pr\u00e9stamo de libros y uso de la biblioteca de nuestro centro para los m\u00e1s peques del cole. Pod\u00e9is ver los v\u00eddeos de&#46;&#46;&#46;<\/p>\n","protected":false},"author":5613,"featured_media":0,"comment_status":"open","ping_status":"open","sticky":false,"template":"","format":"standard","meta":{"ngg_post_thumbnail":0,"footnotes":""},"categories":[11909],"tags":[],"aioseo_notices":[],"_links":{"self":[{"href":"https:\/\/blogsaverroes.juntadeandalucia.es\/ceipsanblas\/wp-json\/wp\/v2\/posts\/2799"}],"collection":[{"href":"https:\/\/blogsaverroes.juntadeandalucia.es\/ceipsanblas\/wp-json\/wp\/v2\/posts"}],"about":[{"href":"https:\/\/blogsaverroes.juntadeandalucia.es\/ceipsanblas\/wp-json\/wp\/v2\/types\/post"}],"author":[{"embeddable":true,"href":"https:\/\/blogsaverroes.juntadeandalucia.es\/ceipsanblas\/wp-json\/wp\/v2\/users\/5613"}],"replies":[{"embeddable":true,"href":"https:\/\/blogsaverroes.juntadeandalucia.es\/ceipsanblas\/wp-json\/wp\/v2\/comments?post=2799"}],"version-history":[{"count":7,"href":"https:\/\/blogsaverroes.juntadeandalucia.es\/ceipsanblas\/wp-json\/wp\/v2\/posts\/2799\/revisions"}],"predecessor-version":[{"id":2839,"href":"https:\/\/blogsaverroes.juntadeandalucia.es\/ceipsanblas\/wp-json\/wp\/v2\/posts\/2799\/revisions\/2839"}],"wp:attachment":[{"href":"https:\/\/blogsaverroes.juntadeandalucia.es\/ceipsanblas\/wp-json\/wp\/v2\/media?parent=2799"}],"wp:term":[{"taxonomy":"category","embeddable":true,"href":"https:\/\/blogsaverroes.juntadeandalucia.es\/ceipsanblas\/wp-json\/wp\/v2\/categories?post=2799"},{"taxonomy":"post_tag","embeddable":true,"href":"https:\/\/blogsaverroes.juntadeandalucia.es\/ceipsanblas\/wp-json\/wp\/v2\/tags?post=2799"}],"curies":[{"name":"wp","href":"https:\/\/api.w.org\/{rel}","templated":true}]}}