{"id":4077,"date":"2023-11-18T15:24:04","date_gmt":"2023-11-18T15:24:04","guid":{"rendered":"https:\/\/blogsaverroes.juntadeandalucia.es\/ceipsanblas\/?p=4077"},"modified":"2023-11-18T15:24:30","modified_gmt":"2023-11-18T15:24:30","slug":"dia-del-flamenco","status":"publish","type":"post","link":"https:\/\/blogsaverroes.juntadeandalucia.es\/ceipsanblas\/dia-del-flamenco\/","title":{"rendered":"D\u00cdA DEL FLAMENCO"},"content":{"rendered":"<p style=\"text-align: justify\">Hoy 16 de noviembre D\u00cdA DEL FLAMENCO EN ANDALUC\u00cdA, el <a class=\"x1i10hfl xjbqb8w x6umtig x1b1mbwd xaqea5y xav7gou x9f619 x1ypdohk xt0psk2 xe8uvvx xdj266r x11i5rnm xat24cr x1mh8g0r xexx8yu x4uap5 x18d9i69 xkhd6sd x16tdsg8 x1hl2dhg xggy1nq x1a2a7pz xt0b8zv x1qq9wsj xo1l8bm\" role=\"link\" href=\"https:\/\/www.facebook.com\/profile.php?id=100078630194032&amp;__cft__[0]=AZWfwo66fxk0qlcey2g4QtxXei323XOw1uhX6eP2R884NhRveqzZgBumN2GQ-IxN9rERryhpJT6EIUn7RuG6dNNWHxG_SecAonD0ORtyhWi2LOIqmcE8M5z2E7xFqg4HzvjEeb2le-kTovEuIK_Z9pfe&amp;__tn__=-]K-R\"><span class=\"xt0psk2\">Ceip San Blas<\/span><\/a> lo celebra sum\u00e1ndose al reto planteado por la Consejer\u00eda: Andaluc\u00eda es flamenca en la escuela, cantando con nuestro alumnado un fandango de Huelva.<\/p>\n<p><iframe loading=\"lazy\" title=\"DIA DE FLAMENCO 2023\" width=\"500\" height=\"281\" src=\"https:\/\/www.youtube.com\/embed\/InCbEB8rXZQ?feature=oembed&#038;wmode=opaque\" frameborder=\"0\" allow=\"accelerometer; autoplay; clipboard-write; encrypted-media; gyroscope; picture-in-picture; web-share\" referrerpolicy=\"strict-origin-when-cross-origin\" allowfullscreen><\/iframe><\/p>\n","protected":false},"excerpt":{"rendered":"<p>Hoy 16 de noviembre D\u00cdA DEL FLAMENCO EN ANDALUC\u00cdA, el Ceip San Blas lo celebra sum\u00e1ndose al reto planteado por la Consejer\u00eda: Andaluc\u00eda es flamenca en la escuela, cantando con nuestro alumnado un fandango&#46;&#46;&#46;<\/p>\n","protected":false},"author":5613,"featured_media":0,"comment_status":"open","ping_status":"open","sticky":false,"template":"","format":"video","meta":{"ngg_post_thumbnail":0,"footnotes":""},"categories":[11909],"tags":[],"aioseo_notices":[],"_links":{"self":[{"href":"https:\/\/blogsaverroes.juntadeandalucia.es\/ceipsanblas\/wp-json\/wp\/v2\/posts\/4077"}],"collection":[{"href":"https:\/\/blogsaverroes.juntadeandalucia.es\/ceipsanblas\/wp-json\/wp\/v2\/posts"}],"about":[{"href":"https:\/\/blogsaverroes.juntadeandalucia.es\/ceipsanblas\/wp-json\/wp\/v2\/types\/post"}],"author":[{"embeddable":true,"href":"https:\/\/blogsaverroes.juntadeandalucia.es\/ceipsanblas\/wp-json\/wp\/v2\/users\/5613"}],"replies":[{"embeddable":true,"href":"https:\/\/blogsaverroes.juntadeandalucia.es\/ceipsanblas\/wp-json\/wp\/v2\/comments?post=4077"}],"version-history":[{"count":1,"href":"https:\/\/blogsaverroes.juntadeandalucia.es\/ceipsanblas\/wp-json\/wp\/v2\/posts\/4077\/revisions"}],"predecessor-version":[{"id":4078,"href":"https:\/\/blogsaverroes.juntadeandalucia.es\/ceipsanblas\/wp-json\/wp\/v2\/posts\/4077\/revisions\/4078"}],"wp:attachment":[{"href":"https:\/\/blogsaverroes.juntadeandalucia.es\/ceipsanblas\/wp-json\/wp\/v2\/media?parent=4077"}],"wp:term":[{"taxonomy":"category","embeddable":true,"href":"https:\/\/blogsaverroes.juntadeandalucia.es\/ceipsanblas\/wp-json\/wp\/v2\/categories?post=4077"},{"taxonomy":"post_tag","embeddable":true,"href":"https:\/\/blogsaverroes.juntadeandalucia.es\/ceipsanblas\/wp-json\/wp\/v2\/tags?post=4077"}],"curies":[{"name":"wp","href":"https:\/\/api.w.org\/{rel}","templated":true}]}}