{"id":4188,"date":"2024-06-04T10:05:07","date_gmt":"2024-06-04T10:05:07","guid":{"rendered":"https:\/\/blogsaverroes.juntadeandalucia.es\/ceipsanblas\/?p=4188"},"modified":"2024-06-04T10:05:07","modified_gmt":"2024-06-04T10:05:07","slug":"matricula-curso-2024-2025","status":"publish","type":"post","link":"https:\/\/blogsaverroes.juntadeandalucia.es\/ceipsanblas\/matricula-curso-2024-2025\/","title":{"rendered":"MATR\u00cdCULA CURSO 2024-2025"},"content":{"rendered":"<h4 class=\"panel-title\"><a href=\"https:\/\/www.juntadeandalucia.es\/educacion\/secretariavirtual\/accesoTramite\/365\/\"><strong>Acceso a Sobre de Matr\u00edcula de Segundo Ciclo de Infantil y Primaria<\/strong><\/a><\/h4>\n<h1 class=\"CjVfdc CJIdie\"><strong>PRESENTACI\u00d3N DE FORMA TELEM\u00c1TICA<\/strong><\/h1>\n<p class=\"CDt4Ke zfr3Q\" dir=\"ltr\" style=\"text-align: justify\">LAS SOLICITUDES DE MATR\u00cdCULA <strong>SER\u00c1N PRESENTADAS PREFERENTEMENTE DE FORMA TELEM\u00c1TICA<\/strong> ENTRE LOS <strong>D\u00cdAS 1 AL 10 DE JUNIO.<\/strong><\/p>\n<p dir=\"ltr\" style=\"text-align: justify\">*EN CASO DE SOLICITAR LOS SERVICIOS DE AULA MATINAL O COMEDOR, ES NECESARIO ADJUNTEN EN LA \u00daLTIMA PESTA\u00d1A DEL PROCESO LA DOCUMENTACI\u00d3N NECESARIA:<\/p>\n<p style=\"text-align: justify\">Para acreditar la actividad laboral o profesional de las personas que ostenten la guarda y custodia del alumnado ser\u00e1 necesario presentar, por cada uno de ellos:<\/p>\n<ul>\n<li style=\"text-align: justify\">a)&nbsp;<strong>Informe de vida laboral<\/strong>&nbsp;expedido por el organismo oficial competente en la materia o certificado de la unidad de personal de su destino como funcionario.<\/li>\n<li style=\"text-align: justify\">b)&nbsp;<strong>Certificaci\u00f3n de la empresa justificativo de la duraci\u00f3n de la jornada<\/strong>, as\u00ed como el horario de trabajo a efectos de lo establecido en los art\u00edculos 11.2.c) y 15.2.c) del Decreto 6\/2017, de 16 de enero.<\/li>\n<li>c) En el caso de que desarrollen su actividad laboral por cuenta propia, deber\u00e1n presentar&nbsp;<strong>una certificaci\u00f3n demostrativa del alta en el Impuesto de Actividades Econ\u00f3micas y una declaraci\u00f3n responsable de la persona interesada sobre la vigencia de la misma y del horario que requiere la actividad<\/strong>. En el supuesto de que no exista obligaci\u00f3n legal de estar dado de alta en el Impuesto de Actividades Econ\u00f3micas, se acreditar\u00e1 mediante la presentaci\u00f3n de alguno de los siguientes documentos:\n<ul>\n<li style=\"text-align: justify\">a)&nbsp;<strong>Alta en el Censo de empresarios<\/strong>, profesionales y retenedores, para aquellas personas que desarrollen actividades empresariales o profesionales, incluidas las agr\u00edcolas, forestales, ganaderas o pesqueras.<\/li>\n<li style=\"text-align: justify\">b)&nbsp;<strong>Copia autenticada de la correspondiente licencia de apertura expedida<\/strong>&nbsp;por el Ayuntamiento respectivo.<\/li>\n<li style=\"text-align: justify\">c)&nbsp;<strong>Copia sellada de la declaraci\u00f3n responsable o comunicaci\u00f3n previa correspondiente presentada ante el Ayuntamiento.<\/strong><\/li>\n<li style=\"text-align: justify\">d)&nbsp;<strong>Alta en la Seguridad Social<\/strong>&nbsp;y una declaraci\u00f3n responsable de la persona interesada sobre la vigencia de la misma.<\/li>\n<\/ul>\n<\/li>\n<\/ul>\n<h4 class=\"CDt4Ke zfr3Q\"><strong>PINCHA EN LA SIGUIENTE IMAGEN PARA ACCEDER A LA SOLICITUD DE MATR\u00cdCULA TELEM\u00c1TICA:<\/strong><\/h4>\n<p dir=\"ltr\">&nbsp;<\/p>\n<p dir=\"ltr\">&nbsp;<\/p>\n<p><iframe loading=\"lazy\" title=\"Matriculaci\u00f3n en la Oficina Virtual de la Junta Andaluc\u00eda con clave IAnde\" width=\"500\" height=\"281\" src=\"https:\/\/www.youtube.com\/embed\/wdvFrhWKHzQ?feature=oembed&#038;wmode=opaque\" frameborder=\"0\" allow=\"accelerometer; autoplay; clipboard-write; encrypted-media; gyroscope; picture-in-picture; web-share\" referrerpolicy=\"strict-origin-when-cross-origin\" allowfullscreen><\/iframe><\/p>\n<p><iframe loading=\"lazy\" title=\"\u00bfC\u00f3mo consultar la clave iANDe en la app iPasen?\" width=\"500\" height=\"281\" src=\"https:\/\/www.youtube.com\/embed\/GolSetOB82M?feature=oembed&#038;wmode=opaque\" frameborder=\"0\" allow=\"accelerometer; autoplay; clipboard-write; encrypted-media; gyroscope; picture-in-picture; web-share\" referrerpolicy=\"strict-origin-when-cross-origin\" allowfullscreen><\/iframe><\/p>\n<h1 class=\"CjVfdc CJIdie\"><strong>PRESENTACI\u00d3N DE FORMA NO TELEM\u00c1TICA<\/strong><\/h1>\n<p class=\"CDt4Ke zfr3Q\" dir=\"ltr\">EN EL CASO DE QUE NO PUDIERA PRESENTAR LA MATR\u00cdCULA DE FORMA TELEM\u00c1TICA LO PODR\u00c1 HACER DE FORMA PRESENCIAL EN LA SECRETAR\u00cdA DEL CENTRO. ENTRE LOS <strong>D\u00cdAS 1 AL 10 DE JUNIO<\/strong>.<\/p>\n<p class=\"CDt4Ke zfr3Q\" dir=\"ltr\">HORARIO DE SECRETAR\u00cdA:<\/p>\n<ul>\n<li><em><strong>LUNES<\/strong><\/em>: De 11:00 a 12:00 horas.<\/li>\n<li><em><strong>MARTES Y MI\u00c9RCOLES<\/strong><\/em>:&nbsp; De 9:00 a 10:00 horas.<\/li>\n<li><em><strong>VIERNES: <\/strong><\/em>De 13:15 a 13:45 horas.<\/li>\n<\/ul>\n<p class=\"CDt4Ke zfr3Q\" dir=\"ltr\">PARA LA MATR\u00cdCULACI\u00d3N PRESENCIAL TRAER AL COLEGIO LA SIGUIENTE DOCUMENTACI\u00d3N QUE PODR\u00c9IS DESCARGAR<\/p>\n<ul class=\"n8H08c UVNKR\">\n<li class=\"TYR86d wXCUfe zfr3Q\">\n<p class=\"CDt4Ke zfr3Q\" dir=\"ltr\"><a href=\"https:\/\/drive.google.com\/file\/d\/1FY9PvkevZThxKTzxPedHx7jqJsBTvxj2\/view?usp=sharing\">ANEXO IV (INFANTIL). TRAER DOS COPIAS.<\/a><\/p>\n<\/li>\n<li class=\"TYR86d wXCUfe zfr3Q\">\n<p class=\"CDt4Ke zfr3Q\" dir=\"ltr\"><a href=\"https:\/\/drive.google.com\/file\/d\/196lL5KpoaDKbuYVezVzwS7zkbd-BwVe0\/view?usp=sharing\">ANEXO V (PRIMARIA). TRAER DOS COPIAS.<\/a><\/p>\n<\/li>\n<li class=\"TYR86d wXCUfe zfr3Q\">\n<p class=\"CDt4Ke zfr3Q\" dir=\"ltr\"><a href=\"https:\/\/drive.google.com\/file\/d\/1D_-pXHw4PzOMx6bIqQlabCKCAaHcAj1k\/view?usp=sharing\">SOLICITUD PARA CURSAR RELIGI\u00d3N O VALORES SOCIALES (SI ES NUEVO ALUMNO\/A EN EL CENTRO O DESEA HACER UN CAMBIO)<\/a><\/p>\n<\/li>\n<li class=\"TYR86d wXCUfe zfr3Q\">\n<p class=\"CDt4Ke zfr3Q\" dir=\"ltr\"><a href=\"https:\/\/drive.google.com\/file\/d\/1vwXEeCxQTXRfGSayQKvgj6wtTF7CyHj7\/view?usp=sharing\">AUTORIZACI\u00d3N DE IM\u00c1GENES (SI ES NUEVO ALUMNO\/A EN EL CENTRO)<\/a><\/p>\n<\/li>\n<li class=\"TYR86d wXCUfe zfr3Q\">\n<p class=\"CDt4Ke zfr3Q\" dir=\"ltr\"><a href=\"https:\/\/drive.google.com\/file\/d\/1RsIRqiRELfklPgcJE0IqUkDYFHzrAPYx\/view?usp=sharing\">CUESTIONARIO DE SALUD.<\/a><\/p>\n<\/li>\n<li><a href=\"https:\/\/drive.google.com\/file\/d\/15qXbRNYLsmEG3ks2izRV8GEe-8ufv2iE\/view?usp=sharing\">IMPRESO SOLICITUD BONIFICACI\u00d3N.<\/a>&nbsp;(LAS BONIFICACIONES SE ENTREGAN DEL 1 AL 7 DE SEPTIEMBRE).<\/li>\n<li><a href=\"https:\/\/drive.google.com\/file\/d\/1DsQsnZTovITFzFatj_cfcI9gv0xfA6LE\/view?usp=sharing\">IMPRESO AULA MATINAL\/COMEDOR.<\/a><\/li>\n<li><a href=\"https:\/\/drive.google.com\/file\/d\/1Zoyg6Zm7IuTIspXPSazzfz_KwDf3UNbg\/view?usp=sharing\">INFORMACI\u00d3N SOBRE DOCUMENTACI\u00d3N A PRESENTAR IMPORTANTE<\/a><\/li>\n<\/ul>\n<section id=\"h.12ca9a25407ce6f0_32\" class=\"yaqOZd cJgDec nyKByd\">\n<div class=\"mYVXT\">\n<div class=\"LS81yb VICjCf j5pSsc db35Fc\">\n<div class=\"hJDwNd-AhqUyc-uQSCkd Ft7HRd-AhqUyc-uQSCkd purZT-AhqUyc-II5mzb ZcASvf-AhqUyc-II5mzb pSzOP-AhqUyc-qWD73c Ktthjf-AhqUyc-qWD73c JNdkSc SQVYQc\">\n<div class=\"JNdkSc-SmKAyb LkDMRd\">\n<div class=\"\">\n<div class=\"oKdM2c ZZyype Kzv0Me\">\n<div id=\"h.12ca9a25407ce6f0_29\" class=\"hJDwNd-AhqUyc-uQSCkd Ft7HRd-AhqUyc-uQSCkd jXK9ad D2fZ2 zu5uec OjCsFc dmUFtb wHaque g5GTcb\">\n<div class=\"jXK9ad-SmKAyb\">\n<div class=\"tyJCtd mGzaTb Depvyb baZpAe\">&nbsp;<\/div>\n<\/div>\n<\/div>\n<\/div>\n<\/div>\n<\/div>\n<\/div>\n<\/div>\n<\/div>\n<\/section>\n<p>https:\/\/youtu.be\/GolSetOB82M<\/p>\n","protected":false},"excerpt":{"rendered":"<p>Acceso a Sobre de Matr\u00edcula de Segundo Ciclo de Infantil y Primaria PRESENTACI\u00d3N DE FORMA TELEM\u00c1TICA LAS SOLICITUDES DE MATR\u00cdCULA SER\u00c1N PRESENTADAS PREFERENTEMENTE DE FORMA TELEM\u00c1TICA ENTRE LOS D\u00cdAS 1 AL 10 DE JUNIO.&#46;&#46;&#46;<\/p>\n","protected":false},"author":5613,"featured_media":0,"comment_status":"open","ping_status":"open","sticky":false,"template":"","format":"standard","meta":{"ngg_post_thumbnail":0,"footnotes":""},"categories":[11909],"tags":[],"aioseo_notices":[],"_links":{"self":[{"href":"https:\/\/blogsaverroes.juntadeandalucia.es\/ceipsanblas\/wp-json\/wp\/v2\/posts\/4188"}],"collection":[{"href":"https:\/\/blogsaverroes.juntadeandalucia.es\/ceipsanblas\/wp-json\/wp\/v2\/posts"}],"about":[{"href":"https:\/\/blogsaverroes.juntadeandalucia.es\/ceipsanblas\/wp-json\/wp\/v2\/types\/post"}],"author":[{"embeddable":true,"href":"https:\/\/blogsaverroes.juntadeandalucia.es\/ceipsanblas\/wp-json\/wp\/v2\/users\/5613"}],"replies":[{"embeddable":true,"href":"https:\/\/blogsaverroes.juntadeandalucia.es\/ceipsanblas\/wp-json\/wp\/v2\/comments?post=4188"}],"version-history":[{"count":5,"href":"https:\/\/blogsaverroes.juntadeandalucia.es\/ceipsanblas\/wp-json\/wp\/v2\/posts\/4188\/revisions"}],"predecessor-version":[{"id":4193,"href":"https:\/\/blogsaverroes.juntadeandalucia.es\/ceipsanblas\/wp-json\/wp\/v2\/posts\/4188\/revisions\/4193"}],"wp:attachment":[{"href":"https:\/\/blogsaverroes.juntadeandalucia.es\/ceipsanblas\/wp-json\/wp\/v2\/media?parent=4188"}],"wp:term":[{"taxonomy":"category","embeddable":true,"href":"https:\/\/blogsaverroes.juntadeandalucia.es\/ceipsanblas\/wp-json\/wp\/v2\/categories?post=4188"},{"taxonomy":"post_tag","embeddable":true,"href":"https:\/\/blogsaverroes.juntadeandalucia.es\/ceipsanblas\/wp-json\/wp\/v2\/tags?post=4188"}],"curies":[{"name":"wp","href":"https:\/\/api.w.org\/{rel}","templated":true}]}}