{"id":4271,"date":"2025-02-03T17:18:02","date_gmt":"2025-02-03T17:18:02","guid":{"rendered":"https:\/\/blogsaverroes.juntadeandalucia.es\/ceipsanblas\/?p=4271"},"modified":"2025-02-03T17:18:02","modified_gmt":"2025-02-03T17:18:02","slug":"dia-de-andalucia-2025","status":"publish","type":"post","link":"https:\/\/blogsaverroes.juntadeandalucia.es\/ceipsanblas\/dia-de-andalucia-2025\/","title":{"rendered":"D\u00cdA DE ANDALUC\u00cdA 2025"},"content":{"rendered":"<p style=\"text-align: justify\">Con la llegada de Febrero nos ponemos en marcha para organizar el d\u00eda de nuestra comunidad aut\u00f3noma. Entre otras actividades que se realizar\u00e1n en las aulas, continuamos con la tradicional carrera solidaria que celebraremos el d\u00eda 26 para los alumnos de primaria. Tendr\u00e1 comienzo a las 12:00 horas y a continuaci\u00f3n, 13:00 horas aproximadamente, ser\u00e1 la entrega de trofeos. Este a\u00f1o el beneficio de las camisetas ir\u00e1 destinado a la <a href=\"https:\/\/fpdeseo.org\/\">FUNDACI\u00d3N PEQUE\u00d1O DESEO.<\/a><\/p>\n<p style=\"text-align: justify\">Para los m\u00e1s peques del cole estamos preparando una divertida y educativa Ginkana del D\u00eda de Andaluc\u00eda, donde tendr\u00e1n que demostrar los conocimientos que han adquirido en clase sobre nuestra comunidad y practicar juegos populares como las sillas musicales, el juego de la escoba, la gallinita ciega, etc.&nbsp;&nbsp;<\/p>\n<p style=\"text-align: justify\">A continuaci\u00f3n exponemos los carteles de la ginkana y la carrera. Y un enlace donde se pueden ver los recorridos y distancias de la carrera.<\/p>\n<p style=\"text-align: justify\"><a href=\"https:\/\/drive.google.com\/drive\/folders\/1oo8nBN-8vkXa-DikwH0-TnuJ_dF6rGeX?usp=sharing\"><strong>*RECORRIDOS Y DISTANCIA.<\/strong><\/a><\/p>\n<p><a href=\"https:\/\/blogsaverroes.juntadeandalucia.es\/ceipsanblas\/files\/2025\/02\/DIA-DE-ANDALUCIA-CEIP-SAN-BLAS-2025.jpg\"><img loading=\"lazy\" decoding=\"async\" class=\"aligncenter size-full wp-image-4272\" src=\"https:\/\/blogsaverroes.juntadeandalucia.es\/ceipsanblas\/files\/2025\/02\/DIA-DE-ANDALUCIA-CEIP-SAN-BLAS-2025.jpg\" alt=\"\" width=\"1414\" height=\"2000\" srcset=\"https:\/\/blogsaverroes.juntadeandalucia.es\/ceipsanblas\/files\/2025\/02\/DIA-DE-ANDALUCIA-CEIP-SAN-BLAS-2025.jpg 1131w, https:\/\/blogsaverroes.juntadeandalucia.es\/ceipsanblas\/files\/2025\/02\/DIA-DE-ANDALUCIA-CEIP-SAN-BLAS-2025-212x300.jpg 212w, https:\/\/blogsaverroes.juntadeandalucia.es\/ceipsanblas\/files\/2025\/02\/DIA-DE-ANDALUCIA-CEIP-SAN-BLAS-2025-724x1024.jpg 724w, https:\/\/blogsaverroes.juntadeandalucia.es\/ceipsanblas\/files\/2025\/02\/DIA-DE-ANDALUCIA-CEIP-SAN-BLAS-2025-768x1086.jpg 768w, https:\/\/blogsaverroes.juntadeandalucia.es\/ceipsanblas\/files\/2025\/02\/DIA-DE-ANDALUCIA-CEIP-SAN-BLAS-2025-1086x1536.jpg 1086w, https:\/\/blogsaverroes.juntadeandalucia.es\/ceipsanblas\/files\/2025\/02\/DIA-DE-ANDALUCIA-CEIP-SAN-BLAS-2025-700x990.jpg 700w\" sizes=\"(max-width: 1414px) 100vw, 1414px\" \/><\/a><a href=\"https:\/\/blogsaverroes.juntadeandalucia.es\/ceipsanblas\/files\/2025\/02\/Actividades-Infantil-1.png\"><img loading=\"lazy\" decoding=\"async\" class=\"aligncenter size-full wp-image-4273\" src=\"https:\/\/blogsaverroes.juntadeandalucia.es\/ceipsanblas\/files\/2025\/02\/Actividades-Infantil-1.png\" alt=\"\" width=\"1414\" height=\"2000\" srcset=\"https:\/\/blogsaverroes.juntadeandalucia.es\/ceipsanblas\/files\/2025\/02\/Actividades-Infantil-1.png 1131w, https:\/\/blogsaverroes.juntadeandalucia.es\/ceipsanblas\/files\/2025\/02\/Actividades-Infantil-1-212x300.png 212w, https:\/\/blogsaverroes.juntadeandalucia.es\/ceipsanblas\/files\/2025\/02\/Actividades-Infantil-1-724x1024.png 724w, https:\/\/blogsaverroes.juntadeandalucia.es\/ceipsanblas\/files\/2025\/02\/Actividades-Infantil-1-768x1086.png 768w, https:\/\/blogsaverroes.juntadeandalucia.es\/ceipsanblas\/files\/2025\/02\/Actividades-Infantil-1-1086x1536.png 1086w, https:\/\/blogsaverroes.juntadeandalucia.es\/ceipsanblas\/files\/2025\/02\/Actividades-Infantil-1-700x990.png 700w\" sizes=\"(max-width: 1414px) 100vw, 1414px\" \/><\/a><a href=\"https:\/\/blogsaverroes.juntadeandalucia.es\/ceipsanblas\/files\/2025\/02\/Modelo-Camiseta.jpg\"><img loading=\"lazy\" decoding=\"async\" class=\"aligncenter size-full wp-image-4274\" src=\"https:\/\/blogsaverroes.juntadeandalucia.es\/ceipsanblas\/files\/2025\/02\/Modelo-Camiseta.jpg\" alt=\"\" width=\"1414\" height=\"2000\" srcset=\"https:\/\/blogsaverroes.juntadeandalucia.es\/ceipsanblas\/files\/2025\/02\/Modelo-Camiseta.jpg 1131w, https:\/\/blogsaverroes.juntadeandalucia.es\/ceipsanblas\/files\/2025\/02\/Modelo-Camiseta-212x300.jpg 212w, https:\/\/blogsaverroes.juntadeandalucia.es\/ceipsanblas\/files\/2025\/02\/Modelo-Camiseta-724x1024.jpg 724w, https:\/\/blogsaverroes.juntadeandalucia.es\/ceipsanblas\/files\/2025\/02\/Modelo-Camiseta-768x1086.jpg 768w, https:\/\/blogsaverroes.juntadeandalucia.es\/ceipsanblas\/files\/2025\/02\/Modelo-Camiseta-1086x1536.jpg 1086w, https:\/\/blogsaverroes.juntadeandalucia.es\/ceipsanblas\/files\/2025\/02\/Modelo-Camiseta-700x990.jpg 700w\" sizes=\"(max-width: 1414px) 100vw, 1414px\" \/><\/a><\/p>\n","protected":false},"excerpt":{"rendered":"<p>Con la llegada de Febrero nos ponemos en marcha para organizar el d\u00eda de nuestra comunidad aut\u00f3noma. Entre otras actividades que se realizar\u00e1n en las aulas, continuamos con la tradicional carrera solidaria que celebraremos&#46;&#46;&#46;<\/p>\n","protected":false},"author":5613,"featured_media":0,"comment_status":"open","ping_status":"open","sticky":false,"template":"","format":"standard","meta":{"ngg_post_thumbnail":0,"footnotes":""},"categories":[11909],"tags":[],"aioseo_notices":[],"_links":{"self":[{"href":"https:\/\/blogsaverroes.juntadeandalucia.es\/ceipsanblas\/wp-json\/wp\/v2\/posts\/4271"}],"collection":[{"href":"https:\/\/blogsaverroes.juntadeandalucia.es\/ceipsanblas\/wp-json\/wp\/v2\/posts"}],"about":[{"href":"https:\/\/blogsaverroes.juntadeandalucia.es\/ceipsanblas\/wp-json\/wp\/v2\/types\/post"}],"author":[{"embeddable":true,"href":"https:\/\/blogsaverroes.juntadeandalucia.es\/ceipsanblas\/wp-json\/wp\/v2\/users\/5613"}],"replies":[{"embeddable":true,"href":"https:\/\/blogsaverroes.juntadeandalucia.es\/ceipsanblas\/wp-json\/wp\/v2\/comments?post=4271"}],"version-history":[{"count":1,"href":"https:\/\/blogsaverroes.juntadeandalucia.es\/ceipsanblas\/wp-json\/wp\/v2\/posts\/4271\/revisions"}],"predecessor-version":[{"id":4275,"href":"https:\/\/blogsaverroes.juntadeandalucia.es\/ceipsanblas\/wp-json\/wp\/v2\/posts\/4271\/revisions\/4275"}],"wp:attachment":[{"href":"https:\/\/blogsaverroes.juntadeandalucia.es\/ceipsanblas\/wp-json\/wp\/v2\/media?parent=4271"}],"wp:term":[{"taxonomy":"category","embeddable":true,"href":"https:\/\/blogsaverroes.juntadeandalucia.es\/ceipsanblas\/wp-json\/wp\/v2\/categories?post=4271"},{"taxonomy":"post_tag","embeddable":true,"href":"https:\/\/blogsaverroes.juntadeandalucia.es\/ceipsanblas\/wp-json\/wp\/v2\/tags?post=4271"}],"curies":[{"name":"wp","href":"https:\/\/api.w.org\/{rel}","templated":true}]}}