{"id":3011,"date":"2022-01-31T22:38:23","date_gmt":"2022-01-31T21:38:23","guid":{"rendered":"https:\/\/blogsaverroes.juntadeandalucia.es\/ceipsanctipetri\/?p=3011"},"modified":"2022-01-31T22:38:23","modified_gmt":"2022-01-31T21:38:23","slug":"comedor-febrero","status":"publish","type":"post","link":"https:\/\/blogsaverroes.juntadeandalucia.es\/ceipsanctipetri\/comedor-febrero\/","title":{"rendered":"COMEDOR FEBRERO"},"content":{"rendered":"<h3 style=\"text-align: justify\">Estimadas familias:<\/h3>\n<h3 style=\"text-align: justify\">Se nos ha comunicado desde el CEIP Al-\u00c1ndalus que se est\u00e1 realizando el tr\u00e1nsito del \u00abservicio de comedor con cocina transportada desde una cocina central\u00bb a disponer de un servicio de cocina \u00abin situ\u00bb para la elaboraci\u00f3n de los men\u00fas en el propio centro. Se prevee que se acabe el tr\u00e1nsito a mediados de marzo. Hasta entonces, algunos platos se elaborar\u00e1n en la cocina del propio centro y otros se transportar\u00e1n desde la cocina central.<\/h3>\n<p>&nbsp;<\/p>\n<h3 style=\"text-align: justify\">El men\u00fa de este mes lo pueden consultar en el siguiente enlace:<\/h3>\n<p>&nbsp;<\/p>\n<ul>\n<li>\n<h3 style=\"text-align: justify\"><a href=\"https:\/\/drive.google.com\/file\/d\/11tBlRxCr4IrxLV_wcWLQO0jpMfxchTNe\/view?usp=sharing\">MEN\u00da ENERO-FEBRERO<\/a><\/h3>\n<\/li>\n<\/ul>\n","protected":false},"excerpt":{"rendered":"<p>Estimadas familias: Se nos ha comunicado desde el CEIP Al-\u00c1ndalus que se est\u00e1 realizando el tr\u00e1nsito del \u00abservicio de comedor con cocina transportada desde una cocina central\u00bb a disponer de un servicio de cocina&#46;&#46;&#46;<\/p>\n","protected":false},"author":10333,"featured_media":2424,"comment_status":"closed","ping_status":"open","sticky":false,"template":"","format":"standard","meta":{"ngg_post_thumbnail":0,"footnotes":""},"categories":[25491],"tags":[],"aioseo_notices":[],"_links":{"self":[{"href":"https:\/\/blogsaverroes.juntadeandalucia.es\/ceipsanctipetri\/wp-json\/wp\/v2\/posts\/3011"}],"collection":[{"href":"https:\/\/blogsaverroes.juntadeandalucia.es\/ceipsanctipetri\/wp-json\/wp\/v2\/posts"}],"about":[{"href":"https:\/\/blogsaverroes.juntadeandalucia.es\/ceipsanctipetri\/wp-json\/wp\/v2\/types\/post"}],"author":[{"embeddable":true,"href":"https:\/\/blogsaverroes.juntadeandalucia.es\/ceipsanctipetri\/wp-json\/wp\/v2\/users\/10333"}],"replies":[{"embeddable":true,"href":"https:\/\/blogsaverroes.juntadeandalucia.es\/ceipsanctipetri\/wp-json\/wp\/v2\/comments?post=3011"}],"version-history":[{"count":2,"href":"https:\/\/blogsaverroes.juntadeandalucia.es\/ceipsanctipetri\/wp-json\/wp\/v2\/posts\/3011\/revisions"}],"predecessor-version":[{"id":3013,"href":"https:\/\/blogsaverroes.juntadeandalucia.es\/ceipsanctipetri\/wp-json\/wp\/v2\/posts\/3011\/revisions\/3013"}],"wp:featuredmedia":[{"embeddable":true,"href":"https:\/\/blogsaverroes.juntadeandalucia.es\/ceipsanctipetri\/wp-json\/wp\/v2\/media\/2424"}],"wp:attachment":[{"href":"https:\/\/blogsaverroes.juntadeandalucia.es\/ceipsanctipetri\/wp-json\/wp\/v2\/media?parent=3011"}],"wp:term":[{"taxonomy":"category","embeddable":true,"href":"https:\/\/blogsaverroes.juntadeandalucia.es\/ceipsanctipetri\/wp-json\/wp\/v2\/categories?post=3011"},{"taxonomy":"post_tag","embeddable":true,"href":"https:\/\/blogsaverroes.juntadeandalucia.es\/ceipsanctipetri\/wp-json\/wp\/v2\/tags?post=3011"}],"curies":[{"name":"wp","href":"https:\/\/api.w.org\/{rel}","templated":true}]}}