{"id":2318,"date":"2020-09-10T09:55:20","date_gmt":"2020-09-10T09:55:20","guid":{"rendered":"https:\/\/blogsaverroes.juntadeandalucia.es\/ceipsanfelipe\/?p=2318"},"modified":"2020-09-19T10:02:12","modified_gmt":"2020-09-19T10:02:12","slug":"horario-de-flexibilizacion","status":"publish","type":"post","link":"https:\/\/blogsaverroes.juntadeandalucia.es\/ceipsanfelipe\/horario-de-flexibilizacion\/","title":{"rendered":"Horario de flexibilizaci\u00f3n"},"content":{"rendered":"<p>Buenos d\u00edas,<\/p>\n<p>Os informamos de la flexibilizaci\u00f3n de horarios realizada para los d\u00edas 10, 11, 14 y 15 de septiembre.<\/p>\n<p>A partir del 16 de septiembre el horario ser\u00e1 de 09:00 a 14:00 horas.<\/p>\n<p>Les recordamos la importancia de extremar la puntualidad.<\/p>\n<p>Cualquier duda, estaremos encantados de solventarla.<\/p>\n<p>Un saludo.<\/p>\n<p><img loading=\"lazy\" decoding=\"async\" class=\"alignnone size-large wp-image-2319\" src=\"https:\/\/blogsaverroes.juntadeandalucia.es\/ceipsanfelipe\/files\/2020\/09\/HORARIOS-FLEXIBILIZACI\u00d3N_page-0001-724x1024.jpg\" alt=\"\" width=\"724\" height=\"1024\" srcset=\"https:\/\/blogsaverroes.juntadeandalucia.es\/ceipsanfelipe\/files\/2020\/09\/HORARIOS-FLEXIBILIZACI\u00d3N_page-0001-724x1024.jpg 724w, https:\/\/blogsaverroes.juntadeandalucia.es\/ceipsanfelipe\/files\/2020\/09\/HORARIOS-FLEXIBILIZACI\u00d3N_page-0001-212x300.jpg 212w, https:\/\/blogsaverroes.juntadeandalucia.es\/ceipsanfelipe\/files\/2020\/09\/HORARIOS-FLEXIBILIZACI\u00d3N_page-0001-768x1086.jpg 768w, https:\/\/blogsaverroes.juntadeandalucia.es\/ceipsanfelipe\/files\/2020\/09\/HORARIOS-FLEXIBILIZACI\u00d3N_page-0001-1086x1536.jpg 1086w, https:\/\/blogsaverroes.juntadeandalucia.es\/ceipsanfelipe\/files\/2020\/09\/HORARIOS-FLEXIBILIZACI\u00d3N_page-0001-17x24.jpg 17w, https:\/\/blogsaverroes.juntadeandalucia.es\/ceipsanfelipe\/files\/2020\/09\/HORARIOS-FLEXIBILIZACI\u00d3N_page-0001-25x36.jpg 25w, https:\/\/blogsaverroes.juntadeandalucia.es\/ceipsanfelipe\/files\/2020\/09\/HORARIOS-FLEXIBILIZACI\u00d3N_page-0001-34x48.jpg 34w, https:\/\/blogsaverroes.juntadeandalucia.es\/ceipsanfelipe\/files\/2020\/09\/HORARIOS-FLEXIBILIZACI\u00d3N_page-0001.jpg 1131w\" sizes=\"(max-width: 724px) 100vw, 724px\" \/> <img loading=\"lazy\" decoding=\"async\" class=\"alignnone size-large wp-image-2320\" src=\"https:\/\/blogsaverroes.juntadeandalucia.es\/ceipsanfelipe\/files\/2020\/09\/HORARIOS-FLEXIBILIZACI\u00d3N_page-0002-724x1024.jpg\" alt=\"\" width=\"724\" height=\"1024\" srcset=\"https:\/\/blogsaverroes.juntadeandalucia.es\/ceipsanfelipe\/files\/2020\/09\/HORARIOS-FLEXIBILIZACI\u00d3N_page-0002-724x1024.jpg 724w, https:\/\/blogsaverroes.juntadeandalucia.es\/ceipsanfelipe\/files\/2020\/09\/HORARIOS-FLEXIBILIZACI\u00d3N_page-0002-212x300.jpg 212w, https:\/\/blogsaverroes.juntadeandalucia.es\/ceipsanfelipe\/files\/2020\/09\/HORARIOS-FLEXIBILIZACI\u00d3N_page-0002-768x1086.jpg 768w, https:\/\/blogsaverroes.juntadeandalucia.es\/ceipsanfelipe\/files\/2020\/09\/HORARIOS-FLEXIBILIZACI\u00d3N_page-0002-1086x1536.jpg 1086w, https:\/\/blogsaverroes.juntadeandalucia.es\/ceipsanfelipe\/files\/2020\/09\/HORARIOS-FLEXIBILIZACI\u00d3N_page-0002-17x24.jpg 17w, https:\/\/blogsaverroes.juntadeandalucia.es\/ceipsanfelipe\/files\/2020\/09\/HORARIOS-FLEXIBILIZACI\u00d3N_page-0002-25x36.jpg 25w, https:\/\/blogsaverroes.juntadeandalucia.es\/ceipsanfelipe\/files\/2020\/09\/HORARIOS-FLEXIBILIZACI\u00d3N_page-0002-34x48.jpg 34w, https:\/\/blogsaverroes.juntadeandalucia.es\/ceipsanfelipe\/files\/2020\/09\/HORARIOS-FLEXIBILIZACI\u00d3N_page-0002.jpg 1131w\" sizes=\"(max-width: 724px) 100vw, 724px\" \/> <img loading=\"lazy\" decoding=\"async\" class=\"alignnone size-large wp-image-2321\" src=\"https:\/\/blogsaverroes.juntadeandalucia.es\/ceipsanfelipe\/files\/2020\/09\/HORARIOS-FLEXIBILIZACI\u00d3N_page-0003-724x1024.jpg\" alt=\"\" width=\"724\" height=\"1024\" srcset=\"https:\/\/blogsaverroes.juntadeandalucia.es\/ceipsanfelipe\/files\/2020\/09\/HORARIOS-FLEXIBILIZACI\u00d3N_page-0003-724x1024.jpg 724w, https:\/\/blogsaverroes.juntadeandalucia.es\/ceipsanfelipe\/files\/2020\/09\/HORARIOS-FLEXIBILIZACI\u00d3N_page-0003-212x300.jpg 212w, https:\/\/blogsaverroes.juntadeandalucia.es\/ceipsanfelipe\/files\/2020\/09\/HORARIOS-FLEXIBILIZACI\u00d3N_page-0003-768x1086.jpg 768w, https:\/\/blogsaverroes.juntadeandalucia.es\/ceipsanfelipe\/files\/2020\/09\/HORARIOS-FLEXIBILIZACI\u00d3N_page-0003-1086x1536.jpg 1086w, https:\/\/blogsaverroes.juntadeandalucia.es\/ceipsanfelipe\/files\/2020\/09\/HORARIOS-FLEXIBILIZACI\u00d3N_page-0003-17x24.jpg 17w, https:\/\/blogsaverroes.juntadeandalucia.es\/ceipsanfelipe\/files\/2020\/09\/HORARIOS-FLEXIBILIZACI\u00d3N_page-0003-25x36.jpg 25w, https:\/\/blogsaverroes.juntadeandalucia.es\/ceipsanfelipe\/files\/2020\/09\/HORARIOS-FLEXIBILIZACI\u00d3N_page-0003-34x48.jpg 34w, https:\/\/blogsaverroes.juntadeandalucia.es\/ceipsanfelipe\/files\/2020\/09\/HORARIOS-FLEXIBILIZACI\u00d3N_page-0003.jpg 1131w\" sizes=\"(max-width: 724px) 100vw, 724px\" \/><\/p>\n","protected":false},"excerpt":{"rendered":"<p>Buenos d\u00edas, Os informamos de la flexibilizaci\u00f3n de horarios realizada para los d\u00edas 10, 11, 14 y 15 de septiembre. A partir del 16 de septiembre el horario ser\u00e1 de 09:00 a 14:00 horas.&#46;&#46;&#46;<\/p>\n","protected":false},"author":10138,"featured_media":2330,"comment_status":"open","ping_status":"open","sticky":false,"template":"","format":"standard","meta":{"ngg_post_thumbnail":0,"footnotes":""},"categories":[11909],"tags":[],"aioseo_notices":[],"_links":{"self":[{"href":"https:\/\/blogsaverroes.juntadeandalucia.es\/ceipsanfelipe\/wp-json\/wp\/v2\/posts\/2318"}],"collection":[{"href":"https:\/\/blogsaverroes.juntadeandalucia.es\/ceipsanfelipe\/wp-json\/wp\/v2\/posts"}],"about":[{"href":"https:\/\/blogsaverroes.juntadeandalucia.es\/ceipsanfelipe\/wp-json\/wp\/v2\/types\/post"}],"author":[{"embeddable":true,"href":"https:\/\/blogsaverroes.juntadeandalucia.es\/ceipsanfelipe\/wp-json\/wp\/v2\/users\/10138"}],"replies":[{"embeddable":true,"href":"https:\/\/blogsaverroes.juntadeandalucia.es\/ceipsanfelipe\/wp-json\/wp\/v2\/comments?post=2318"}],"version-history":[{"count":1,"href":"https:\/\/blogsaverroes.juntadeandalucia.es\/ceipsanfelipe\/wp-json\/wp\/v2\/posts\/2318\/revisions"}],"predecessor-version":[{"id":2322,"href":"https:\/\/blogsaverroes.juntadeandalucia.es\/ceipsanfelipe\/wp-json\/wp\/v2\/posts\/2318\/revisions\/2322"}],"wp:featuredmedia":[{"embeddable":true,"href":"https:\/\/blogsaverroes.juntadeandalucia.es\/ceipsanfelipe\/wp-json\/wp\/v2\/media\/2330"}],"wp:attachment":[{"href":"https:\/\/blogsaverroes.juntadeandalucia.es\/ceipsanfelipe\/wp-json\/wp\/v2\/media?parent=2318"}],"wp:term":[{"taxonomy":"category","embeddable":true,"href":"https:\/\/blogsaverroes.juntadeandalucia.es\/ceipsanfelipe\/wp-json\/wp\/v2\/categories?post=2318"},{"taxonomy":"post_tag","embeddable":true,"href":"https:\/\/blogsaverroes.juntadeandalucia.es\/ceipsanfelipe\/wp-json\/wp\/v2\/tags?post=2318"}],"curies":[{"name":"wp","href":"https:\/\/api.w.org\/{rel}","templated":true}]}}