{"id":2612,"date":"2024-09-03T10:34:16","date_gmt":"2024-09-03T10:34:16","guid":{"rendered":"https:\/\/blogsaverroes.juntadeandalucia.es\/ceipsanfelipe\/?p=2612"},"modified":"2024-09-03T10:34:16","modified_gmt":"2024-09-03T10:34:16","slug":"tutoria-general-5-septiembre","status":"publish","type":"post","link":"https:\/\/blogsaverroes.juntadeandalucia.es\/ceipsanfelipe\/tutoria-general-5-septiembre\/","title":{"rendered":"Tutor\u00eda General &#8211; 5 Septiembre"},"content":{"rendered":"<p>Estimadas familias:<\/p>\n<p>En primer lugar, queremos darles la bienvenida al nuevo curso escolar 2024\/25. Estamos emocionados de comenzar este nuevo curso y de compartir con ustedes todos los aprendizajes y experiencias que este curso traer\u00e1.<\/p>\n<p>Les recordamos que el pr\u00f3ximo <b>5 de septiembre<\/b> se celebrar\u00e1n las tutor\u00edas generales. Durante estas reuniones, el tutor o tutora de cada grupo les informar\u00e1 sobre aspectos importantes relacionados con el inicio del curso , y otros temas relevantes para el desarrollo del a\u00f1o escolar.<\/p>\n<p><b>Horario de la Tutor\u00eda General:<\/b><\/p>\n<ul>\n<li><b>Infantil:<\/b> 10:00 horas<\/li>\n<li><b>1\u00ba, 2\u00ba, 3\u00ba de Primaria y Aula Espec\u00edfica:<\/b> 11:00 horas<\/li>\n<li><b>4\u00ba, 5\u00ba y 6\u00ba de Primaria:<\/b> 12:00 horas<\/li>\n<\/ul>\n<p>Es fundamental que asistan a estas reuniones, ya que ser\u00e1 una excelente oportunidad para conocer de primera mano la organizaci\u00f3n del curso, as\u00ed como para resolver cualquier duda o inquietud que puedan tener.<\/p>\n<p>Agradecemos de antemano su participaci\u00f3n y colaboraci\u00f3n.<\/p>\n<p><b>Un cordial saludo,<\/b><b><br \/>\n<\/b>CEIP San Felipe<\/p>\n","protected":false},"excerpt":{"rendered":"<p>Estimadas familias: En primer lugar, queremos darles la bienvenida al nuevo curso escolar 2024\/25. Estamos emocionados de comenzar este nuevo curso y de compartir con ustedes todos los aprendizajes y experiencias que este curso&#46;&#46;&#46;<\/p>\n","protected":false},"author":10138,"featured_media":2613,"comment_status":"open","ping_status":"open","sticky":false,"template":"","format":"standard","meta":{"ngg_post_thumbnail":0,"footnotes":""},"categories":[11909],"tags":[],"aioseo_notices":[],"_links":{"self":[{"href":"https:\/\/blogsaverroes.juntadeandalucia.es\/ceipsanfelipe\/wp-json\/wp\/v2\/posts\/2612"}],"collection":[{"href":"https:\/\/blogsaverroes.juntadeandalucia.es\/ceipsanfelipe\/wp-json\/wp\/v2\/posts"}],"about":[{"href":"https:\/\/blogsaverroes.juntadeandalucia.es\/ceipsanfelipe\/wp-json\/wp\/v2\/types\/post"}],"author":[{"embeddable":true,"href":"https:\/\/blogsaverroes.juntadeandalucia.es\/ceipsanfelipe\/wp-json\/wp\/v2\/users\/10138"}],"replies":[{"embeddable":true,"href":"https:\/\/blogsaverroes.juntadeandalucia.es\/ceipsanfelipe\/wp-json\/wp\/v2\/comments?post=2612"}],"version-history":[{"count":1,"href":"https:\/\/blogsaverroes.juntadeandalucia.es\/ceipsanfelipe\/wp-json\/wp\/v2\/posts\/2612\/revisions"}],"predecessor-version":[{"id":2614,"href":"https:\/\/blogsaverroes.juntadeandalucia.es\/ceipsanfelipe\/wp-json\/wp\/v2\/posts\/2612\/revisions\/2614"}],"wp:featuredmedia":[{"embeddable":true,"href":"https:\/\/blogsaverroes.juntadeandalucia.es\/ceipsanfelipe\/wp-json\/wp\/v2\/media\/2613"}],"wp:attachment":[{"href":"https:\/\/blogsaverroes.juntadeandalucia.es\/ceipsanfelipe\/wp-json\/wp\/v2\/media?parent=2612"}],"wp:term":[{"taxonomy":"category","embeddable":true,"href":"https:\/\/blogsaverroes.juntadeandalucia.es\/ceipsanfelipe\/wp-json\/wp\/v2\/categories?post=2612"},{"taxonomy":"post_tag","embeddable":true,"href":"https:\/\/blogsaverroes.juntadeandalucia.es\/ceipsanfelipe\/wp-json\/wp\/v2\/tags?post=2612"}],"curies":[{"name":"wp","href":"https:\/\/api.w.org\/{rel}","templated":true}]}}