{"id":2330,"date":"2016-02-18T01:00:33","date_gmt":"2016-02-18T00:00:33","guid":{"rendered":"http:\/\/blogsaverroes.juntadeandalucia.es\/ceipsanfernando\/?p=2330"},"modified":"2016-02-18T01:04:47","modified_gmt":"2016-02-18T00:04:47","slug":"2330","status":"publish","type":"post","link":"https:\/\/blogsaverroes.juntadeandalucia.es\/ceipsanfernando\/2016\/02\/18\/2330\/","title":{"rendered":"Se acerca el d\u00eda de Andaluc\u00eda. 28 de febrero."},"content":{"rendered":"<p>Ahora que se acerca la celebraci\u00f3n del D\u00eda de Andaluc\u00eda, compartimos con ustedes el v\u00eddeo conmemorativo que realiz\u00f3 el centro en 2013 con esta ocasi\u00f3n. A trav\u00e9s de estas im\u00e1genes recordaremos a antiguos alumnos de los que guardamos un grato recuerdo y a muchos otros que a\u00fan hoy est\u00e1n entre nosotros; adem\u00e1s de escritores, pensadores, m\u00fasicos sobresalientes y lugares significativos de nuestra Andaluc\u00eda.<\/p>\n<p><iframe loading=\"lazy\" title=\"VIDEO CONMEMORATIVO DEL D\u00cdA DE ANDALUC\u00cdA. 2013\" width=\"500\" height=\"281\" src=\"https:\/\/www.youtube.com\/embed\/h0GnLkcFIds?feature=oembed&#038;wmode=opaque\" frameborder=\"0\" allow=\"accelerometer; autoplay; clipboard-write; encrypted-media; gyroscope; picture-in-picture; web-share\" allowfullscreen><\/iframe><\/p>\n","protected":false},"excerpt":{"rendered":"<p>Ahora que se acerca la celebraci\u00f3n del D\u00eda de Andaluc\u00eda, compartimos con ustedes el v\u00eddeo conmemorativo que realiz\u00f3 el centro en 2013 con esta ocasi\u00f3n. A trav\u00e9s de estas im\u00e1genes recordaremos a antiguos alumnos&#46;&#46;&#46;<\/p>\n","protected":false},"author":3030,"featured_media":0,"comment_status":"open","ping_status":"open","sticky":false,"template":"","format":"video","meta":{"ngg_post_thumbnail":0,"footnotes":""},"categories":[11909],"tags":[],"aioseo_notices":[],"_links":{"self":[{"href":"https:\/\/blogsaverroes.juntadeandalucia.es\/ceipsanfernando\/wp-json\/wp\/v2\/posts\/2330"}],"collection":[{"href":"https:\/\/blogsaverroes.juntadeandalucia.es\/ceipsanfernando\/wp-json\/wp\/v2\/posts"}],"about":[{"href":"https:\/\/blogsaverroes.juntadeandalucia.es\/ceipsanfernando\/wp-json\/wp\/v2\/types\/post"}],"author":[{"embeddable":true,"href":"https:\/\/blogsaverroes.juntadeandalucia.es\/ceipsanfernando\/wp-json\/wp\/v2\/users\/3030"}],"replies":[{"embeddable":true,"href":"https:\/\/blogsaverroes.juntadeandalucia.es\/ceipsanfernando\/wp-json\/wp\/v2\/comments?post=2330"}],"version-history":[{"count":4,"href":"https:\/\/blogsaverroes.juntadeandalucia.es\/ceipsanfernando\/wp-json\/wp\/v2\/posts\/2330\/revisions"}],"predecessor-version":[{"id":2335,"href":"https:\/\/blogsaverroes.juntadeandalucia.es\/ceipsanfernando\/wp-json\/wp\/v2\/posts\/2330\/revisions\/2335"}],"wp:attachment":[{"href":"https:\/\/blogsaverroes.juntadeandalucia.es\/ceipsanfernando\/wp-json\/wp\/v2\/media?parent=2330"}],"wp:term":[{"taxonomy":"category","embeddable":true,"href":"https:\/\/blogsaverroes.juntadeandalucia.es\/ceipsanfernando\/wp-json\/wp\/v2\/categories?post=2330"},{"taxonomy":"post_tag","embeddable":true,"href":"https:\/\/blogsaverroes.juntadeandalucia.es\/ceipsanfernando\/wp-json\/wp\/v2\/tags?post=2330"}],"curies":[{"name":"wp","href":"https:\/\/api.w.org\/{rel}","templated":true}]}}