{"id":2811,"date":"2017-01-25T09:27:23","date_gmt":"2017-01-25T08:27:23","guid":{"rendered":"http:\/\/blogsaverroes.juntadeandalucia.es\/ceipsanfernando\/?p=2811"},"modified":"2017-01-25T09:27:23","modified_gmt":"2017-01-25T08:27:23","slug":"animalandia","status":"publish","type":"post","link":"https:\/\/blogsaverroes.juntadeandalucia.es\/ceipsanfernando\/2017\/01\/25\/animalandia\/","title":{"rendered":"Animalandia"},"content":{"rendered":"<p>Los alumnos de primer ciclo de Primaria disfrutaron ayer de una actividad en el Teatro de Dos Hermanas, organizada por la Concejal\u00eda de Igualdad del Ayuntamiento de\u00a0la localidad, realacionada con la celebraci\u00f3n del D\u00eda de la Paz. La actividad mereci\u00f3 el reconocimiento y la valoraci\u00f3n positiva del profesorado que asisti\u00f3 a ella acompa\u00f1ando a los alumnos, por la buena adaptaci\u00f3n a las capacidades de ni\u00f1os\u00a0a los que iba dirigida,\u00a0lo que la hace digna de recomendaci\u00f3n.<\/p>\n<p>Bajo estas l\u00edneas pueden ver fotograf\u00edas de la jornada.<\/p>\n<p><a href=\"http:\/\/blogsaverroes.juntadeandalucia.es\/ceipsanfernando\/files\/2017\/01\/IMG-20170124-WA0008.jpg\"><img loading=\"lazy\" decoding=\"async\" class=\"aligncenter size-medium wp-image-2813\" src=\"http:\/\/blogsaverroes.juntadeandalucia.es\/ceipsanfernando\/files\/2017\/01\/IMG-20170124-WA0008-300x225.jpg\" alt=\"IMG-20170124-WA0008\" width=\"300\" height=\"225\" srcset=\"https:\/\/blogsaverroes.juntadeandalucia.es\/ceipsanfernando\/files\/2017\/01\/IMG-20170124-WA0008-300x225.jpg 300w, https:\/\/blogsaverroes.juntadeandalucia.es\/ceipsanfernando\/files\/2017\/01\/IMG-20170124-WA0008-1024x768.jpg 1024w, https:\/\/blogsaverroes.juntadeandalucia.es\/ceipsanfernando\/files\/2017\/01\/IMG-20170124-WA0008-700x525.jpg 700w, https:\/\/blogsaverroes.juntadeandalucia.es\/ceipsanfernando\/files\/2017\/01\/IMG-20170124-WA0008-24x18.jpg 24w, https:\/\/blogsaverroes.juntadeandalucia.es\/ceipsanfernando\/files\/2017\/01\/IMG-20170124-WA0008-36x27.jpg 36w, https:\/\/blogsaverroes.juntadeandalucia.es\/ceipsanfernando\/files\/2017\/01\/IMG-20170124-WA0008-48x36.jpg 48w, https:\/\/blogsaverroes.juntadeandalucia.es\/ceipsanfernando\/files\/2017\/01\/IMG-20170124-WA0008.jpg 1599w\" sizes=\"(max-width: 300px) 100vw, 300px\" \/><\/a> <a href=\"http:\/\/blogsaverroes.juntadeandalucia.es\/ceipsanfernando\/files\/2017\/01\/IMG-20170124-WA0012.jpg\"><img loading=\"lazy\" decoding=\"async\" class=\"aligncenter size-medium wp-image-2816\" src=\"http:\/\/blogsaverroes.juntadeandalucia.es\/ceipsanfernando\/files\/2017\/01\/IMG-20170124-WA0012-300x169.jpg\" alt=\"IMG-20170124-WA0012\" width=\"300\" height=\"169\" srcset=\"https:\/\/blogsaverroes.juntadeandalucia.es\/ceipsanfernando\/files\/2017\/01\/IMG-20170124-WA0012-300x169.jpg 300w, https:\/\/blogsaverroes.juntadeandalucia.es\/ceipsanfernando\/files\/2017\/01\/IMG-20170124-WA0012-1024x576.jpg 1024w, https:\/\/blogsaverroes.juntadeandalucia.es\/ceipsanfernando\/files\/2017\/01\/IMG-20170124-WA0012-700x393.jpg 700w, https:\/\/blogsaverroes.juntadeandalucia.es\/ceipsanfernando\/files\/2017\/01\/IMG-20170124-WA0012-24x14.jpg 24w, https:\/\/blogsaverroes.juntadeandalucia.es\/ceipsanfernando\/files\/2017\/01\/IMG-20170124-WA0012-36x20.jpg 36w, https:\/\/blogsaverroes.juntadeandalucia.es\/ceipsanfernando\/files\/2017\/01\/IMG-20170124-WA0012-48x27.jpg 48w, https:\/\/blogsaverroes.juntadeandalucia.es\/ceipsanfernando\/files\/2017\/01\/IMG-20170124-WA0012.jpg 1600w\" sizes=\"(max-width: 300px) 100vw, 300px\" \/><\/a><\/p>\n","protected":false},"excerpt":{"rendered":"<p>Los alumnos de primer ciclo de Primaria disfrutaron ayer de una actividad en el Teatro de Dos Hermanas, organizada por la Concejal\u00eda de Igualdad del Ayuntamiento de\u00a0la localidad, realacionada con la celebraci\u00f3n del D\u00eda&#46;&#46;&#46;<\/p>\n","protected":false},"author":3030,"featured_media":2815,"comment_status":"open","ping_status":"open","sticky":false,"template":"","format":"standard","meta":{"ngg_post_thumbnail":0,"footnotes":""},"categories":[11909],"tags":[],"aioseo_notices":[],"_links":{"self":[{"href":"https:\/\/blogsaverroes.juntadeandalucia.es\/ceipsanfernando\/wp-json\/wp\/v2\/posts\/2811"}],"collection":[{"href":"https:\/\/blogsaverroes.juntadeandalucia.es\/ceipsanfernando\/wp-json\/wp\/v2\/posts"}],"about":[{"href":"https:\/\/blogsaverroes.juntadeandalucia.es\/ceipsanfernando\/wp-json\/wp\/v2\/types\/post"}],"author":[{"embeddable":true,"href":"https:\/\/blogsaverroes.juntadeandalucia.es\/ceipsanfernando\/wp-json\/wp\/v2\/users\/3030"}],"replies":[{"embeddable":true,"href":"https:\/\/blogsaverroes.juntadeandalucia.es\/ceipsanfernando\/wp-json\/wp\/v2\/comments?post=2811"}],"version-history":[{"count":1,"href":"https:\/\/blogsaverroes.juntadeandalucia.es\/ceipsanfernando\/wp-json\/wp\/v2\/posts\/2811\/revisions"}],"predecessor-version":[{"id":2817,"href":"https:\/\/blogsaverroes.juntadeandalucia.es\/ceipsanfernando\/wp-json\/wp\/v2\/posts\/2811\/revisions\/2817"}],"wp:featuredmedia":[{"embeddable":true,"href":"https:\/\/blogsaverroes.juntadeandalucia.es\/ceipsanfernando\/wp-json\/wp\/v2\/media\/2815"}],"wp:attachment":[{"href":"https:\/\/blogsaverroes.juntadeandalucia.es\/ceipsanfernando\/wp-json\/wp\/v2\/media?parent=2811"}],"wp:term":[{"taxonomy":"category","embeddable":true,"href":"https:\/\/blogsaverroes.juntadeandalucia.es\/ceipsanfernando\/wp-json\/wp\/v2\/categories?post=2811"},{"taxonomy":"post_tag","embeddable":true,"href":"https:\/\/blogsaverroes.juntadeandalucia.es\/ceipsanfernando\/wp-json\/wp\/v2\/tags?post=2811"}],"curies":[{"name":"wp","href":"https:\/\/api.w.org\/{rel}","templated":true}]}}