{"id":2894,"date":"2017-04-26T09:41:14","date_gmt":"2017-04-26T07:41:14","guid":{"rendered":"http:\/\/blogsaverroes.juntadeandalucia.es\/ceipsanfernando\/?p=2894"},"modified":"2017-04-26T09:41:14","modified_gmt":"2017-04-26T07:41:14","slug":"excursion-a-la-catedral","status":"publish","type":"post","link":"https:\/\/blogsaverroes.juntadeandalucia.es\/ceipsanfernando\/2017\/04\/26\/excursion-a-la-catedral\/","title":{"rendered":"Excursi\u00f3n a la Catedral."},"content":{"rendered":"<p>Unos d\u00edas antes de Semana Santa, los alumnos de quinto y sexto curso realizaron una visita cultural&nbsp;a la Catedral de Sevilla y al barrio de Santa Cruz acompa\u00f1ados por la maestra de Religi\u00f3n, que ejerci\u00f3 de gu\u00eda, y los tutores de ambos cursos. En ella, los alumnos pudieron ver distintos elementos arquitect\u00f3nicos estudiados en clase, as\u00ed como diferentes pinturas de Goya y Murillo, tambi\u00e9n estudiadas previamente. Bajo estas l\u00edneas vemos una fotograf\u00eda que recuerda la jornada.<\/p>\n<p><a href=\"http:\/\/blogsaverroes.juntadeandalucia.es\/ceipsanfernando\/files\/2017\/04\/IMG_20170320_100837_1.jpg\"><img loading=\"lazy\" decoding=\"async\" class=\"aligncenter size-medium wp-image-2895\" src=\"http:\/\/blogsaverroes.juntadeandalucia.es\/ceipsanfernando\/files\/2017\/04\/IMG_20170320_100837_1-300x225.jpg\" alt=\"\" width=\"300\" height=\"225\" srcset=\"https:\/\/blogsaverroes.juntadeandalucia.es\/ceipsanfernando\/files\/2017\/04\/IMG_20170320_100837_1-300x225.jpg 300w, https:\/\/blogsaverroes.juntadeandalucia.es\/ceipsanfernando\/files\/2017\/04\/IMG_20170320_100837_1-768x576.jpg 768w, https:\/\/blogsaverroes.juntadeandalucia.es\/ceipsanfernando\/files\/2017\/04\/IMG_20170320_100837_1-1024x768.jpg 1024w, https:\/\/blogsaverroes.juntadeandalucia.es\/ceipsanfernando\/files\/2017\/04\/IMG_20170320_100837_1-700x525.jpg 700w, https:\/\/blogsaverroes.juntadeandalucia.es\/ceipsanfernando\/files\/2017\/04\/IMG_20170320_100837_1-24x18.jpg 24w, https:\/\/blogsaverroes.juntadeandalucia.es\/ceipsanfernando\/files\/2017\/04\/IMG_20170320_100837_1-36x27.jpg 36w, https:\/\/blogsaverroes.juntadeandalucia.es\/ceipsanfernando\/files\/2017\/04\/IMG_20170320_100837_1-48x36.jpg 48w, https:\/\/blogsaverroes.juntadeandalucia.es\/ceipsanfernando\/files\/2017\/04\/IMG_20170320_100837_1.jpg 1600w\" sizes=\"(max-width: 300px) 100vw, 300px\" \/><\/a><\/p>\n","protected":false},"excerpt":{"rendered":"<p>Unos d\u00edas antes de Semana Santa, los alumnos de quinto y sexto curso realizaron una visita cultural&nbsp;a la Catedral de Sevilla y al barrio de Santa Cruz acompa\u00f1ados por la maestra de Religi\u00f3n, que&#46;&#46;&#46;<\/p>\n","protected":false},"author":3030,"featured_media":2895,"comment_status":"open","ping_status":"open","sticky":false,"template":"","format":"standard","meta":{"ngg_post_thumbnail":0,"footnotes":""},"categories":[11909],"tags":[5747],"aioseo_notices":[],"_links":{"self":[{"href":"https:\/\/blogsaverroes.juntadeandalucia.es\/ceipsanfernando\/wp-json\/wp\/v2\/posts\/2894"}],"collection":[{"href":"https:\/\/blogsaverroes.juntadeandalucia.es\/ceipsanfernando\/wp-json\/wp\/v2\/posts"}],"about":[{"href":"https:\/\/blogsaverroes.juntadeandalucia.es\/ceipsanfernando\/wp-json\/wp\/v2\/types\/post"}],"author":[{"embeddable":true,"href":"https:\/\/blogsaverroes.juntadeandalucia.es\/ceipsanfernando\/wp-json\/wp\/v2\/users\/3030"}],"replies":[{"embeddable":true,"href":"https:\/\/blogsaverroes.juntadeandalucia.es\/ceipsanfernando\/wp-json\/wp\/v2\/comments?post=2894"}],"version-history":[{"count":1,"href":"https:\/\/blogsaverroes.juntadeandalucia.es\/ceipsanfernando\/wp-json\/wp\/v2\/posts\/2894\/revisions"}],"predecessor-version":[{"id":2896,"href":"https:\/\/blogsaverroes.juntadeandalucia.es\/ceipsanfernando\/wp-json\/wp\/v2\/posts\/2894\/revisions\/2896"}],"wp:featuredmedia":[{"embeddable":true,"href":"https:\/\/blogsaverroes.juntadeandalucia.es\/ceipsanfernando\/wp-json\/wp\/v2\/media\/2895"}],"wp:attachment":[{"href":"https:\/\/blogsaverroes.juntadeandalucia.es\/ceipsanfernando\/wp-json\/wp\/v2\/media?parent=2894"}],"wp:term":[{"taxonomy":"category","embeddable":true,"href":"https:\/\/blogsaverroes.juntadeandalucia.es\/ceipsanfernando\/wp-json\/wp\/v2\/categories?post=2894"},{"taxonomy":"post_tag","embeddable":true,"href":"https:\/\/blogsaverroes.juntadeandalucia.es\/ceipsanfernando\/wp-json\/wp\/v2\/tags?post=2894"}],"curies":[{"name":"wp","href":"https:\/\/api.w.org\/{rel}","templated":true}]}}