{"id":2909,"date":"2017-05-08T10:55:34","date_gmt":"2017-05-08T08:55:34","guid":{"rendered":"http:\/\/blogsaverroes.juntadeandalucia.es\/ceipsanfernando\/?p=2909"},"modified":"2017-05-08T10:55:34","modified_gmt":"2017-05-08T08:55:34","slug":"biblioteca-de-dos-hermanas","status":"publish","type":"post","link":"https:\/\/blogsaverroes.juntadeandalucia.es\/ceipsanfernando\/2017\/05\/08\/biblioteca-de-dos-hermanas\/","title":{"rendered":"BIBLIOTECA DE DOS HERMANAS"},"content":{"rendered":"<p>El pasado d\u00eda 3 de mayo los alumnos de quinto y sexto de Educaci\u00f3n Primaria realizaron una excursi\u00f3n a la biblioteca de Dos Hermanas. La actividad se encuadraba dentro del programa de animaci\u00f3n a la lectura que desarrolla el CEIP San Fernando para sus alumnos a trav\u00e9s de la biblioteca del colegio. Fue una actividad estupenda, muy bien organizada y muy motivadora. Bajo estas l\u00edneas pueden ver algunas im\u00e1genes de la jornada.<\/p>\n<p><a href=\"https:\/\/blogsaverroes.juntadeandalucia.es\/ceipsanfernando\/files\/2017\/05\/IMG-20170503-WA0008.jpg\"><img loading=\"lazy\" decoding=\"async\" class=\"aligncenter size-medium wp-image-2910\" src=\"https:\/\/blogsaverroes.juntadeandalucia.es\/ceipsanfernando\/files\/2017\/05\/IMG-20170503-WA0008-300x168.jpg\" alt=\"\" width=\"300\" height=\"168\" srcset=\"https:\/\/blogsaverroes.juntadeandalucia.es\/ceipsanfernando\/files\/2017\/05\/IMG-20170503-WA0008-300x168.jpg 300w, https:\/\/blogsaverroes.juntadeandalucia.es\/ceipsanfernando\/files\/2017\/05\/IMG-20170503-WA0008-768x431.jpg 768w, https:\/\/blogsaverroes.juntadeandalucia.es\/ceipsanfernando\/files\/2017\/05\/IMG-20170503-WA0008-1024x575.jpg 1024w, https:\/\/blogsaverroes.juntadeandalucia.es\/ceipsanfernando\/files\/2017\/05\/IMG-20170503-WA0008-700x393.jpg 700w, https:\/\/blogsaverroes.juntadeandalucia.es\/ceipsanfernando\/files\/2017\/05\/IMG-20170503-WA0008-24x13.jpg 24w, https:\/\/blogsaverroes.juntadeandalucia.es\/ceipsanfernando\/files\/2017\/05\/IMG-20170503-WA0008-36x20.jpg 36w, https:\/\/blogsaverroes.juntadeandalucia.es\/ceipsanfernando\/files\/2017\/05\/IMG-20170503-WA0008-48x27.jpg 48w, https:\/\/blogsaverroes.juntadeandalucia.es\/ceipsanfernando\/files\/2017\/05\/IMG-20170503-WA0008.jpg 1600w\" sizes=\"(max-width: 300px) 100vw, 300px\" \/><\/a> <a href=\"https:\/\/blogsaverroes.juntadeandalucia.es\/ceipsanfernando\/files\/2017\/05\/IMG-20170503-WA0001.jpg\"><img loading=\"lazy\" decoding=\"async\" class=\"aligncenter size-medium wp-image-2911\" src=\"https:\/\/blogsaverroes.juntadeandalucia.es\/ceipsanfernando\/files\/2017\/05\/IMG-20170503-WA0001-168x300.jpg\" alt=\"\" width=\"168\" height=\"300\" srcset=\"https:\/\/blogsaverroes.juntadeandalucia.es\/ceipsanfernando\/files\/2017\/05\/IMG-20170503-WA0001-168x300.jpg 168w, https:\/\/blogsaverroes.juntadeandalucia.es\/ceipsanfernando\/files\/2017\/05\/IMG-20170503-WA0001-768x1368.jpg 768w, https:\/\/blogsaverroes.juntadeandalucia.es\/ceipsanfernando\/files\/2017\/05\/IMG-20170503-WA0001-575x1024.jpg 575w, https:\/\/blogsaverroes.juntadeandalucia.es\/ceipsanfernando\/files\/2017\/05\/IMG-20170503-WA0001-700x1247.jpg 700w, https:\/\/blogsaverroes.juntadeandalucia.es\/ceipsanfernando\/files\/2017\/05\/IMG-20170503-WA0001-13x24.jpg 13w, https:\/\/blogsaverroes.juntadeandalucia.es\/ceipsanfernando\/files\/2017\/05\/IMG-20170503-WA0001-20x36.jpg 20w, https:\/\/blogsaverroes.juntadeandalucia.es\/ceipsanfernando\/files\/2017\/05\/IMG-20170503-WA0001-27x48.jpg 27w, https:\/\/blogsaverroes.juntadeandalucia.es\/ceipsanfernando\/files\/2017\/05\/IMG-20170503-WA0001.jpg 898w\" sizes=\"(max-width: 168px) 100vw, 168px\" \/><\/a><\/p>\n","protected":false},"excerpt":{"rendered":"<p>El pasado d\u00eda 3 de mayo los alumnos de quinto y sexto de Educaci\u00f3n Primaria realizaron una excursi\u00f3n a la biblioteca de Dos Hermanas. La actividad se encuadraba dentro del programa de animaci\u00f3n a&#46;&#46;&#46;<\/p>\n","protected":false},"author":3030,"featured_media":2911,"comment_status":"open","ping_status":"open","sticky":false,"template":"","format":"standard","meta":{"ngg_post_thumbnail":0,"footnotes":""},"categories":[11909],"tags":[698210],"aioseo_notices":[],"_links":{"self":[{"href":"https:\/\/blogsaverroes.juntadeandalucia.es\/ceipsanfernando\/wp-json\/wp\/v2\/posts\/2909"}],"collection":[{"href":"https:\/\/blogsaverroes.juntadeandalucia.es\/ceipsanfernando\/wp-json\/wp\/v2\/posts"}],"about":[{"href":"https:\/\/blogsaverroes.juntadeandalucia.es\/ceipsanfernando\/wp-json\/wp\/v2\/types\/post"}],"author":[{"embeddable":true,"href":"https:\/\/blogsaverroes.juntadeandalucia.es\/ceipsanfernando\/wp-json\/wp\/v2\/users\/3030"}],"replies":[{"embeddable":true,"href":"https:\/\/blogsaverroes.juntadeandalucia.es\/ceipsanfernando\/wp-json\/wp\/v2\/comments?post=2909"}],"version-history":[{"count":1,"href":"https:\/\/blogsaverroes.juntadeandalucia.es\/ceipsanfernando\/wp-json\/wp\/v2\/posts\/2909\/revisions"}],"predecessor-version":[{"id":2912,"href":"https:\/\/blogsaverroes.juntadeandalucia.es\/ceipsanfernando\/wp-json\/wp\/v2\/posts\/2909\/revisions\/2912"}],"wp:featuredmedia":[{"embeddable":true,"href":"https:\/\/blogsaverroes.juntadeandalucia.es\/ceipsanfernando\/wp-json\/wp\/v2\/media\/2911"}],"wp:attachment":[{"href":"https:\/\/blogsaverroes.juntadeandalucia.es\/ceipsanfernando\/wp-json\/wp\/v2\/media?parent=2909"}],"wp:term":[{"taxonomy":"category","embeddable":true,"href":"https:\/\/blogsaverroes.juntadeandalucia.es\/ceipsanfernando\/wp-json\/wp\/v2\/categories?post=2909"},{"taxonomy":"post_tag","embeddable":true,"href":"https:\/\/blogsaverroes.juntadeandalucia.es\/ceipsanfernando\/wp-json\/wp\/v2\/tags?post=2909"}],"curies":[{"name":"wp","href":"https:\/\/api.w.org\/{rel}","templated":true}]}}