{"id":3374,"date":"2020-09-12T17:23:43","date_gmt":"2020-09-12T15:23:43","guid":{"rendered":"https:\/\/blogsaverroes.juntadeandalucia.es\/ceipsanfernando\/?p=3374"},"modified":"2020-10-08T20:15:20","modified_gmt":"2020-10-08T18:15:20","slug":"alta-en-ipasen","status":"publish","type":"post","link":"https:\/\/blogsaverroes.juntadeandalucia.es\/ceipsanfernando\/2020\/09\/12\/alta-en-ipasen\/","title":{"rendered":"Alta en iPasen"},"content":{"rendered":"\n<p>Se ha procedido a dar de alta a los tutores legales de los alumnos de tres a\u00f1os. Por ello han recibido en su tel\u00e9fono m\u00f3vil la contrase\u00f1a de acceso. El nombre de usuario se forma con la inicial del nombre, las tres primeras letras del primer apellido, las tres primeras letras del segundo apellido y los tres \u00faltimos n\u00fameros del DNI. <\/p>\n\n\n\n<p><a href=\"https:\/\/drive.google.com\/file\/d\/19ErlEuHRCCqZQJOC5s6V3JaCgZRUgzgK\/view?usp=drivesdk\" target=\"_blank\" rel=\"noreferrer noopener\">V\u00eddeo divulgativo para el acceso a iPasen<\/a><\/p>\n\n\n\n<p>Ejemplo:<\/p>\n\n\n\n<p>Nombre<strong>: D<\/strong>olores <strong>Ren<\/strong>illa <strong>Arn<\/strong>aiz. DNI 24698<strong>521<\/strong><\/p>\n\n\n\n<p>Usuario: drenarn521<\/p>\n","protected":false},"excerpt":{"rendered":"<p>Se ha procedido a dar de alta a los tutores legales de los alumnos de tres a\u00f1os. Por ello han recibido en su tel\u00e9fono m\u00f3vil la contrase\u00f1a de acceso. El nombre de usuario se&#46;&#46;&#46;<\/p>\n","protected":false},"author":3030,"featured_media":3380,"comment_status":"open","ping_status":"open","sticky":false,"template":"","format":"link","meta":{"ngg_post_thumbnail":0,"footnotes":""},"categories":[11909],"tags":[],"aioseo_notices":[],"_links":{"self":[{"href":"https:\/\/blogsaverroes.juntadeandalucia.es\/ceipsanfernando\/wp-json\/wp\/v2\/posts\/3374"}],"collection":[{"href":"https:\/\/blogsaverroes.juntadeandalucia.es\/ceipsanfernando\/wp-json\/wp\/v2\/posts"}],"about":[{"href":"https:\/\/blogsaverroes.juntadeandalucia.es\/ceipsanfernando\/wp-json\/wp\/v2\/types\/post"}],"author":[{"embeddable":true,"href":"https:\/\/blogsaverroes.juntadeandalucia.es\/ceipsanfernando\/wp-json\/wp\/v2\/users\/3030"}],"replies":[{"embeddable":true,"href":"https:\/\/blogsaverroes.juntadeandalucia.es\/ceipsanfernando\/wp-json\/wp\/v2\/comments?post=3374"}],"version-history":[{"count":8,"href":"https:\/\/blogsaverroes.juntadeandalucia.es\/ceipsanfernando\/wp-json\/wp\/v2\/posts\/3374\/revisions"}],"predecessor-version":[{"id":3399,"href":"https:\/\/blogsaverroes.juntadeandalucia.es\/ceipsanfernando\/wp-json\/wp\/v2\/posts\/3374\/revisions\/3399"}],"wp:featuredmedia":[{"embeddable":true,"href":"https:\/\/blogsaverroes.juntadeandalucia.es\/ceipsanfernando\/wp-json\/wp\/v2\/media\/3380"}],"wp:attachment":[{"href":"https:\/\/blogsaverroes.juntadeandalucia.es\/ceipsanfernando\/wp-json\/wp\/v2\/media?parent=3374"}],"wp:term":[{"taxonomy":"category","embeddable":true,"href":"https:\/\/blogsaverroes.juntadeandalucia.es\/ceipsanfernando\/wp-json\/wp\/v2\/categories?post=3374"},{"taxonomy":"post_tag","embeddable":true,"href":"https:\/\/blogsaverroes.juntadeandalucia.es\/ceipsanfernando\/wp-json\/wp\/v2\/tags?post=3374"}],"curies":[{"name":"wp","href":"https:\/\/api.w.org\/{rel}","templated":true}]}}