{"id":3452,"date":"2021-01-29T10:13:05","date_gmt":"2021-01-29T09:13:05","guid":{"rendered":"https:\/\/blogsaverroes.juntadeandalucia.es\/ceipsanfernando\/?p=3452"},"modified":"2021-01-29T10:28:17","modified_gmt":"2021-01-29T09:28:17","slug":"dia-de-la-paz-2","status":"publish","type":"post","link":"https:\/\/blogsaverroes.juntadeandalucia.es\/ceipsanfernando\/2021\/01\/29\/dia-de-la-paz-2\/","title":{"rendered":"D\u00eda de la Paz"},"content":{"rendered":"\n<p>Exposici\u00f3n del trabajo realizado por los alumnos de segundo y tercer ciclo con motivo de la celebraci\u00f3n del D\u00eda de la Paz. <\/p>\n\n\n\n<figure class=\"wp-block-image size-large is-style-rounded\"><img loading=\"lazy\" decoding=\"async\" width=\"2560\" height=\"1920\" src=\"https:\/\/i1.wp.com\/blogsaverroes.juntadeandalucia.es\/ceipsanfernando\/files\/2021\/01\/img_2129-scaled.jpg?fit=660%2C495&amp;ssl=1\" alt=\"\" class=\"wp-image-3451\" srcset=\"https:\/\/blogsaverroes.juntadeandalucia.es\/ceipsanfernando\/files\/2021\/01\/img_2129-scaled.jpg 2560w, https:\/\/blogsaverroes.juntadeandalucia.es\/ceipsanfernando\/files\/2021\/01\/img_2129-300x225.jpg 300w, https:\/\/blogsaverroes.juntadeandalucia.es\/ceipsanfernando\/files\/2021\/01\/img_2129-1024x768.jpg 1024w, https:\/\/blogsaverroes.juntadeandalucia.es\/ceipsanfernando\/files\/2021\/01\/img_2129-768x576.jpg 768w, https:\/\/blogsaverroes.juntadeandalucia.es\/ceipsanfernando\/files\/2021\/01\/img_2129-1536x1152.jpg 1536w, https:\/\/blogsaverroes.juntadeandalucia.es\/ceipsanfernando\/files\/2021\/01\/img_2129-2048x1536.jpg 2048w, https:\/\/blogsaverroes.juntadeandalucia.es\/ceipsanfernando\/files\/2021\/01\/img_2129-700x525.jpg 700w, https:\/\/blogsaverroes.juntadeandalucia.es\/ceipsanfernando\/files\/2021\/01\/img_2129-24x18.jpg 24w, https:\/\/blogsaverroes.juntadeandalucia.es\/ceipsanfernando\/files\/2021\/01\/img_2129-36x27.jpg 36w, https:\/\/blogsaverroes.juntadeandalucia.es\/ceipsanfernando\/files\/2021\/01\/img_2129-48x36.jpg 48w\" sizes=\"(max-width: 2560px) 100vw, 2560px\" \/><\/figure>\n","protected":false},"excerpt":{"rendered":"<p>Exposici\u00f3n del trabajo realizado por los alumnos de segundo y tercer ciclo con motivo de la celebraci\u00f3n del D\u00eda de la Paz.<\/p>\n","protected":false},"author":3030,"featured_media":3451,"comment_status":"open","ping_status":"open","sticky":false,"template":"","format":"standard","meta":{"ngg_post_thumbnail":0,"footnotes":""},"categories":[11909],"tags":[175],"aioseo_notices":[],"_links":{"self":[{"href":"https:\/\/blogsaverroes.juntadeandalucia.es\/ceipsanfernando\/wp-json\/wp\/v2\/posts\/3452"}],"collection":[{"href":"https:\/\/blogsaverroes.juntadeandalucia.es\/ceipsanfernando\/wp-json\/wp\/v2\/posts"}],"about":[{"href":"https:\/\/blogsaverroes.juntadeandalucia.es\/ceipsanfernando\/wp-json\/wp\/v2\/types\/post"}],"author":[{"embeddable":true,"href":"https:\/\/blogsaverroes.juntadeandalucia.es\/ceipsanfernando\/wp-json\/wp\/v2\/users\/3030"}],"replies":[{"embeddable":true,"href":"https:\/\/blogsaverroes.juntadeandalucia.es\/ceipsanfernando\/wp-json\/wp\/v2\/comments?post=3452"}],"version-history":[{"count":4,"href":"https:\/\/blogsaverroes.juntadeandalucia.es\/ceipsanfernando\/wp-json\/wp\/v2\/posts\/3452\/revisions"}],"predecessor-version":[{"id":3456,"href":"https:\/\/blogsaverroes.juntadeandalucia.es\/ceipsanfernando\/wp-json\/wp\/v2\/posts\/3452\/revisions\/3456"}],"wp:featuredmedia":[{"embeddable":true,"href":"https:\/\/blogsaverroes.juntadeandalucia.es\/ceipsanfernando\/wp-json\/wp\/v2\/media\/3451"}],"wp:attachment":[{"href":"https:\/\/blogsaverroes.juntadeandalucia.es\/ceipsanfernando\/wp-json\/wp\/v2\/media?parent=3452"}],"wp:term":[{"taxonomy":"category","embeddable":true,"href":"https:\/\/blogsaverroes.juntadeandalucia.es\/ceipsanfernando\/wp-json\/wp\/v2\/categories?post=3452"},{"taxonomy":"post_tag","embeddable":true,"href":"https:\/\/blogsaverroes.juntadeandalucia.es\/ceipsanfernando\/wp-json\/wp\/v2\/tags?post=3452"}],"curies":[{"name":"wp","href":"https:\/\/api.w.org\/{rel}","templated":true}]}}