{"id":3384,"date":"2025-04-07T15:33:08","date_gmt":"2025-04-07T15:33:08","guid":{"rendered":"https:\/\/blogsaverroes.juntadeandalucia.es\/ceipsanfernandoalmeria\/?p=3384"},"modified":"2025-04-07T15:33:08","modified_gmt":"2025-04-07T15:33:08","slug":"celebramos-el-ramadan","status":"publish","type":"post","link":"https:\/\/blogsaverroes.juntadeandalucia.es\/ceipsanfernandoalmeria\/2025\/04\/07\/celebramos-el-ramadan\/","title":{"rendered":"\u00a1CELEBRAMOS EL RAMAD\u00c1N!"},"content":{"rendered":"<p>Gran parte de nuestra comunidad educativa es de origen musulm\u00e1n, por lo que estos \u00faltimos d\u00edas han estado celebrando su mes sagrado recordando el <span class=\"c3biWd ILfuVd\" lang=\"es\"><span class=\"hgKElc\">momento en el que Al\u00e1 revel\u00f3 el Cor\u00e1n al profeta Mahoma. Es decir, su Ramad\u00e1n.<\/span><\/span><\/p>\n<p>Dentro de nuestros principos de inclusi\u00f3n e interculturalidad, hemos querido ser part\u00edcipes de las tradiciones de esta celebraci\u00f3n y hemos realizado unas actividades de acercamiento a esta cultura tan cercana a nosotros pero a su vez tan desconocida para muchos de nuestros alumnos y alumnas.<\/p>\n<p>Con la participaci\u00f3n y asesoramiento de un grupo de familias se ha decorado el colegio y hemos realizado una entretenida jornada de talleres tem\u00e1ticos.<\/p>\nngg_shortcode_0_placeholder\n","protected":false},"excerpt":{"rendered":"<p>Gran parte de nuestra comunidad educativa es de origen musulm\u00e1n, por lo que estos \u00faltimos d\u00edas han estado celebrando su mes sagrado recordando el momento&hellip;<\/p>\n","protected":false},"author":2317,"featured_media":3402,"comment_status":"open","ping_status":"open","sticky":false,"template":"","format":"standard","meta":{"ngg_post_thumbnail":0,"footnotes":""},"categories":[371340],"tags":[371345],"aioseo_notices":[],"_links":{"self":[{"href":"https:\/\/blogsaverroes.juntadeandalucia.es\/ceipsanfernandoalmeria\/wp-json\/wp\/v2\/posts\/3384"}],"collection":[{"href":"https:\/\/blogsaverroes.juntadeandalucia.es\/ceipsanfernandoalmeria\/wp-json\/wp\/v2\/posts"}],"about":[{"href":"https:\/\/blogsaverroes.juntadeandalucia.es\/ceipsanfernandoalmeria\/wp-json\/wp\/v2\/types\/post"}],"author":[{"embeddable":true,"href":"https:\/\/blogsaverroes.juntadeandalucia.es\/ceipsanfernandoalmeria\/wp-json\/wp\/v2\/users\/2317"}],"replies":[{"embeddable":true,"href":"https:\/\/blogsaverroes.juntadeandalucia.es\/ceipsanfernandoalmeria\/wp-json\/wp\/v2\/comments?post=3384"}],"version-history":[{"count":1,"href":"https:\/\/blogsaverroes.juntadeandalucia.es\/ceipsanfernandoalmeria\/wp-json\/wp\/v2\/posts\/3384\/revisions"}],"predecessor-version":[{"id":3403,"href":"https:\/\/blogsaverroes.juntadeandalucia.es\/ceipsanfernandoalmeria\/wp-json\/wp\/v2\/posts\/3384\/revisions\/3403"}],"wp:featuredmedia":[{"embeddable":true,"href":"https:\/\/blogsaverroes.juntadeandalucia.es\/ceipsanfernandoalmeria\/wp-json\/wp\/v2\/media\/3402"}],"wp:attachment":[{"href":"https:\/\/blogsaverroes.juntadeandalucia.es\/ceipsanfernandoalmeria\/wp-json\/wp\/v2\/media?parent=3384"}],"wp:term":[{"taxonomy":"category","embeddable":true,"href":"https:\/\/blogsaverroes.juntadeandalucia.es\/ceipsanfernandoalmeria\/wp-json\/wp\/v2\/categories?post=3384"},{"taxonomy":"post_tag","embeddable":true,"href":"https:\/\/blogsaverroes.juntadeandalucia.es\/ceipsanfernandoalmeria\/wp-json\/wp\/v2\/tags?post=3384"}],"curies":[{"name":"wp","href":"https:\/\/api.w.org\/{rel}","templated":true}]}}