{"id":2292,"date":"2020-03-04T09:35:00","date_gmt":"2020-03-04T09:35:00","guid":{"rendered":"https:\/\/blogsaverroes.juntadeandalucia.es\/ceipsanfernandobornos\/programa-para-celebrar-el-dia-de-la-mujer\/"},"modified":"2020-03-04T09:35:00","modified_gmt":"2020-03-04T09:35:00","slug":"programa-para-celebrar-el-dia-de-la-mujer","status":"publish","type":"post","link":"https:\/\/blogsaverroes.juntadeandalucia.es\/ceipsanfernandobornos\/programa-para-celebrar-el-dia-de-la-mujer\/","title":{"rendered":"PROGRAMA PARA CELEBRAR EL D\u00cdA DE LA MUJER"},"content":{"rendered":"<p>Hemos aportado nuestra colaboraci\u00f3n y aportaci\u00f3n al programa desde el \u00c1rea de la Mujer del Ayuntamiento de Bornos incluyendo nuestros actividades para los dem\u00e1s colectivos<\/p>\n<div style=\"clear: both;text-align: center\"><a href=\"https:\/\/1.bp.blogspot.com\/-_B7cyj5zspE\/Xn3I1kG0KYI\/AAAAAAAAC24\/vZaZ9uavu_0SbZDLkhLKlMPqUEWNBOcaACLcBGAsYHQ\/s1600\/IMG-20200309-WA0021.jpg\" style=\"margin-left: 1em;margin-right: 1em\"><img loading=\"lazy\" decoding=\"async\" border=\"0\" data-original-height=\"1600\" data-original-width=\"1131\" height=\"320\" src=\"https:\/\/1.bp.blogspot.com\/-_B7cyj5zspE\/Xn3I1kG0KYI\/AAAAAAAAC24\/vZaZ9uavu_0SbZDLkhLKlMPqUEWNBOcaACLcBGAsYHQ\/s320\/IMG-20200309-WA0021.jpg\" width=\"320\" \/><\/a><\/div>\n","protected":false},"excerpt":{"rendered":"<p>Hemos aportado nuestra colaboraci\u00f3n y aportaci\u00f3n al programa desde el \u00c1rea de la Mujer del Ayuntamiento de Bornos incluyendo nuestros actividades para los dem\u00e1s colectivos<\/p>\n","protected":false},"author":10437,"featured_media":0,"comment_status":"open","ping_status":"open","sticky":false,"template":"","format":"standard","meta":{"ngg_post_thumbnail":0,"footnotes":""},"categories":[2351657,2351651,2351660],"tags":[],"aioseo_notices":[],"_links":{"self":[{"href":"https:\/\/blogsaverroes.juntadeandalucia.es\/ceipsanfernandobornos\/wp-json\/wp\/v2\/posts\/2292"}],"collection":[{"href":"https:\/\/blogsaverroes.juntadeandalucia.es\/ceipsanfernandobornos\/wp-json\/wp\/v2\/posts"}],"about":[{"href":"https:\/\/blogsaverroes.juntadeandalucia.es\/ceipsanfernandobornos\/wp-json\/wp\/v2\/types\/post"}],"author":[{"embeddable":true,"href":"https:\/\/blogsaverroes.juntadeandalucia.es\/ceipsanfernandobornos\/wp-json\/wp\/v2\/users\/10437"}],"replies":[{"embeddable":true,"href":"https:\/\/blogsaverroes.juntadeandalucia.es\/ceipsanfernandobornos\/wp-json\/wp\/v2\/comments?post=2292"}],"version-history":[{"count":0,"href":"https:\/\/blogsaverroes.juntadeandalucia.es\/ceipsanfernandobornos\/wp-json\/wp\/v2\/posts\/2292\/revisions"}],"wp:attachment":[{"href":"https:\/\/blogsaverroes.juntadeandalucia.es\/ceipsanfernandobornos\/wp-json\/wp\/v2\/media?parent=2292"}],"wp:term":[{"taxonomy":"category","embeddable":true,"href":"https:\/\/blogsaverroes.juntadeandalucia.es\/ceipsanfernandobornos\/wp-json\/wp\/v2\/categories?post=2292"},{"taxonomy":"post_tag","embeddable":true,"href":"https:\/\/blogsaverroes.juntadeandalucia.es\/ceipsanfernandobornos\/wp-json\/wp\/v2\/tags?post=2292"}],"curies":[{"name":"wp","href":"https:\/\/api.w.org\/{rel}","templated":true}]}}