{"id":2313,"date":"2019-12-20T00:31:00","date_gmt":"2019-12-20T00:31:00","guid":{"rendered":"https:\/\/blogsaverroes.juntadeandalucia.es\/ceipsanfernandobornos\/gracias-queridos-reyes-mayos\/"},"modified":"2019-12-20T00:31:00","modified_gmt":"2019-12-20T00:31:00","slug":"gracias-queridos-reyes-mayos","status":"publish","type":"post","link":"https:\/\/blogsaverroes.juntadeandalucia.es\/ceipsanfernandobornos\/gracias-queridos-reyes-mayos\/","title":{"rendered":"GRACIAS, QUERIDOS REYES MAYOS"},"content":{"rendered":"<p>&nbsp;Los Reyes magos de Oriente, Melchor, Gaspar y Baltasar, junto a sus pajes han visitado hoy nuestro colegio. El director del centro les hace entrega de una menci\u00f3n agradeciendo su labor desinteresada, son representantes de distintas asociaciones Peraf\u00e1n y Voluntariado de Bornos, as\u00ed como del Centro de Educaci\u00f3n de Adultos. La ilusi\u00f3n de los ni\u00f1os, ver sus caritas, as\u00ed como la magia que este d\u00eda florece en el cole hace que sea uno de los d\u00edas entra\u00f1ables en nuestro centro.<\/p>\n<div style=\"clear: both;text-align: center\"><a href=\"https:\/\/1.bp.blogspot.com\/-sRkSmt5GUwk\/Xg6Is-ozn-I\/AAAAAAAAB40\/8LyTB2rIwPgmlsEvk8cMCIJ_lTGLrrUrgCEwYBhgL\/s1600\/IMG-20200101-WA0093.jpg\" style=\"margin-left: 1em;margin-right: 1em\"><img loading=\"lazy\" decoding=\"async\" border=\"0\" data-original-height=\"1200\" data-original-width=\"1600\" height=\"240\" src=\"https:\/\/1.bp.blogspot.com\/-sRkSmt5GUwk\/Xg6Is-ozn-I\/AAAAAAAAB40\/8LyTB2rIwPgmlsEvk8cMCIJ_lTGLrrUrgCEwYBhgL\/s320\/IMG-20200101-WA0093.jpg\" width=\"320\" \/><\/a><\/div>\n<p><\/p>\n","protected":false},"excerpt":{"rendered":"<p>&nbsp;Los Reyes magos de Oriente, Melchor, Gaspar y Baltasar, junto a sus pajes han visitado hoy nuestro colegio. El director del centro les hace entrega de una menci\u00f3n agradeciendo su labor desinteresada, son representantes&#46;&#46;&#46;<\/p>\n","protected":false},"author":10437,"featured_media":0,"comment_status":"open","ping_status":"open","sticky":false,"template":"","format":"standard","meta":{"ngg_post_thumbnail":0,"footnotes":""},"categories":[2351651,2351653,2351669],"tags":[],"aioseo_notices":[],"_links":{"self":[{"href":"https:\/\/blogsaverroes.juntadeandalucia.es\/ceipsanfernandobornos\/wp-json\/wp\/v2\/posts\/2313"}],"collection":[{"href":"https:\/\/blogsaverroes.juntadeandalucia.es\/ceipsanfernandobornos\/wp-json\/wp\/v2\/posts"}],"about":[{"href":"https:\/\/blogsaverroes.juntadeandalucia.es\/ceipsanfernandobornos\/wp-json\/wp\/v2\/types\/post"}],"author":[{"embeddable":true,"href":"https:\/\/blogsaverroes.juntadeandalucia.es\/ceipsanfernandobornos\/wp-json\/wp\/v2\/users\/10437"}],"replies":[{"embeddable":true,"href":"https:\/\/blogsaverroes.juntadeandalucia.es\/ceipsanfernandobornos\/wp-json\/wp\/v2\/comments?post=2313"}],"version-history":[{"count":0,"href":"https:\/\/blogsaverroes.juntadeandalucia.es\/ceipsanfernandobornos\/wp-json\/wp\/v2\/posts\/2313\/revisions"}],"wp:attachment":[{"href":"https:\/\/blogsaverroes.juntadeandalucia.es\/ceipsanfernandobornos\/wp-json\/wp\/v2\/media?parent=2313"}],"wp:term":[{"taxonomy":"category","embeddable":true,"href":"https:\/\/blogsaverroes.juntadeandalucia.es\/ceipsanfernandobornos\/wp-json\/wp\/v2\/categories?post=2313"},{"taxonomy":"post_tag","embeddable":true,"href":"https:\/\/blogsaverroes.juntadeandalucia.es\/ceipsanfernandobornos\/wp-json\/wp\/v2\/tags?post=2313"}],"curies":[{"name":"wp","href":"https:\/\/api.w.org\/{rel}","templated":true}]}}