{"id":2322,"date":"2019-12-04T19:33:00","date_gmt":"2019-12-04T19:33:00","guid":{"rendered":"https:\/\/blogsaverroes.juntadeandalucia.es\/ceipsanfernandobornos\/pleno-infantil\/"},"modified":"2019-12-04T19:33:00","modified_gmt":"2019-12-04T19:33:00","slug":"pleno-infantil","status":"publish","type":"post","link":"https:\/\/blogsaverroes.juntadeandalucia.es\/ceipsanfernandobornos\/pleno-infantil\/","title":{"rendered":"Pleno Infantil"},"content":{"rendered":"<div style=\"text-align: justify\">Los alumnos de los centros educativos de Bornos y Coto de Bornos, han participado en el d\u00eda de hoy en un pleno infantil, que se realiza para commemorar la efem\u00e9rides de la Constituci\u00f3n Espa\u00f1ola.<\/div>\n<div style=\"text-align: justify\">De nuestro Colegio San Fernando han asistido y participado los alumnos de 4\u00ba de primaria. El pleno ha estado presidido por el Alcalde, Hugo Palomares, acompa\u00f1ado por el secretario y otros miembros del equipo de Gobierno que en primer lugar han explicado a los escolares el funcionamiento del pleno municipal.&nbsp;<\/div>\n<div style=\"text-align: justify\">Posteriormente una representaci\u00f3n de alumnos de cada colegio e instituto han presentado, debatido y votado unas propuestas.&nbsp;<\/div>\n<div style=\"text-align: justify\">Una de las cuestiones m\u00e1s importantes que se han abordado en este pleno ha sido la aprobaci\u00f3n de un manifiesto, donde los j\u00f3venes se comprometes a cuidar y trabajar por el Medio Ambiente de su pueblo y del mundo y se lo van a exigir a Diputaci\u00f3n, Junta de Andaluc\u00eda, Gobierno Central y los ayuntamientos de los pueblos de la Sierra.&nbsp;<\/div>\n<div style=\"clear: both;text-align: center\"><a href=\"https:\/\/1.bp.blogspot.com\/-u7p2m63ZEz4\/XsLVSYCO1eI\/AAAAAAAADPo\/TBAff9UXcXY8KfQwrgZNh132eiXbuafagCLcBGAsYHQ\/s1600\/Pleno%2B1.jpg\" style=\"margin-left: 1em;margin-right: 1em\"><img loading=\"lazy\" decoding=\"async\" border=\"0\" data-original-height=\"720\" data-original-width=\"1080\" height=\"213\" src=\"https:\/\/1.bp.blogspot.com\/-u7p2m63ZEz4\/XsLVSYCO1eI\/AAAAAAAADPo\/TBAff9UXcXY8KfQwrgZNh132eiXbuafagCLcBGAsYHQ\/s320\/Pleno%2B1.jpg\" width=\"320\" \/><\/a><\/div>\n<p><\/p>\n<div style=\"clear: both;text-align: center\"><a href=\"https:\/\/1.bp.blogspot.com\/-Y1OS_TBIRLI\/XsLVSkAjsuI\/AAAAAAAADPs\/-DnHHDD2PyMyI-Zhbt0LWDgYrSIX7029gCLcBGAsYHQ\/s1600\/Pleno%2B2.jpg\" style=\"margin-left: 1em;margin-right: 1em\"><img loading=\"lazy\" decoding=\"async\" border=\"0\" data-original-height=\"720\" data-original-width=\"1080\" height=\"213\" src=\"https:\/\/1.bp.blogspot.com\/-Y1OS_TBIRLI\/XsLVSkAjsuI\/AAAAAAAADPs\/-DnHHDD2PyMyI-Zhbt0LWDgYrSIX7029gCLcBGAsYHQ\/s320\/Pleno%2B2.jpg\" width=\"320\" \/><\/a><\/div>\n<p><\/p>\n<div style=\"clear: both;text-align: center\"><a href=\"https:\/\/1.bp.blogspot.com\/-ZWqKnw7v_Os\/XsLVS9lNXQI\/AAAAAAAADPw\/8vY2rLU4dwYHjp4mBNWkRavpU-0W_b4RwCLcBGAsYHQ\/s1600\/Pleno%2B3.jpg\" style=\"margin-left: 1em;margin-right: 1em\"><img loading=\"lazy\" decoding=\"async\" border=\"0\" data-original-height=\"720\" data-original-width=\"1080\" height=\"213\" src=\"https:\/\/1.bp.blogspot.com\/-ZWqKnw7v_Os\/XsLVS9lNXQI\/AAAAAAAADPw\/8vY2rLU4dwYHjp4mBNWkRavpU-0W_b4RwCLcBGAsYHQ\/s320\/Pleno%2B3.jpg\" width=\"320\" \/><\/a><\/div>\n<p><\/p>\n<div style=\"clear: both;text-align: center\"><a href=\"https:\/\/1.bp.blogspot.com\/-ISbxATmfCAs\/XsLVTXUbngI\/AAAAAAAADP0\/TUkX-iavuxALngtQv0N1c_7qz6O2b0PhACLcBGAsYHQ\/s1600\/pleno%2B4.jpg\" style=\"margin-left: 1em;margin-right: 1em\"><img loading=\"lazy\" decoding=\"async\" border=\"0\" data-original-height=\"720\" data-original-width=\"1080\" height=\"213\" src=\"https:\/\/1.bp.blogspot.com\/-ISbxATmfCAs\/XsLVTXUbngI\/AAAAAAAADP0\/TUkX-iavuxALngtQv0N1c_7qz6O2b0PhACLcBGAsYHQ\/s320\/pleno%2B4.jpg\" width=\"320\" \/><\/a><\/div>\n<div style=\"text-align: justify\"><\/div>\n<div style=\"text-align: justify\"><\/div>\n","protected":false},"excerpt":{"rendered":"<p>Los alumnos de los centros educativos de Bornos y Coto de Bornos, han participado en el d\u00eda de hoy en un pleno infantil, que se realiza para commemorar la efem\u00e9rides de la Constituci\u00f3n Espa\u00f1ola.&#46;&#46;&#46;<\/p>\n","protected":false},"author":10437,"featured_media":0,"comment_status":"open","ping_status":"open","sticky":false,"template":"","format":"standard","meta":{"ngg_post_thumbnail":0,"footnotes":""},"categories":[2351657,2351651,2351671],"tags":[],"aioseo_notices":[],"_links":{"self":[{"href":"https:\/\/blogsaverroes.juntadeandalucia.es\/ceipsanfernandobornos\/wp-json\/wp\/v2\/posts\/2322"}],"collection":[{"href":"https:\/\/blogsaverroes.juntadeandalucia.es\/ceipsanfernandobornos\/wp-json\/wp\/v2\/posts"}],"about":[{"href":"https:\/\/blogsaverroes.juntadeandalucia.es\/ceipsanfernandobornos\/wp-json\/wp\/v2\/types\/post"}],"author":[{"embeddable":true,"href":"https:\/\/blogsaverroes.juntadeandalucia.es\/ceipsanfernandobornos\/wp-json\/wp\/v2\/users\/10437"}],"replies":[{"embeddable":true,"href":"https:\/\/blogsaverroes.juntadeandalucia.es\/ceipsanfernandobornos\/wp-json\/wp\/v2\/comments?post=2322"}],"version-history":[{"count":0,"href":"https:\/\/blogsaverroes.juntadeandalucia.es\/ceipsanfernandobornos\/wp-json\/wp\/v2\/posts\/2322\/revisions"}],"wp:attachment":[{"href":"https:\/\/blogsaverroes.juntadeandalucia.es\/ceipsanfernandobornos\/wp-json\/wp\/v2\/media?parent=2322"}],"wp:term":[{"taxonomy":"category","embeddable":true,"href":"https:\/\/blogsaverroes.juntadeandalucia.es\/ceipsanfernandobornos\/wp-json\/wp\/v2\/categories?post=2322"},{"taxonomy":"post_tag","embeddable":true,"href":"https:\/\/blogsaverroes.juntadeandalucia.es\/ceipsanfernandobornos\/wp-json\/wp\/v2\/tags?post=2322"}],"curies":[{"name":"wp","href":"https:\/\/api.w.org\/{rel}","templated":true}]}}