{"id":2549,"date":"2020-11-20T22:11:38","date_gmt":"2020-11-20T22:11:38","guid":{"rendered":"https:\/\/blogsaverroes.juntadeandalucia.es\/ceipsanfernandobornos\/?p=2549"},"modified":"2021-05-16T15:24:15","modified_gmt":"2021-05-16T15:24:15","slug":"asi-veo-mis-derechos","status":"publish","type":"post","link":"https:\/\/blogsaverroes.juntadeandalucia.es\/ceipsanfernandobornos\/asi-veo-mis-derechos\/","title":{"rendered":"\u00abAsi veo mis derechos\u00bb"},"content":{"rendered":"<p style=\"text-align: center\">Desde nuestro centro hemos querido sumarnos a esta actividad participando un a\u00f1o m\u00e1s en el XIII Premio del Defensor del Menor de Andaluc\u00eda. &nbsp;Desde el d\u00eda 3 al 9 de noviembre se ha llevado a cabo la actividad visionando videos sobre los &nbsp;\u201cDerechos del Menor\u201d &nbsp;llevando a la reflexi\u00f3n y representaci\u00f3n de los derechos del menor.<\/p>\n<p style=\"text-align: center\"><a href=\"https:\/\/blogsaverroes.juntadeandalucia.es\/ceipsanfernandobornos\/files\/2020\/12\/Captura.jpg\"><img loading=\"lazy\" decoding=\"async\" class=\"alignnone size-medium wp-image-2551\" src=\"https:\/\/blogsaverroes.juntadeandalucia.es\/ceipsanfernandobornos\/files\/2020\/12\/Captura-300x136.jpg\" alt=\"\" width=\"300\" height=\"136\" srcset=\"https:\/\/blogsaverroes.juntadeandalucia.es\/ceipsanfernandobornos\/files\/2020\/12\/Captura-300x136.jpg 300w, https:\/\/blogsaverroes.juntadeandalucia.es\/ceipsanfernandobornos\/files\/2020\/12\/Captura-768x348.jpg 768w, https:\/\/blogsaverroes.juntadeandalucia.es\/ceipsanfernandobornos\/files\/2020\/12\/Captura-24x11.jpg 24w, https:\/\/blogsaverroes.juntadeandalucia.es\/ceipsanfernandobornos\/files\/2020\/12\/Captura-36x16.jpg 36w, https:\/\/blogsaverroes.juntadeandalucia.es\/ceipsanfernandobornos\/files\/2020\/12\/Captura-48x22.jpg 48w, https:\/\/blogsaverroes.juntadeandalucia.es\/ceipsanfernandobornos\/files\/2020\/12\/Captura.jpg 1002w\" sizes=\"(max-width: 300px) 100vw, 300px\" \/><\/a><\/p>\n<p style=\"text-align: center\">Nuestros dibujos que han participado<\/p>\n<p><a href=\"https:\/\/blogsaverroes.juntadeandalucia.es\/ceipsanfernandobornos\/files\/2020\/11\/20201111122446366_0001-scaled.jpg\"><img loading=\"lazy\" decoding=\"async\" class=\"alignnone size-medium wp-image-2859\" src=\"https:\/\/blogsaverroes.juntadeandalucia.es\/ceipsanfernandobornos\/files\/2020\/11\/20201111122446366_0001-300x212.jpg\" alt=\"\" width=\"300\" height=\"212\" srcset=\"https:\/\/blogsaverroes.juntadeandalucia.es\/ceipsanfernandobornos\/files\/2020\/11\/20201111122446366_0001-300x212.jpg 300w, https:\/\/blogsaverroes.juntadeandalucia.es\/ceipsanfernandobornos\/files\/2020\/11\/20201111122446366_0001-1024x724.jpg 1024w, https:\/\/blogsaverroes.juntadeandalucia.es\/ceipsanfernandobornos\/files\/2020\/11\/20201111122446366_0001-768x543.jpg 768w, https:\/\/blogsaverroes.juntadeandalucia.es\/ceipsanfernandobornos\/files\/2020\/11\/20201111122446366_0001-1536x1086.jpg 1536w, https:\/\/blogsaverroes.juntadeandalucia.es\/ceipsanfernandobornos\/files\/2020\/11\/20201111122446366_0001-2048x1448.jpg 2048w, https:\/\/blogsaverroes.juntadeandalucia.es\/ceipsanfernandobornos\/files\/2020\/11\/20201111122446366_0001-scaled.jpg 1600w\" sizes=\"(max-width: 300px) 100vw, 300px\" \/><\/a> <a href=\"https:\/\/blogsaverroes.juntadeandalucia.es\/ceipsanfernandobornos\/files\/2020\/11\/20201111122446366_0002-scaled.jpg\"><img loading=\"lazy\" decoding=\"async\" class=\"alignnone size-medium wp-image-2860\" src=\"https:\/\/blogsaverroes.juntadeandalucia.es\/ceipsanfernandobornos\/files\/2020\/11\/20201111122446366_0002-300x212.jpg\" alt=\"\" width=\"300\" height=\"212\" srcset=\"https:\/\/blogsaverroes.juntadeandalucia.es\/ceipsanfernandobornos\/files\/2020\/11\/20201111122446366_0002-300x212.jpg 300w, https:\/\/blogsaverroes.juntadeandalucia.es\/ceipsanfernandobornos\/files\/2020\/11\/20201111122446366_0002-1024x724.jpg 1024w, https:\/\/blogsaverroes.juntadeandalucia.es\/ceipsanfernandobornos\/files\/2020\/11\/20201111122446366_0002-768x543.jpg 768w, https:\/\/blogsaverroes.juntadeandalucia.es\/ceipsanfernandobornos\/files\/2020\/11\/20201111122446366_0002-1536x1086.jpg 1536w, https:\/\/blogsaverroes.juntadeandalucia.es\/ceipsanfernandobornos\/files\/2020\/11\/20201111122446366_0002-2048x1448.jpg 2048w, https:\/\/blogsaverroes.juntadeandalucia.es\/ceipsanfernandobornos\/files\/2020\/11\/20201111122446366_0002-scaled.jpg 1600w\" sizes=\"(max-width: 300px) 100vw, 300px\" \/><\/a> <a href=\"https:\/\/blogsaverroes.juntadeandalucia.es\/ceipsanfernandobornos\/files\/2020\/11\/20201111122516070_0001-scaled.jpg\">&nbsp; &nbsp; <img loading=\"lazy\" decoding=\"async\" class=\"alignnone size-medium wp-image-2861 aligncenter\" src=\"https:\/\/blogsaverroes.juntadeandalucia.es\/ceipsanfernandobornos\/files\/2020\/11\/20201111122516070_0001-300x212.jpg\" alt=\"\" width=\"300\" height=\"212\" srcset=\"https:\/\/blogsaverroes.juntadeandalucia.es\/ceipsanfernandobornos\/files\/2020\/11\/20201111122516070_0001-300x212.jpg 300w, https:\/\/blogsaverroes.juntadeandalucia.es\/ceipsanfernandobornos\/files\/2020\/11\/20201111122516070_0001-1024x724.jpg 1024w, https:\/\/blogsaverroes.juntadeandalucia.es\/ceipsanfernandobornos\/files\/2020\/11\/20201111122516070_0001-768x543.jpg 768w, https:\/\/blogsaverroes.juntadeandalucia.es\/ceipsanfernandobornos\/files\/2020\/11\/20201111122516070_0001-1536x1086.jpg 1536w, https:\/\/blogsaverroes.juntadeandalucia.es\/ceipsanfernandobornos\/files\/2020\/11\/20201111122516070_0001-2048x1448.jpg 2048w, https:\/\/blogsaverroes.juntadeandalucia.es\/ceipsanfernandobornos\/files\/2020\/11\/20201111122516070_0001-scaled.jpg 1600w\" sizes=\"(max-width: 300px) 100vw, 300px\" \/><\/a><\/p>\n<p>[youtube https:\/\/www.youtube.com\/watch?v=bRgj-Hz8dWQ]<\/p>\n<p>&nbsp;<\/p>\n<p>&nbsp;<\/p>\n","protected":false},"excerpt":{"rendered":"<p>Desde nuestro centro hemos querido sumarnos a esta actividad participando un a\u00f1o m\u00e1s en el XIII Premio del Defensor del Menor de Andaluc\u00eda. &nbsp;Desde el d\u00eda 3 al 9 de noviembre se ha llevado&#46;&#46;&#46;<\/p>\n","protected":false},"author":10437,"featured_media":0,"comment_status":"open","ping_status":"open","sticky":false,"template":"","format":"standard","meta":{"ngg_post_thumbnail":0,"footnotes":""},"categories":[2351651],"tags":[2351683,2351687],"aioseo_notices":[],"_links":{"self":[{"href":"https:\/\/blogsaverroes.juntadeandalucia.es\/ceipsanfernandobornos\/wp-json\/wp\/v2\/posts\/2549"}],"collection":[{"href":"https:\/\/blogsaverroes.juntadeandalucia.es\/ceipsanfernandobornos\/wp-json\/wp\/v2\/posts"}],"about":[{"href":"https:\/\/blogsaverroes.juntadeandalucia.es\/ceipsanfernandobornos\/wp-json\/wp\/v2\/types\/post"}],"author":[{"embeddable":true,"href":"https:\/\/blogsaverroes.juntadeandalucia.es\/ceipsanfernandobornos\/wp-json\/wp\/v2\/users\/10437"}],"replies":[{"embeddable":true,"href":"https:\/\/blogsaverroes.juntadeandalucia.es\/ceipsanfernandobornos\/wp-json\/wp\/v2\/comments?post=2549"}],"version-history":[{"count":4,"href":"https:\/\/blogsaverroes.juntadeandalucia.es\/ceipsanfernandobornos\/wp-json\/wp\/v2\/posts\/2549\/revisions"}],"predecessor-version":[{"id":2862,"href":"https:\/\/blogsaverroes.juntadeandalucia.es\/ceipsanfernandobornos\/wp-json\/wp\/v2\/posts\/2549\/revisions\/2862"}],"wp:attachment":[{"href":"https:\/\/blogsaverroes.juntadeandalucia.es\/ceipsanfernandobornos\/wp-json\/wp\/v2\/media?parent=2549"}],"wp:term":[{"taxonomy":"category","embeddable":true,"href":"https:\/\/blogsaverroes.juntadeandalucia.es\/ceipsanfernandobornos\/wp-json\/wp\/v2\/categories?post=2549"},{"taxonomy":"post_tag","embeddable":true,"href":"https:\/\/blogsaverroes.juntadeandalucia.es\/ceipsanfernandobornos\/wp-json\/wp\/v2\/tags?post=2549"}],"curies":[{"name":"wp","href":"https:\/\/api.w.org\/{rel}","templated":true}]}}