{"id":2642,"date":"2021-04-23T21:50:47","date_gmt":"2021-04-23T21:50:47","guid":{"rendered":"https:\/\/blogsaverroes.juntadeandalucia.es\/ceipsanfernandobornos\/?p=2642"},"modified":"2021-05-25T07:50:28","modified_gmt":"2021-05-25T07:50:28","slug":"23-de-abril-dia-del-libro-2","status":"publish","type":"post","link":"https:\/\/blogsaverroes.juntadeandalucia.es\/ceipsanfernandobornos\/23-de-abril-dia-del-libro-2\/","title":{"rendered":"\u00ab23 de Abril d\u00eda del libro\u00bb"},"content":{"rendered":"<p style=\"text-align: justify\">Este a\u00f1o la celebraci\u00f3n del D\u00eda del Libro se ha convertido en una ocasi\u00f3n especial para felicitar a los compa\u00f1eros. La actividad ha sido preparada por el coordinador del Plan de Biblioteca y Coepaz.<\/p>\n<p style=\"text-align: center\">Una rosa con un llavero con frases del Libro del Principito<\/p>\n<p style=\"text-align: center\"><a href=\"https:\/\/blogsaverroes.juntadeandalucia.es\/ceipsanfernandobornos\/files\/2021\/05\/IMG-20210423-WA0052.jpg\"><img loading=\"lazy\" decoding=\"async\" class=\"alignnone size-medium wp-image-3070\" src=\"https:\/\/blogsaverroes.juntadeandalucia.es\/ceipsanfernandobornos\/files\/2021\/05\/IMG-20210423-WA0052-225x300.jpg\" alt=\"\" width=\"225\" height=\"300\" srcset=\"https:\/\/blogsaverroes.juntadeandalucia.es\/ceipsanfernandobornos\/files\/2021\/05\/IMG-20210423-WA0052-225x300.jpg 225w, https:\/\/blogsaverroes.juntadeandalucia.es\/ceipsanfernandobornos\/files\/2021\/05\/IMG-20210423-WA0052-768x1024.jpg 768w, https:\/\/blogsaverroes.juntadeandalucia.es\/ceipsanfernandobornos\/files\/2021\/05\/IMG-20210423-WA0052-1152x1536.jpg 1152w, https:\/\/blogsaverroes.juntadeandalucia.es\/ceipsanfernandobornos\/files\/2021\/05\/IMG-20210423-WA0052.jpg 1200w\" sizes=\"(max-width: 225px) 100vw, 225px\" \/><\/a><\/p>\n<p style=\"text-align: center\"><a href=\"https:\/\/blogsaverroes.juntadeandalucia.es\/ceipsanfernandobornos\/files\/2021\/05\/LLavero-por-el-d\u00eda-del-libro.jpg\"><img loading=\"lazy\" decoding=\"async\" class=\"alignnone size-medium wp-image-3071\" src=\"https:\/\/blogsaverroes.juntadeandalucia.es\/ceipsanfernandobornos\/files\/2021\/05\/LLavero-por-el-d\u00eda-del-libro-300x128.jpg\" alt=\"\" width=\"300\" height=\"128\" srcset=\"https:\/\/blogsaverroes.juntadeandalucia.es\/ceipsanfernandobornos\/files\/2021\/05\/LLavero-por-el-d\u00eda-del-libro-300x128.jpg 300w, https:\/\/blogsaverroes.juntadeandalucia.es\/ceipsanfernandobornos\/files\/2021\/05\/LLavero-por-el-d\u00eda-del-libro-1024x436.jpg 1024w, https:\/\/blogsaverroes.juntadeandalucia.es\/ceipsanfernandobornos\/files\/2021\/05\/LLavero-por-el-d\u00eda-del-libro-768x327.jpg 768w, https:\/\/blogsaverroes.juntadeandalucia.es\/ceipsanfernandobornos\/files\/2021\/05\/LLavero-por-el-d\u00eda-del-libro.jpg 1467w\" sizes=\"(max-width: 300px) 100vw, 300px\" \/><\/a><\/p>\n<p><a href=\"https:\/\/blogsaverroes.juntadeandalucia.es\/ceipsanfernandobornos\/files\/2021\/04\/20210423_114617-scaled.jpg\"><img loading=\"lazy\" decoding=\"async\" class=\"alignnone size-medium wp-image-3075\" src=\"https:\/\/blogsaverroes.juntadeandalucia.es\/ceipsanfernandobornos\/files\/2021\/04\/20210423_114617-300x225.jpg\" alt=\"\" width=\"300\" height=\"225\" srcset=\"https:\/\/blogsaverroes.juntadeandalucia.es\/ceipsanfernandobornos\/files\/2021\/04\/20210423_114617-300x225.jpg 300w, https:\/\/blogsaverroes.juntadeandalucia.es\/ceipsanfernandobornos\/files\/2021\/04\/20210423_114617-1024x768.jpg 1024w, https:\/\/blogsaverroes.juntadeandalucia.es\/ceipsanfernandobornos\/files\/2021\/04\/20210423_114617-768x576.jpg 768w, https:\/\/blogsaverroes.juntadeandalucia.es\/ceipsanfernandobornos\/files\/2021\/04\/20210423_114617-1536x1152.jpg 1536w, https:\/\/blogsaverroes.juntadeandalucia.es\/ceipsanfernandobornos\/files\/2021\/04\/20210423_114617-2048x1536.jpg 2048w, https:\/\/blogsaverroes.juntadeandalucia.es\/ceipsanfernandobornos\/files\/2021\/04\/20210423_114617-scaled.jpg 1600w\" sizes=\"(max-width: 300px) 100vw, 300px\" \/><\/a> <a href=\"https:\/\/blogsaverroes.juntadeandalucia.es\/ceipsanfernandobornos\/files\/2021\/04\/IMG-20210423-WA0056.jpg\"><img loading=\"lazy\" decoding=\"async\" class=\"alignnone size-medium wp-image-3076\" src=\"https:\/\/blogsaverroes.juntadeandalucia.es\/ceipsanfernandobornos\/files\/2021\/04\/IMG-20210423-WA0056-225x300.jpg\" alt=\"\" width=\"225\" height=\"300\" srcset=\"https:\/\/blogsaverroes.juntadeandalucia.es\/ceipsanfernandobornos\/files\/2021\/04\/IMG-20210423-WA0056-225x300.jpg 225w, https:\/\/blogsaverroes.juntadeandalucia.es\/ceipsanfernandobornos\/files\/2021\/04\/IMG-20210423-WA0056-768x1024.jpg 768w, https:\/\/blogsaverroes.juntadeandalucia.es\/ceipsanfernandobornos\/files\/2021\/04\/IMG-20210423-WA0056-1152x1536.jpg 1152w, https:\/\/blogsaverroes.juntadeandalucia.es\/ceipsanfernandobornos\/files\/2021\/04\/IMG-20210423-WA0056.jpg 1200w\" sizes=\"(max-width: 225px) 100vw, 225px\" \/><\/a> <a href=\"https:\/\/blogsaverroes.juntadeandalucia.es\/ceipsanfernandobornos\/files\/2021\/04\/IMG-20210423-WA0063.jpg\"><img loading=\"lazy\" decoding=\"async\" class=\"alignnone size-medium wp-image-3077\" src=\"https:\/\/blogsaverroes.juntadeandalucia.es\/ceipsanfernandobornos\/files\/2021\/04\/IMG-20210423-WA0063-225x300.jpg\" alt=\"\" width=\"225\" height=\"300\" srcset=\"https:\/\/blogsaverroes.juntadeandalucia.es\/ceipsanfernandobornos\/files\/2021\/04\/IMG-20210423-WA0063-225x300.jpg 225w, https:\/\/blogsaverroes.juntadeandalucia.es\/ceipsanfernandobornos\/files\/2021\/04\/IMG-20210423-WA0063-768x1024.jpg 768w, https:\/\/blogsaverroes.juntadeandalucia.es\/ceipsanfernandobornos\/files\/2021\/04\/IMG-20210423-WA0063-1152x1536.jpg 1152w, https:\/\/blogsaverroes.juntadeandalucia.es\/ceipsanfernandobornos\/files\/2021\/04\/IMG-20210423-WA0063.jpg 1200w\" sizes=\"(max-width: 225px) 100vw, 225px\" \/><\/a> <a href=\"https:\/\/blogsaverroes.juntadeandalucia.es\/ceipsanfernandobornos\/files\/2021\/04\/IMG-20210423-WA0064.jpg\"><img loading=\"lazy\" decoding=\"async\" class=\"alignnone size-medium wp-image-3078\" src=\"https:\/\/blogsaverroes.juntadeandalucia.es\/ceipsanfernandobornos\/files\/2021\/04\/IMG-20210423-WA0064-300x225.jpg\" alt=\"\" width=\"300\" height=\"225\" srcset=\"https:\/\/blogsaverroes.juntadeandalucia.es\/ceipsanfernandobornos\/files\/2021\/04\/IMG-20210423-WA0064-300x225.jpg 300w, https:\/\/blogsaverroes.juntadeandalucia.es\/ceipsanfernandobornos\/files\/2021\/04\/IMG-20210423-WA0064-1024x768.jpg 1024w, https:\/\/blogsaverroes.juntadeandalucia.es\/ceipsanfernandobornos\/files\/2021\/04\/IMG-20210423-WA0064-768x576.jpg 768w, https:\/\/blogsaverroes.juntadeandalucia.es\/ceipsanfernandobornos\/files\/2021\/04\/IMG-20210423-WA0064-1536x1152.jpg 1536w, https:\/\/blogsaverroes.juntadeandalucia.es\/ceipsanfernandobornos\/files\/2021\/04\/IMG-20210423-WA0064.jpg 1600w\" sizes=\"(max-width: 300px) 100vw, 300px\" \/><\/a><\/p>\n<p>&nbsp;<\/p>\n<p>&nbsp;<\/p>\n<p style=\"text-align: justify\">Adem\u00e1s se ha organizado con la participaci\u00f3n de toda la comunidad educativa, para conmemorar esta efem\u00e9ride , la lectura de un cuento. Cada curso ha le\u00eddo uno diferente, bien por parte del alumnado en el caso de segundo y tercer ciclo, y &nbsp;de los padres en los curso inferiores. Estos cuentos se han le\u00eddo participando todos los alumnos y padres. Durante la lectura era &nbsp;grabado cada fragmento bien desde casa o en el cole por los tutores. Posteriormente se ha hecho el montaje de cada cuento con cada fragmento de video\/audici\u00f3n.&nbsp;<\/p>\n<p>&nbsp;<\/p>\n<p>&nbsp;<\/p>\n","protected":false},"excerpt":{"rendered":"<p>Este a\u00f1o la celebraci\u00f3n del D\u00eda del Libro se ha convertido en una ocasi\u00f3n especial para felicitar a los compa\u00f1eros. La actividad ha sido preparada por el coordinador del Plan de Biblioteca y Coepaz.&#46;&#46;&#46;<\/p>\n","protected":false},"author":10437,"featured_media":3069,"comment_status":"open","ping_status":"open","sticky":false,"template":"","format":"standard","meta":{"ngg_post_thumbnail":0,"footnotes":""},"categories":[2351651,2351655,2351653,2351659],"tags":[2351683],"aioseo_notices":[],"_links":{"self":[{"href":"https:\/\/blogsaverroes.juntadeandalucia.es\/ceipsanfernandobornos\/wp-json\/wp\/v2\/posts\/2642"}],"collection":[{"href":"https:\/\/blogsaverroes.juntadeandalucia.es\/ceipsanfernandobornos\/wp-json\/wp\/v2\/posts"}],"about":[{"href":"https:\/\/blogsaverroes.juntadeandalucia.es\/ceipsanfernandobornos\/wp-json\/wp\/v2\/types\/post"}],"author":[{"embeddable":true,"href":"https:\/\/blogsaverroes.juntadeandalucia.es\/ceipsanfernandobornos\/wp-json\/wp\/v2\/users\/10437"}],"replies":[{"embeddable":true,"href":"https:\/\/blogsaverroes.juntadeandalucia.es\/ceipsanfernandobornos\/wp-json\/wp\/v2\/comments?post=2642"}],"version-history":[{"count":8,"href":"https:\/\/blogsaverroes.juntadeandalucia.es\/ceipsanfernandobornos\/wp-json\/wp\/v2\/posts\/2642\/revisions"}],"predecessor-version":[{"id":3104,"href":"https:\/\/blogsaverroes.juntadeandalucia.es\/ceipsanfernandobornos\/wp-json\/wp\/v2\/posts\/2642\/revisions\/3104"}],"wp:featuredmedia":[{"embeddable":true,"href":"https:\/\/blogsaverroes.juntadeandalucia.es\/ceipsanfernandobornos\/wp-json\/wp\/v2\/media\/3069"}],"wp:attachment":[{"href":"https:\/\/blogsaverroes.juntadeandalucia.es\/ceipsanfernandobornos\/wp-json\/wp\/v2\/media?parent=2642"}],"wp:term":[{"taxonomy":"category","embeddable":true,"href":"https:\/\/blogsaverroes.juntadeandalucia.es\/ceipsanfernandobornos\/wp-json\/wp\/v2\/categories?post=2642"},{"taxonomy":"post_tag","embeddable":true,"href":"https:\/\/blogsaverroes.juntadeandalucia.es\/ceipsanfernandobornos\/wp-json\/wp\/v2\/tags?post=2642"}],"curies":[{"name":"wp","href":"https:\/\/api.w.org\/{rel}","templated":true}]}}