{"id":2899,"date":"2021-01-29T19:28:10","date_gmt":"2021-01-29T19:28:10","guid":{"rendered":"https:\/\/blogsaverroes.juntadeandalucia.es\/ceipsanfernandobornos\/?p=2899"},"modified":"2021-05-24T17:42:35","modified_gmt":"2021-05-24T17:42:35","slug":"conoces-a-gloria-fuertes","status":"publish","type":"post","link":"https:\/\/blogsaverroes.juntadeandalucia.es\/ceipsanfernandobornos\/conoces-a-gloria-fuertes\/","title":{"rendered":"\u00bfCONOCES A&#8230;.? GLORIA FUERTES"},"content":{"rendered":"<p><strong>Gloria Fuertes<\/strong><\/p>\n<p>Si hay una figura de la literatura espa\u00f1ola que ha acompa\u00f1ado a ni\u00f1os y ni\u00f1as de varias generaciones, es la voz de Gloria Fuertes. Una ni\u00f1a grande que se col\u00f3 por la tele en millones de casas, descubriendo a varias generaciones el placer de una poes\u00eda llena de encanto, frescura y sencillez.<\/p>\n<p>De peque\u00f1os, hemos escuchado poemas suyos (\u00abEl hada acaramelada\u00bb, \u00abLos lagartos desposados\u00bb\u2026) y a nuestra mente viene la imagen de una se\u00f1ora mayor sonriente, redonda y algo arrugada. Una abuela dulce, rodeada de cr\u00edos. Pero hay mucha m\u00e1s Gloria Fuertes de la que pensamos en un principio.<\/p>\n<p>A trav\u00e9s de su obra defendi\u00f3 la igualdad, el pacifismo y el medio ambiente. Una mujer excepcional que ha hecho historia.<\/p>\n<p style=\"text-align: center\">LA CLASE DE INFANTIL DE 3 A\u00d1OS<\/p>\n<div style=\"width: 848px;\" class=\"wp-video\"><!--[if lt IE 9]><script>document.createElement('video');<\/script><![endif]-->\n<video class=\"wp-video-shortcode\" id=\"video-2899-1\" width=\"848\" height=\"480\" preload=\"metadata\" controls=\"controls\"><source type=\"video\/mp4\" src=\"https:\/\/blogsaverroes.juntadeandalucia.es\/ceipsanfernandobornos\/files\/2021\/05\/VID-20210212-WA0029-1.mp4?_=1\" \/><a href=\"https:\/\/blogsaverroes.juntadeandalucia.es\/ceipsanfernandobornos\/files\/2021\/05\/VID-20210212-WA0029-1.mp4\">https:\/\/blogsaverroes.juntadeandalucia.es\/ceipsanfernandobornos\/files\/2021\/05\/VID-20210212-WA0029-1.mp4<\/a><\/video><\/div>\n<p>&nbsp;<\/p>\n<p><a href=\"https:\/\/blogsaverroes.juntadeandalucia.es\/ceipsanfernandobornos\/files\/2021\/05\/1-1.jpg\"><img loading=\"lazy\" decoding=\"async\" class=\"alignnone size-medium wp-image-2914\" src=\"https:\/\/blogsaverroes.juntadeandalucia.es\/ceipsanfernandobornos\/files\/2021\/05\/1-1-245x300.jpg\" alt=\"\" width=\"245\" height=\"300\" srcset=\"https:\/\/blogsaverroes.juntadeandalucia.es\/ceipsanfernandobornos\/files\/2021\/05\/1-1-245x300.jpg 245w, https:\/\/blogsaverroes.juntadeandalucia.es\/ceipsanfernandobornos\/files\/2021\/05\/1-1.jpg 549w\" sizes=\"(max-width: 245px) 100vw, 245px\" \/><\/a>&nbsp; &nbsp; &nbsp; &nbsp; <a href=\"https:\/\/blogsaverroes.juntadeandalucia.es\/ceipsanfernandobornos\/files\/2021\/05\/2-1.jpg\"><img loading=\"lazy\" decoding=\"async\" class=\"alignnone size-medium wp-image-2915\" src=\"https:\/\/blogsaverroes.juntadeandalucia.es\/ceipsanfernandobornos\/files\/2021\/05\/2-1-225x300.jpg\" alt=\"\" width=\"225\" height=\"300\" srcset=\"https:\/\/blogsaverroes.juntadeandalucia.es\/ceipsanfernandobornos\/files\/2021\/05\/2-1-225x300.jpg 225w, https:\/\/blogsaverroes.juntadeandalucia.es\/ceipsanfernandobornos\/files\/2021\/05\/2-1-768x1024.jpg 768w, https:\/\/blogsaverroes.juntadeandalucia.es\/ceipsanfernandobornos\/files\/2021\/05\/2-1-1152x1536.jpg 1152w, https:\/\/blogsaverroes.juntadeandalucia.es\/ceipsanfernandobornos\/files\/2021\/05\/2-1.jpg 1200w\" sizes=\"(max-width: 225px) 100vw, 225px\" \/><\/a><\/p>\n<p><a href=\"https:\/\/blogsaverroes.juntadeandalucia.es\/ceipsanfernandobornos\/files\/2021\/05\/IMG-20210223-WA0066-1.jpg\"><img loading=\"lazy\" decoding=\"async\" class=\"alignnone wp-image-2916\" src=\"https:\/\/blogsaverroes.juntadeandalucia.es\/ceipsanfernandobornos\/files\/2021\/05\/IMG-20210223-WA0066-1-225x300.jpg\" alt=\"\" width=\"200\" height=\"267\" srcset=\"https:\/\/blogsaverroes.juntadeandalucia.es\/ceipsanfernandobornos\/files\/2021\/05\/IMG-20210223-WA0066-1-225x300.jpg 225w, https:\/\/blogsaverroes.juntadeandalucia.es\/ceipsanfernandobornos\/files\/2021\/05\/IMG-20210223-WA0066-1-768x1024.jpg 768w, https:\/\/blogsaverroes.juntadeandalucia.es\/ceipsanfernandobornos\/files\/2021\/05\/IMG-20210223-WA0066-1-1152x1536.jpg 1152w, https:\/\/blogsaverroes.juntadeandalucia.es\/ceipsanfernandobornos\/files\/2021\/05\/IMG-20210223-WA0066-1.jpg 1200w\" sizes=\"(max-width: 200px) 100vw, 200px\" \/><\/a>&nbsp; <a href=\"https:\/\/blogsaverroes.juntadeandalucia.es\/ceipsanfernandobornos\/files\/2021\/05\/IMG-20210223-WA0067.jpg\"><img loading=\"lazy\" decoding=\"async\" class=\"alignnone size-medium wp-image-2917\" src=\"https:\/\/blogsaverroes.juntadeandalucia.es\/ceipsanfernandobornos\/files\/2021\/05\/IMG-20210223-WA0067-225x300.jpg\" alt=\"\" width=\"225\" height=\"300\" srcset=\"https:\/\/blogsaverroes.juntadeandalucia.es\/ceipsanfernandobornos\/files\/2021\/05\/IMG-20210223-WA0067-225x300.jpg 225w, https:\/\/blogsaverroes.juntadeandalucia.es\/ceipsanfernandobornos\/files\/2021\/05\/IMG-20210223-WA0067-768x1024.jpg 768w, https:\/\/blogsaverroes.juntadeandalucia.es\/ceipsanfernandobornos\/files\/2021\/05\/IMG-20210223-WA0067-1152x1536.jpg 1152w, https:\/\/blogsaverroes.juntadeandalucia.es\/ceipsanfernandobornos\/files\/2021\/05\/IMG-20210223-WA0067.jpg 1200w\" sizes=\"(max-width: 225px) 100vw, 225px\" \/><\/a> <a href=\"https:\/\/blogsaverroes.juntadeandalucia.es\/ceipsanfernandobornos\/files\/2021\/05\/IMG-20210223-WA0071.jpg\"><img loading=\"lazy\" decoding=\"async\" class=\"alignnone size-medium wp-image-2918\" src=\"https:\/\/blogsaverroes.juntadeandalucia.es\/ceipsanfernandobornos\/files\/2021\/05\/IMG-20210223-WA0071-225x300.jpg\" alt=\"\" width=\"225\" height=\"300\" srcset=\"https:\/\/blogsaverroes.juntadeandalucia.es\/ceipsanfernandobornos\/files\/2021\/05\/IMG-20210223-WA0071-225x300.jpg 225w, https:\/\/blogsaverroes.juntadeandalucia.es\/ceipsanfernandobornos\/files\/2021\/05\/IMG-20210223-WA0071-768x1024.jpg 768w, https:\/\/blogsaverroes.juntadeandalucia.es\/ceipsanfernandobornos\/files\/2021\/05\/IMG-20210223-WA0071-1152x1536.jpg 1152w, https:\/\/blogsaverroes.juntadeandalucia.es\/ceipsanfernandobornos\/files\/2021\/05\/IMG-20210223-WA0071.jpg 1200w\" sizes=\"(max-width: 225px) 100vw, 225px\" \/><\/a> <a href=\"https:\/\/blogsaverroes.juntadeandalucia.es\/ceipsanfernandobornos\/files\/2021\/05\/IMG-20210223-WA0074.jpg\"><img loading=\"lazy\" decoding=\"async\" class=\"alignnone size-medium wp-image-2919\" src=\"https:\/\/blogsaverroes.juntadeandalucia.es\/ceipsanfernandobornos\/files\/2021\/05\/IMG-20210223-WA0074-225x300.jpg\" alt=\"\" width=\"225\" height=\"300\" srcset=\"https:\/\/blogsaverroes.juntadeandalucia.es\/ceipsanfernandobornos\/files\/2021\/05\/IMG-20210223-WA0074-225x300.jpg 225w, https:\/\/blogsaverroes.juntadeandalucia.es\/ceipsanfernandobornos\/files\/2021\/05\/IMG-20210223-WA0074-768x1024.jpg 768w, https:\/\/blogsaverroes.juntadeandalucia.es\/ceipsanfernandobornos\/files\/2021\/05\/IMG-20210223-WA0074-1152x1536.jpg 1152w, https:\/\/blogsaverroes.juntadeandalucia.es\/ceipsanfernandobornos\/files\/2021\/05\/IMG-20210223-WA0074.jpg 1200w\" sizes=\"(max-width: 225px) 100vw, 225px\" \/><\/a> <a href=\"https:\/\/blogsaverroes.juntadeandalucia.es\/ceipsanfernandobornos\/files\/2021\/05\/IMG-20210223-WA0075.jpg\"><img loading=\"lazy\" decoding=\"async\" class=\"alignnone size-medium wp-image-2920\" src=\"https:\/\/blogsaverroes.juntadeandalucia.es\/ceipsanfernandobornos\/files\/2021\/05\/IMG-20210223-WA0075-225x300.jpg\" alt=\"\" width=\"225\" height=\"300\" srcset=\"https:\/\/blogsaverroes.juntadeandalucia.es\/ceipsanfernandobornos\/files\/2021\/05\/IMG-20210223-WA0075-225x300.jpg 225w, https:\/\/blogsaverroes.juntadeandalucia.es\/ceipsanfernandobornos\/files\/2021\/05\/IMG-20210223-WA0075-768x1024.jpg 768w, https:\/\/blogsaverroes.juntadeandalucia.es\/ceipsanfernandobornos\/files\/2021\/05\/IMG-20210223-WA0075-1152x1536.jpg 1152w, https:\/\/blogsaverroes.juntadeandalucia.es\/ceipsanfernandobornos\/files\/2021\/05\/IMG-20210223-WA0075.jpg 1200w\" sizes=\"(max-width: 225px) 100vw, 225px\" \/><\/a> <a href=\"https:\/\/blogsaverroes.juntadeandalucia.es\/ceipsanfernandobornos\/files\/2021\/05\/IMG-20210223-WA0076.jpg\"><img loading=\"lazy\" decoding=\"async\" class=\"alignnone size-medium wp-image-2921\" src=\"https:\/\/blogsaverroes.juntadeandalucia.es\/ceipsanfernandobornos\/files\/2021\/05\/IMG-20210223-WA0076-225x300.jpg\" alt=\"\" width=\"225\" height=\"300\" srcset=\"https:\/\/blogsaverroes.juntadeandalucia.es\/ceipsanfernandobornos\/files\/2021\/05\/IMG-20210223-WA0076-225x300.jpg 225w, https:\/\/blogsaverroes.juntadeandalucia.es\/ceipsanfernandobornos\/files\/2021\/05\/IMG-20210223-WA0076-768x1024.jpg 768w, https:\/\/blogsaverroes.juntadeandalucia.es\/ceipsanfernandobornos\/files\/2021\/05\/IMG-20210223-WA0076-1152x1536.jpg 1152w, https:\/\/blogsaverroes.juntadeandalucia.es\/ceipsanfernandobornos\/files\/2021\/05\/IMG-20210223-WA0076.jpg 1200w\" sizes=\"(max-width: 225px) 100vw, 225px\" \/><\/a> <a href=\"https:\/\/blogsaverroes.juntadeandalucia.es\/ceipsanfernandobornos\/files\/2021\/05\/IMG-20210223-WA0077.jpg\"><img loading=\"lazy\" decoding=\"async\" class=\"alignnone size-medium wp-image-2922\" src=\"https:\/\/blogsaverroes.juntadeandalucia.es\/ceipsanfernandobornos\/files\/2021\/05\/IMG-20210223-WA0077-225x300.jpg\" alt=\"\" width=\"225\" height=\"300\" srcset=\"https:\/\/blogsaverroes.juntadeandalucia.es\/ceipsanfernandobornos\/files\/2021\/05\/IMG-20210223-WA0077-225x300.jpg 225w, https:\/\/blogsaverroes.juntadeandalucia.es\/ceipsanfernandobornos\/files\/2021\/05\/IMG-20210223-WA0077-768x1024.jpg 768w, https:\/\/blogsaverroes.juntadeandalucia.es\/ceipsanfernandobornos\/files\/2021\/05\/IMG-20210223-WA0077-1152x1536.jpg 1152w, https:\/\/blogsaverroes.juntadeandalucia.es\/ceipsanfernandobornos\/files\/2021\/05\/IMG-20210223-WA0077.jpg 1200w\" sizes=\"(max-width: 225px) 100vw, 225px\" \/><\/a> <a href=\"https:\/\/blogsaverroes.juntadeandalucia.es\/ceipsanfernandobornos\/files\/2021\/05\/IMG-20210223-WA0078.jpg\"><img loading=\"lazy\" decoding=\"async\" class=\"alignnone size-medium wp-image-2923\" src=\"https:\/\/blogsaverroes.juntadeandalucia.es\/ceipsanfernandobornos\/files\/2021\/05\/IMG-20210223-WA0078-225x300.jpg\" alt=\"\" width=\"225\" height=\"300\" srcset=\"https:\/\/blogsaverroes.juntadeandalucia.es\/ceipsanfernandobornos\/files\/2021\/05\/IMG-20210223-WA0078-225x300.jpg 225w, https:\/\/blogsaverroes.juntadeandalucia.es\/ceipsanfernandobornos\/files\/2021\/05\/IMG-20210223-WA0078-768x1024.jpg 768w, https:\/\/blogsaverroes.juntadeandalucia.es\/ceipsanfernandobornos\/files\/2021\/05\/IMG-20210223-WA0078-1152x1536.jpg 1152w, https:\/\/blogsaverroes.juntadeandalucia.es\/ceipsanfernandobornos\/files\/2021\/05\/IMG-20210223-WA0078.jpg 1200w\" sizes=\"(max-width: 225px) 100vw, 225px\" \/><\/a> <a href=\"https:\/\/blogsaverroes.juntadeandalucia.es\/ceipsanfernandobornos\/files\/2021\/05\/IMG-20210223-WA0079.jpg\"><img loading=\"lazy\" decoding=\"async\" class=\"alignnone size-medium wp-image-2924\" src=\"https:\/\/blogsaverroes.juntadeandalucia.es\/ceipsanfernandobornos\/files\/2021\/05\/IMG-20210223-WA0079-225x300.jpg\" alt=\"\" width=\"225\" height=\"300\" srcset=\"https:\/\/blogsaverroes.juntadeandalucia.es\/ceipsanfernandobornos\/files\/2021\/05\/IMG-20210223-WA0079-225x300.jpg 225w, https:\/\/blogsaverroes.juntadeandalucia.es\/ceipsanfernandobornos\/files\/2021\/05\/IMG-20210223-WA0079-768x1024.jpg 768w, https:\/\/blogsaverroes.juntadeandalucia.es\/ceipsanfernandobornos\/files\/2021\/05\/IMG-20210223-WA0079-1152x1536.jpg 1152w, https:\/\/blogsaverroes.juntadeandalucia.es\/ceipsanfernandobornos\/files\/2021\/05\/IMG-20210223-WA0079.jpg 1200w\" sizes=\"(max-width: 225px) 100vw, 225px\" \/><\/a> <a href=\"https:\/\/blogsaverroes.juntadeandalucia.es\/ceipsanfernandobornos\/files\/2021\/05\/IMG-20210223-WA0081.jpg\"><img loading=\"lazy\" decoding=\"async\" class=\"alignnone size-medium wp-image-2925\" src=\"https:\/\/blogsaverroes.juntadeandalucia.es\/ceipsanfernandobornos\/files\/2021\/05\/IMG-20210223-WA0081-225x300.jpg\" alt=\"\" width=\"225\" height=\"300\" srcset=\"https:\/\/blogsaverroes.juntadeandalucia.es\/ceipsanfernandobornos\/files\/2021\/05\/IMG-20210223-WA0081-225x300.jpg 225w, https:\/\/blogsaverroes.juntadeandalucia.es\/ceipsanfernandobornos\/files\/2021\/05\/IMG-20210223-WA0081-768x1024.jpg 768w, https:\/\/blogsaverroes.juntadeandalucia.es\/ceipsanfernandobornos\/files\/2021\/05\/IMG-20210223-WA0081-1152x1536.jpg 1152w, https:\/\/blogsaverroes.juntadeandalucia.es\/ceipsanfernandobornos\/files\/2021\/05\/IMG-20210223-WA0081.jpg 1200w\" sizes=\"(max-width: 225px) 100vw, 225px\" \/><\/a> <a href=\"https:\/\/blogsaverroes.juntadeandalucia.es\/ceipsanfernandobornos\/files\/2021\/05\/IMG-20210223-WA0083.jpg\"><img loading=\"lazy\" decoding=\"async\" class=\"alignnone size-medium wp-image-2926\" src=\"https:\/\/blogsaverroes.juntadeandalucia.es\/ceipsanfernandobornos\/files\/2021\/05\/IMG-20210223-WA0083-225x300.jpg\" alt=\"\" width=\"225\" height=\"300\" srcset=\"https:\/\/blogsaverroes.juntadeandalucia.es\/ceipsanfernandobornos\/files\/2021\/05\/IMG-20210223-WA0083-225x300.jpg 225w, https:\/\/blogsaverroes.juntadeandalucia.es\/ceipsanfernandobornos\/files\/2021\/05\/IMG-20210223-WA0083-768x1024.jpg 768w, https:\/\/blogsaverroes.juntadeandalucia.es\/ceipsanfernandobornos\/files\/2021\/05\/IMG-20210223-WA0083-1152x1536.jpg 1152w, https:\/\/blogsaverroes.juntadeandalucia.es\/ceipsanfernandobornos\/files\/2021\/05\/IMG-20210223-WA0083.jpg 1200w\" sizes=\"(max-width: 225px) 100vw, 225px\" \/><\/a> <a href=\"https:\/\/blogsaverroes.juntadeandalucia.es\/ceipsanfernandobornos\/files\/2021\/05\/IMG-20210223-WA0087.jpg\"><img loading=\"lazy\" decoding=\"async\" class=\"alignnone size-medium wp-image-2927\" src=\"https:\/\/blogsaverroes.juntadeandalucia.es\/ceipsanfernandobornos\/files\/2021\/05\/IMG-20210223-WA0087-225x300.jpg\" alt=\"\" width=\"225\" height=\"300\" srcset=\"https:\/\/blogsaverroes.juntadeandalucia.es\/ceipsanfernandobornos\/files\/2021\/05\/IMG-20210223-WA0087-225x300.jpg 225w, https:\/\/blogsaverroes.juntadeandalucia.es\/ceipsanfernandobornos\/files\/2021\/05\/IMG-20210223-WA0087-768x1024.jpg 768w, https:\/\/blogsaverroes.juntadeandalucia.es\/ceipsanfernandobornos\/files\/2021\/05\/IMG-20210223-WA0087-1152x1536.jpg 1152w, https:\/\/blogsaverroes.juntadeandalucia.es\/ceipsanfernandobornos\/files\/2021\/05\/IMG-20210223-WA0087.jpg 1200w\" sizes=\"(max-width: 225px) 100vw, 225px\" \/><\/a> <a href=\"https:\/\/blogsaverroes.juntadeandalucia.es\/ceipsanfernandobornos\/files\/2021\/05\/IMG-20210223-WA0089.jpg\"><img loading=\"lazy\" decoding=\"async\" class=\"alignnone size-medium wp-image-2928\" src=\"https:\/\/blogsaverroes.juntadeandalucia.es\/ceipsanfernandobornos\/files\/2021\/05\/IMG-20210223-WA0089-225x300.jpg\" alt=\"\" width=\"225\" height=\"300\" srcset=\"https:\/\/blogsaverroes.juntadeandalucia.es\/ceipsanfernandobornos\/files\/2021\/05\/IMG-20210223-WA0089-225x300.jpg 225w, https:\/\/blogsaverroes.juntadeandalucia.es\/ceipsanfernandobornos\/files\/2021\/05\/IMG-20210223-WA0089-768x1024.jpg 768w, https:\/\/blogsaverroes.juntadeandalucia.es\/ceipsanfernandobornos\/files\/2021\/05\/IMG-20210223-WA0089-1152x1536.jpg 1152w, https:\/\/blogsaverroes.juntadeandalucia.es\/ceipsanfernandobornos\/files\/2021\/05\/IMG-20210223-WA0089.jpg 1200w\" sizes=\"(max-width: 225px) 100vw, 225px\" \/><\/a> <a href=\"https:\/\/blogsaverroes.juntadeandalucia.es\/ceipsanfernandobornos\/files\/2021\/05\/IMG-20210223-WA0094.jpg\"><img loading=\"lazy\" decoding=\"async\" class=\"alignnone size-medium wp-image-2929\" src=\"https:\/\/blogsaverroes.juntadeandalucia.es\/ceipsanfernandobornos\/files\/2021\/05\/IMG-20210223-WA0094-225x300.jpg\" alt=\"\" width=\"225\" height=\"300\" srcset=\"https:\/\/blogsaverroes.juntadeandalucia.es\/ceipsanfernandobornos\/files\/2021\/05\/IMG-20210223-WA0094-225x300.jpg 225w, https:\/\/blogsaverroes.juntadeandalucia.es\/ceipsanfernandobornos\/files\/2021\/05\/IMG-20210223-WA0094-768x1024.jpg 768w, https:\/\/blogsaverroes.juntadeandalucia.es\/ceipsanfernandobornos\/files\/2021\/05\/IMG-20210223-WA0094-1152x1536.jpg 1152w, https:\/\/blogsaverroes.juntadeandalucia.es\/ceipsanfernandobornos\/files\/2021\/05\/IMG-20210223-WA0094.jpg 1200w\" sizes=\"(max-width: 225px) 100vw, 225px\" \/><\/a> <a href=\"https:\/\/blogsaverroes.juntadeandalucia.es\/ceipsanfernandobornos\/files\/2021\/05\/IMG-20210223-WA0096.jpg\"><img loading=\"lazy\" decoding=\"async\" class=\"alignnone size-medium wp-image-2930\" src=\"https:\/\/blogsaverroes.juntadeandalucia.es\/ceipsanfernandobornos\/files\/2021\/05\/IMG-20210223-WA0096-225x300.jpg\" alt=\"\" width=\"225\" height=\"300\" srcset=\"https:\/\/blogsaverroes.juntadeandalucia.es\/ceipsanfernandobornos\/files\/2021\/05\/IMG-20210223-WA0096-225x300.jpg 225w, https:\/\/blogsaverroes.juntadeandalucia.es\/ceipsanfernandobornos\/files\/2021\/05\/IMG-20210223-WA0096-768x1024.jpg 768w, https:\/\/blogsaverroes.juntadeandalucia.es\/ceipsanfernandobornos\/files\/2021\/05\/IMG-20210223-WA0096-1152x1536.jpg 1152w, https:\/\/blogsaverroes.juntadeandalucia.es\/ceipsanfernandobornos\/files\/2021\/05\/IMG-20210223-WA0096.jpg 1200w\" sizes=\"(max-width: 225px) 100vw, 225px\" \/><\/a><\/p>\n<p>&nbsp;<\/p>\n<p>&nbsp;<\/p>\n","protected":false},"excerpt":{"rendered":"<p>Gloria Fuertes Si hay una figura de la literatura espa\u00f1ola que ha acompa\u00f1ado a ni\u00f1os y ni\u00f1as de varias generaciones, es la voz de Gloria Fuertes. Una ni\u00f1a grande que se col\u00f3 por la&#46;&#46;&#46;<\/p>\n","protected":false},"author":10437,"featured_media":2914,"comment_status":"open","ping_status":"open","sticky":false,"template":"","format":"standard","meta":{"ngg_post_thumbnail":0,"footnotes":""},"categories":[11909],"tags":[],"aioseo_notices":[],"_links":{"self":[{"href":"https:\/\/blogsaverroes.juntadeandalucia.es\/ceipsanfernandobornos\/wp-json\/wp\/v2\/posts\/2899"}],"collection":[{"href":"https:\/\/blogsaverroes.juntadeandalucia.es\/ceipsanfernandobornos\/wp-json\/wp\/v2\/posts"}],"about":[{"href":"https:\/\/blogsaverroes.juntadeandalucia.es\/ceipsanfernandobornos\/wp-json\/wp\/v2\/types\/post"}],"author":[{"embeddable":true,"href":"https:\/\/blogsaverroes.juntadeandalucia.es\/ceipsanfernandobornos\/wp-json\/wp\/v2\/users\/10437"}],"replies":[{"embeddable":true,"href":"https:\/\/blogsaverroes.juntadeandalucia.es\/ceipsanfernandobornos\/wp-json\/wp\/v2\/comments?post=2899"}],"version-history":[{"count":3,"href":"https:\/\/blogsaverroes.juntadeandalucia.es\/ceipsanfernandobornos\/wp-json\/wp\/v2\/posts\/2899\/revisions"}],"predecessor-version":[{"id":2931,"href":"https:\/\/blogsaverroes.juntadeandalucia.es\/ceipsanfernandobornos\/wp-json\/wp\/v2\/posts\/2899\/revisions\/2931"}],"wp:featuredmedia":[{"embeddable":true,"href":"https:\/\/blogsaverroes.juntadeandalucia.es\/ceipsanfernandobornos\/wp-json\/wp\/v2\/media\/2914"}],"wp:attachment":[{"href":"https:\/\/blogsaverroes.juntadeandalucia.es\/ceipsanfernandobornos\/wp-json\/wp\/v2\/media?parent=2899"}],"wp:term":[{"taxonomy":"category","embeddable":true,"href":"https:\/\/blogsaverroes.juntadeandalucia.es\/ceipsanfernandobornos\/wp-json\/wp\/v2\/categories?post=2899"},{"taxonomy":"post_tag","embeddable":true,"href":"https:\/\/blogsaverroes.juntadeandalucia.es\/ceipsanfernandobornos\/wp-json\/wp\/v2\/tags?post=2899"}],"curies":[{"name":"wp","href":"https:\/\/api.w.org\/{rel}","templated":true}]}}