{"id":3116,"date":"2021-05-05T20:49:47","date_gmt":"2021-05-05T20:49:47","guid":{"rendered":"https:\/\/blogsaverroes.juntadeandalucia.es\/ceipsanfernandobornos\/?p=3116"},"modified":"2021-05-25T21:08:19","modified_gmt":"2021-05-25T21:08:19","slug":"2-de-mayo-ciberacoso","status":"publish","type":"post","link":"https:\/\/blogsaverroes.juntadeandalucia.es\/ceipsanfernandobornos\/2-de-mayo-ciberacoso\/","title":{"rendered":"2 de mayo ciberacoso"},"content":{"rendered":"<p>&nbsp;2 de Mayo D\u00eda internacional contra la violencia y el acoso&nbsp;escolar, incluido el ciberacoso.&nbsp;<\/p>\n<p>Con la celebraci\u00f3n de este d\u00eda a nivel mundial se pretende elevar la concienciaci\u00f3n sobre&nbsp;los riesgos del acoso escolar o bullying en cualquiera de sus manifestaciones, incluyendo el&nbsp;ciberacoso o ciberbullying.<br \/>\nDesde la Consejer\u00eda de Educaci\u00f3n y Deporte, en l\u00ednea con su compromiso con la construcci\u00f3n de&nbsp;entornos seguros de convivencia positiva y un futuro m\u00e1s justo e igualitario, nos&nbsp;impulsan a iniciativas que ayuden a mejorar las relaciones entre iguales y la construcci\u00f3n de redes&nbsp;de adolescentes basadas en el respeto a las diferencias y en la igualdad.<\/p>\n<p>Los chicos\/as de cuarto nos ofrecen este rap que un alumno ha realizado con su padre<a href=\"https:\/\/blogsaverroes.juntadeandalucia.es\/ceipsanfernandobornos\/files\/2021\/05\/Screenshot_20210525-170751_Drive.jpg\"><img loading=\"lazy\" decoding=\"async\" class=\"alignnone size-medium wp-image-3117 aligncenter\" src=\"https:\/\/blogsaverroes.juntadeandalucia.es\/ceipsanfernandobornos\/files\/2021\/05\/Screenshot_20210525-170751_Drive-189x300.jpg\" alt=\"\" width=\"189\" height=\"300\" srcset=\"https:\/\/blogsaverroes.juntadeandalucia.es\/ceipsanfernandobornos\/files\/2021\/05\/Screenshot_20210525-170751_Drive-189x300.jpg 189w, https:\/\/blogsaverroes.juntadeandalucia.es\/ceipsanfernandobornos\/files\/2021\/05\/Screenshot_20210525-170751_Drive-645x1024.jpg 645w, https:\/\/blogsaverroes.juntadeandalucia.es\/ceipsanfernandobornos\/files\/2021\/05\/Screenshot_20210525-170751_Drive-768x1219.jpg 768w, https:\/\/blogsaverroes.juntadeandalucia.es\/ceipsanfernandobornos\/files\/2021\/05\/Screenshot_20210525-170751_Drive-968x1536.jpg 968w, https:\/\/blogsaverroes.juntadeandalucia.es\/ceipsanfernandobornos\/files\/2021\/05\/Screenshot_20210525-170751_Drive.jpg 1008w\" sizes=\"(max-width: 189px) 100vw, 189px\" \/><\/a><\/p>\n<div style=\"width: 848px;\" class=\"wp-video\"><!--[if lt IE 9]><script>document.createElement('video');<\/script><![endif]-->\n<video class=\"wp-video-shortcode\" id=\"video-3116-1\" width=\"848\" height=\"480\" preload=\"metadata\" controls=\"controls\"><source type=\"video\/mp4\" src=\"https:\/\/blogsaverroes.juntadeandalucia.es\/ceipsanfernandobornos\/files\/2021\/05\/5-Mayo.mp4?_=1\" \/><a href=\"https:\/\/blogsaverroes.juntadeandalucia.es\/ceipsanfernandobornos\/files\/2021\/05\/5-Mayo.mp4\">https:\/\/blogsaverroes.juntadeandalucia.es\/ceipsanfernandobornos\/files\/2021\/05\/5-Mayo.mp4<\/a><\/video><\/div>\n<p>Se trabaja tambi\u00e9n con los alumnos de tercer ciclo<\/p>\n","protected":false},"excerpt":{"rendered":"<p>&nbsp;2 de Mayo D\u00eda internacional contra la violencia y el acoso&nbsp;escolar, incluido el ciberacoso.&nbsp; Con la celebraci\u00f3n de este d\u00eda a nivel mundial se pretende elevar la concienciaci\u00f3n sobre&nbsp;los riesgos del acoso escolar o&#46;&#46;&#46;<\/p>\n","protected":false},"author":10437,"featured_media":3117,"comment_status":"open","ping_status":"open","sticky":false,"template":"","format":"standard","meta":{"ngg_post_thumbnail":0,"footnotes":""},"categories":[2351651,2351653,2351658,2351659],"tags":[],"aioseo_notices":[],"_links":{"self":[{"href":"https:\/\/blogsaverroes.juntadeandalucia.es\/ceipsanfernandobornos\/wp-json\/wp\/v2\/posts\/3116"}],"collection":[{"href":"https:\/\/blogsaverroes.juntadeandalucia.es\/ceipsanfernandobornos\/wp-json\/wp\/v2\/posts"}],"about":[{"href":"https:\/\/blogsaverroes.juntadeandalucia.es\/ceipsanfernandobornos\/wp-json\/wp\/v2\/types\/post"}],"author":[{"embeddable":true,"href":"https:\/\/blogsaverroes.juntadeandalucia.es\/ceipsanfernandobornos\/wp-json\/wp\/v2\/users\/10437"}],"replies":[{"embeddable":true,"href":"https:\/\/blogsaverroes.juntadeandalucia.es\/ceipsanfernandobornos\/wp-json\/wp\/v2\/comments?post=3116"}],"version-history":[{"count":2,"href":"https:\/\/blogsaverroes.juntadeandalucia.es\/ceipsanfernandobornos\/wp-json\/wp\/v2\/posts\/3116\/revisions"}],"predecessor-version":[{"id":3120,"href":"https:\/\/blogsaverroes.juntadeandalucia.es\/ceipsanfernandobornos\/wp-json\/wp\/v2\/posts\/3116\/revisions\/3120"}],"wp:featuredmedia":[{"embeddable":true,"href":"https:\/\/blogsaverroes.juntadeandalucia.es\/ceipsanfernandobornos\/wp-json\/wp\/v2\/media\/3117"}],"wp:attachment":[{"href":"https:\/\/blogsaverroes.juntadeandalucia.es\/ceipsanfernandobornos\/wp-json\/wp\/v2\/media?parent=3116"}],"wp:term":[{"taxonomy":"category","embeddable":true,"href":"https:\/\/blogsaverroes.juntadeandalucia.es\/ceipsanfernandobornos\/wp-json\/wp\/v2\/categories?post=3116"},{"taxonomy":"post_tag","embeddable":true,"href":"https:\/\/blogsaverroes.juntadeandalucia.es\/ceipsanfernandobornos\/wp-json\/wp\/v2\/tags?post=3116"}],"curies":[{"name":"wp","href":"https:\/\/api.w.org\/{rel}","templated":true}]}}