{"id":3608,"date":"2022-03-04T17:47:28","date_gmt":"2022-03-04T17:47:28","guid":{"rendered":"https:\/\/blogsaverroes.juntadeandalucia.es\/ceipsanfernandobornos\/?p=3608"},"modified":"2022-04-30T18:03:11","modified_gmt":"2022-04-30T18:03:11","slug":"bo-llego-el-carnaval","status":"publish","type":"post","link":"https:\/\/blogsaverroes.juntadeandalucia.es\/ceipsanfernandobornos\/bo-llego-el-carnaval\/","title":{"rendered":"BO!! LLEG\u00d3 EL CARNAVAL"},"content":{"rendered":"<p>&nbsp;<\/p>\n<p style=\"text-align: center\"><a href=\"https:\/\/blogsaverroes.juntadeandalucia.es\/ceipsanfernandobornos\/files\/2022\/04\/carnaval-bornos-cartel-.jpg\"><img loading=\"lazy\" decoding=\"async\" class=\"alignnone wp-image-3609\" src=\"https:\/\/blogsaverroes.juntadeandalucia.es\/ceipsanfernandobornos\/files\/2022\/04\/carnaval-bornos-cartel--214x300.jpg\" alt=\"\" width=\"165\" height=\"231\" srcset=\"https:\/\/blogsaverroes.juntadeandalucia.es\/ceipsanfernandobornos\/files\/2022\/04\/carnaval-bornos-cartel--214x300.jpg 214w, https:\/\/blogsaverroes.juntadeandalucia.es\/ceipsanfernandobornos\/files\/2022\/04\/carnaval-bornos-cartel--731x1024.jpg 731w, https:\/\/blogsaverroes.juntadeandalucia.es\/ceipsanfernandobornos\/files\/2022\/04\/carnaval-bornos-cartel--768x1075.jpg 768w, https:\/\/blogsaverroes.juntadeandalucia.es\/ceipsanfernandobornos\/files\/2022\/04\/carnaval-bornos-cartel-.jpg 800w\" sizes=\"(max-width: 165px) 100vw, 165px\" \/><\/a><\/p>\n<p>Para celebrar la fiesta del carnaval, un a\u00f1o m\u00e1s tan deseada, se proponen las siguientes actividades:<\/p>\n<ul>\n<li style=\"text-align: justify\">.<strong>Coepaz<\/strong> propone una actividad intercentro, para Carnaval. Decorar una mascarilla quir\u00fargica blanca&nbsp; con motivos y tipos de carnaval. Echamos manos de la creatividad&nbsp; de los alumnos y familias. Se les hace entrega de una mascarilla, aprovechando el momento de a\u00fan Covid19, que deber\u00e1n traer disfrazada, dejando para ello libertad de tem\u00e1tica. As\u00ed, cada uno podr\u00e1 realizarla poniendo toda su imaginaci\u00f3n y laboriosidad.&nbsp;La mascarilla&nbsp; NO SE UTILIZAR\u00c1 sino que ser\u00e1n \u00abobras de arte\u00bb con las que haremos una exposici\u00f3n.Esta actividad la realizar\u00e1n en casa para que las familias puedan colaborar por lo que deber\u00e1n llevarse las mascarillas y traerlas elaboradas el d\u00eda 21 de febrero para tener tiempo de exponerlas.La tem\u00e1tica es \u00abCarnaval\u00bb pero las t\u00e9cnicas empleadas, coloreado, &#8230; ser\u00e1 libre. Es importante tener en cuenta que la mascarilla se utilizar\u00e1 \u00fanicamente para esta actividad y que, una vez pintada, no se usar\u00e1 como medida de protecci\u00f3n.<\/li>\n<\/ul>\n<p><a href=\"https:\/\/blogsaverroes.juntadeandalucia.es\/ceipsanfernandobornos\/files\/2022\/04\/Mascarillas.jpg\"><img loading=\"lazy\" decoding=\"async\" class=\"alignnone wp-image-3633 aligncenter\" src=\"https:\/\/blogsaverroes.juntadeandalucia.es\/ceipsanfernandobornos\/files\/2022\/04\/Mascarillas-300x224.jpg\" alt=\"\" width=\"267\" height=\"199\" srcset=\"https:\/\/blogsaverroes.juntadeandalucia.es\/ceipsanfernandobornos\/files\/2022\/04\/Mascarillas-300x224.jpg 300w, https:\/\/blogsaverroes.juntadeandalucia.es\/ceipsanfernandobornos\/files\/2022\/04\/Mascarillas-1024x765.jpg 1024w, https:\/\/blogsaverroes.juntadeandalucia.es\/ceipsanfernandobornos\/files\/2022\/04\/Mascarillas-768x574.jpg 768w, https:\/\/blogsaverroes.juntadeandalucia.es\/ceipsanfernandobornos\/files\/2022\/04\/Mascarillas-1536x1148.jpg 1536w, https:\/\/blogsaverroes.juntadeandalucia.es\/ceipsanfernandobornos\/files\/2022\/04\/Mascarillas.jpg 1600w\" sizes=\"(max-width: 267px) 100vw, 267px\" \/><\/a><\/p>\n<p style=\"text-align: center\"><a href=\"https:\/\/blogsaverroes.juntadeandalucia.es\/ceipsanfernandobornos\/files\/2022\/04\/cartel2.jpg\"><img loading=\"lazy\" decoding=\"async\" class=\"alignnone wp-image-3644\" src=\"https:\/\/blogsaverroes.juntadeandalucia.es\/ceipsanfernandobornos\/files\/2022\/04\/cartel2-138x300.jpg\" alt=\"\" width=\"106\" height=\"230\" srcset=\"https:\/\/blogsaverroes.juntadeandalucia.es\/ceipsanfernandobornos\/files\/2022\/04\/cartel2-138x300.jpg 138w, https:\/\/blogsaverroes.juntadeandalucia.es\/ceipsanfernandobornos\/files\/2022\/04\/cartel2-472x1024.jpg 472w, https:\/\/blogsaverroes.juntadeandalucia.es\/ceipsanfernandobornos\/files\/2022\/04\/cartel2-708x1536.jpg 708w, https:\/\/blogsaverroes.juntadeandalucia.es\/ceipsanfernandobornos\/files\/2022\/04\/cartel2.jpg 737w\" sizes=\"(max-width: 106px) 100vw, 106px\" \/>&nbsp; <\/a><a href=\"https:\/\/blogsaverroes.juntadeandalucia.es\/ceipsanfernandobornos\/files\/2022\/04\/cartel-carnaval.jpg\"><img loading=\"lazy\" decoding=\"async\" class=\"alignnone size-medium wp-image-3642\" src=\"https:\/\/blogsaverroes.juntadeandalucia.es\/ceipsanfernandobornos\/files\/2022\/04\/cartel-carnaval-300x138.jpg\" alt=\"\" width=\"300\" height=\"138\" srcset=\"https:\/\/blogsaverroes.juntadeandalucia.es\/ceipsanfernandobornos\/files\/2022\/04\/cartel-carnaval-300x138.jpg 300w, https:\/\/blogsaverroes.juntadeandalucia.es\/ceipsanfernandobornos\/files\/2022\/04\/cartel-carnaval-1024x472.jpg 1024w, https:\/\/blogsaverroes.juntadeandalucia.es\/ceipsanfernandobornos\/files\/2022\/04\/cartel-carnaval-768x354.jpg 768w, https:\/\/blogsaverroes.juntadeandalucia.es\/ceipsanfernandobornos\/files\/2022\/04\/cartel-carnaval-1536x708.jpg 1536w, https:\/\/blogsaverroes.juntadeandalucia.es\/ceipsanfernandobornos\/files\/2022\/04\/cartel-carnaval-980x450.jpg 980w, https:\/\/blogsaverroes.juntadeandalucia.es\/ceipsanfernandobornos\/files\/2022\/04\/cartel-carnaval.jpg 1600w\" sizes=\"(max-width: 300px) 100vw, 300px\" \/><\/a><\/p>\n<p><a href=\"https:\/\/blogsaverroes.juntadeandalucia.es\/ceipsanfernandobornos\/files\/2022\/04\/WhatsApp-Image-2022-02-24-at-17.26.16.jpeg\"><img loading=\"lazy\" decoding=\"async\" class=\"alignnone size-medium wp-image-3611\" src=\"https:\/\/blogsaverroes.juntadeandalucia.es\/ceipsanfernandobornos\/files\/2022\/04\/WhatsApp-Image-2022-02-24-at-17.26.16-300x217.jpeg\" alt=\"\" width=\"300\" height=\"217\" srcset=\"https:\/\/blogsaverroes.juntadeandalucia.es\/ceipsanfernandobornos\/files\/2022\/04\/WhatsApp-Image-2022-02-24-at-17.26.16-300x217.jpeg 300w, https:\/\/blogsaverroes.juntadeandalucia.es\/ceipsanfernandobornos\/files\/2022\/04\/WhatsApp-Image-2022-02-24-at-17.26.16-1024x740.jpeg 1024w, https:\/\/blogsaverroes.juntadeandalucia.es\/ceipsanfernandobornos\/files\/2022\/04\/WhatsApp-Image-2022-02-24-at-17.26.16-768x555.jpeg 768w, https:\/\/blogsaverroes.juntadeandalucia.es\/ceipsanfernandobornos\/files\/2022\/04\/WhatsApp-Image-2022-02-24-at-17.26.16-1536x1110.jpeg 1536w, https:\/\/blogsaverroes.juntadeandalucia.es\/ceipsanfernandobornos\/files\/2022\/04\/WhatsApp-Image-2022-02-24-at-17.26.16.jpeg 1600w\" sizes=\"(max-width: 300px) 100vw, 300px\" \/><\/a> <a href=\"https:\/\/blogsaverroes.juntadeandalucia.es\/ceipsanfernandobornos\/files\/2022\/04\/3a\u00f1os-2.jpg\"><img loading=\"lazy\" decoding=\"async\" class=\"alignnone size-medium wp-image-3635\" src=\"https:\/\/blogsaverroes.juntadeandalucia.es\/ceipsanfernandobornos\/files\/2022\/04\/3a\u00f1os-2-300x186.jpg\" alt=\"\" width=\"300\" height=\"186\" srcset=\"https:\/\/blogsaverroes.juntadeandalucia.es\/ceipsanfernandobornos\/files\/2022\/04\/3a\u00f1os-2-300x186.jpg 300w, https:\/\/blogsaverroes.juntadeandalucia.es\/ceipsanfernandobornos\/files\/2022\/04\/3a\u00f1os-2-1024x634.jpg 1024w, https:\/\/blogsaverroes.juntadeandalucia.es\/ceipsanfernandobornos\/files\/2022\/04\/3a\u00f1os-2-768x475.jpg 768w, https:\/\/blogsaverroes.juntadeandalucia.es\/ceipsanfernandobornos\/files\/2022\/04\/3a\u00f1os-2.jpg 1396w\" sizes=\"(max-width: 300px) 100vw, 300px\" \/><\/a><\/p>\n<p><a href=\"https:\/\/blogsaverroes.juntadeandalucia.es\/ceipsanfernandobornos\/files\/2022\/04\/Mascarillas_2\u00ba_ciclo_3.jpeg\"><img loading=\"lazy\" decoding=\"async\" class=\"alignnone size-medium wp-image-3634\" src=\"https:\/\/blogsaverroes.juntadeandalucia.es\/ceipsanfernandobornos\/files\/2022\/04\/Mascarillas_2\u00ba_ciclo_3-300x152.jpeg\" alt=\"\" width=\"300\" height=\"152\" srcset=\"https:\/\/blogsaverroes.juntadeandalucia.es\/ceipsanfernandobornos\/files\/2022\/04\/Mascarillas_2\u00ba_ciclo_3-300x152.jpeg 300w, https:\/\/blogsaverroes.juntadeandalucia.es\/ceipsanfernandobornos\/files\/2022\/04\/Mascarillas_2\u00ba_ciclo_3-1024x520.jpeg 1024w, https:\/\/blogsaverroes.juntadeandalucia.es\/ceipsanfernandobornos\/files\/2022\/04\/Mascarillas_2\u00ba_ciclo_3-768x390.jpeg 768w, https:\/\/blogsaverroes.juntadeandalucia.es\/ceipsanfernandobornos\/files\/2022\/04\/Mascarillas_2\u00ba_ciclo_3-1536x780.jpeg 1536w, https:\/\/blogsaverroes.juntadeandalucia.es\/ceipsanfernandobornos\/files\/2022\/04\/Mascarillas_2\u00ba_ciclo_3.jpeg 1600w\" sizes=\"(max-width: 300px) 100vw, 300px\" \/><\/a><\/p>\n<p><a href=\"https:\/\/blogsaverroes.juntadeandalucia.es\/ceipsanfernandobornos\/files\/2022\/04\/5\u00ba-scaled.jpg\"><img loading=\"lazy\" decoding=\"async\" class=\"alignnone size-medium wp-image-3636\" src=\"https:\/\/blogsaverroes.juntadeandalucia.es\/ceipsanfernandobornos\/files\/2022\/04\/5\u00ba-300x268.jpg\" alt=\"\" width=\"300\" height=\"268\" srcset=\"https:\/\/blogsaverroes.juntadeandalucia.es\/ceipsanfernandobornos\/files\/2022\/04\/5\u00ba-300x268.jpg 300w, https:\/\/blogsaverroes.juntadeandalucia.es\/ceipsanfernandobornos\/files\/2022\/04\/5\u00ba-1024x916.jpg 1024w, https:\/\/blogsaverroes.juntadeandalucia.es\/ceipsanfernandobornos\/files\/2022\/04\/5\u00ba-768x687.jpg 768w, https:\/\/blogsaverroes.juntadeandalucia.es\/ceipsanfernandobornos\/files\/2022\/04\/5\u00ba-1536x1375.jpg 1536w, https:\/\/blogsaverroes.juntadeandalucia.es\/ceipsanfernandobornos\/files\/2022\/04\/5\u00ba-2048x1833.jpg 2048w, https:\/\/blogsaverroes.juntadeandalucia.es\/ceipsanfernandobornos\/files\/2022\/04\/5\u00ba-scaled.jpg 1600w\" sizes=\"(max-width: 300px) 100vw, 300px\" \/><\/a><a href=\"https:\/\/blogsaverroes.juntadeandalucia.es\/ceipsanfernandobornos\/files\/2022\/04\/6\u00ba-scaled.jpg\"><img loading=\"lazy\" decoding=\"async\" class=\"alignnone size-medium wp-image-3637\" src=\"https:\/\/blogsaverroes.juntadeandalucia.es\/ceipsanfernandobornos\/files\/2022\/04\/6\u00ba-300x295.jpg\" alt=\"\" width=\"300\" height=\"295\" srcset=\"https:\/\/blogsaverroes.juntadeandalucia.es\/ceipsanfernandobornos\/files\/2022\/04\/6\u00ba-300x295.jpg 300w, https:\/\/blogsaverroes.juntadeandalucia.es\/ceipsanfernandobornos\/files\/2022\/04\/6\u00ba-1024x1008.jpg 1024w, https:\/\/blogsaverroes.juntadeandalucia.es\/ceipsanfernandobornos\/files\/2022\/04\/6\u00ba-768x756.jpg 768w, https:\/\/blogsaverroes.juntadeandalucia.es\/ceipsanfernandobornos\/files\/2022\/04\/6\u00ba-1536x1512.jpg 1536w, https:\/\/blogsaverroes.juntadeandalucia.es\/ceipsanfernandobornos\/files\/2022\/04\/6\u00ba-2048x2016.jpg 2048w, https:\/\/blogsaverroes.juntadeandalucia.es\/ceipsanfernandobornos\/files\/2022\/04\/6\u00ba-80x80.jpg 80w, https:\/\/blogsaverroes.juntadeandalucia.es\/ceipsanfernandobornos\/files\/2022\/04\/6\u00ba-scaled.jpg 1600w\" sizes=\"(max-width: 300px) 100vw, 300px\" \/><\/a><\/p>\n<ul>\n<li style=\"text-align: justify\">Seguimos, a nivel intercentro, se propone trabajar <strong>Semana Loca del Carnaval<\/strong>. Cada d\u00eda de la semana los alumnos van completando la poes\u00eda que se les adjunta llegando al final de \u00e9sta con un disfraz que al cole traer\u00e1.<\/li>\n<\/ul>\n<p style=\"text-align: center\"><a href=\"https:\/\/blogsaverroes.juntadeandalucia.es\/ceipsanfernandobornos\/files\/2022\/04\/Captura-1.png\"><img loading=\"lazy\" decoding=\"async\" class=\"alignnone size-medium wp-image-3632\" src=\"https:\/\/blogsaverroes.juntadeandalucia.es\/ceipsanfernandobornos\/files\/2022\/04\/Captura-1-219x300.png\" alt=\"\" width=\"219\" height=\"300\" srcset=\"https:\/\/blogsaverroes.juntadeandalucia.es\/ceipsanfernandobornos\/files\/2022\/04\/Captura-1-219x300.png 219w, https:\/\/blogsaverroes.juntadeandalucia.es\/ceipsanfernandobornos\/files\/2022\/04\/Captura-1.png 596w\" sizes=\"(max-width: 219px) 100vw, 219px\" \/><\/a><\/p>\n<p><a href=\"https:\/\/blogsaverroes.juntadeandalucia.es\/ceipsanfernandobornos\/files\/2022\/04\/IMG-20220303-WA0036.jpg\"><img loading=\"lazy\" decoding=\"async\" class=\"alignnone size-medium wp-image-3692\" src=\"https:\/\/blogsaverroes.juntadeandalucia.es\/ceipsanfernandobornos\/files\/2022\/04\/IMG-20220303-WA0036-300x169.jpg\" alt=\"\" width=\"300\" height=\"169\" srcset=\"https:\/\/blogsaverroes.juntadeandalucia.es\/ceipsanfernandobornos\/files\/2022\/04\/IMG-20220303-WA0036-300x169.jpg 300w, https:\/\/blogsaverroes.juntadeandalucia.es\/ceipsanfernandobornos\/files\/2022\/04\/IMG-20220303-WA0036-1024x576.jpg 1024w, https:\/\/blogsaverroes.juntadeandalucia.es\/ceipsanfernandobornos\/files\/2022\/04\/IMG-20220303-WA0036-768x432.jpg 768w, https:\/\/blogsaverroes.juntadeandalucia.es\/ceipsanfernandobornos\/files\/2022\/04\/IMG-20220303-WA0036-1536x864.jpg 1536w, https:\/\/blogsaverroes.juntadeandalucia.es\/ceipsanfernandobornos\/files\/2022\/04\/IMG-20220303-WA0036.jpg 1600w\" sizes=\"(max-width: 300px) 100vw, 300px\" \/><\/a> <a href=\"https:\/\/blogsaverroes.juntadeandalucia.es\/ceipsanfernandobornos\/files\/2022\/04\/IMG-20220303-WA0038.jpg\"><img loading=\"lazy\" decoding=\"async\" class=\"alignnone size-medium wp-image-3693\" src=\"https:\/\/blogsaverroes.juntadeandalucia.es\/ceipsanfernandobornos\/files\/2022\/04\/IMG-20220303-WA0038-169x300.jpg\" alt=\"\" width=\"169\" height=\"300\" srcset=\"https:\/\/blogsaverroes.juntadeandalucia.es\/ceipsanfernandobornos\/files\/2022\/04\/IMG-20220303-WA0038-169x300.jpg 169w, https:\/\/blogsaverroes.juntadeandalucia.es\/ceipsanfernandobornos\/files\/2022\/04\/IMG-20220303-WA0038-576x1024.jpg 576w, https:\/\/blogsaverroes.juntadeandalucia.es\/ceipsanfernandobornos\/files\/2022\/04\/IMG-20220303-WA0038-768x1365.jpg 768w, https:\/\/blogsaverroes.juntadeandalucia.es\/ceipsanfernandobornos\/files\/2022\/04\/IMG-20220303-WA0038-864x1536.jpg 864w, https:\/\/blogsaverroes.juntadeandalucia.es\/ceipsanfernandobornos\/files\/2022\/04\/IMG-20220303-WA0038.jpg 900w\" sizes=\"(max-width: 169px) 100vw, 169px\" \/><\/a> <a href=\"https:\/\/blogsaverroes.juntadeandalucia.es\/ceipsanfernandobornos\/files\/2022\/04\/poes\u00eda-2.jpg\"><img loading=\"lazy\" decoding=\"async\" class=\"alignnone size-medium wp-image-3694\" src=\"https:\/\/blogsaverroes.juntadeandalucia.es\/ceipsanfernandobornos\/files\/2022\/04\/poes\u00eda-2-300x169.jpg\" alt=\"\" width=\"300\" height=\"169\" srcset=\"https:\/\/blogsaverroes.juntadeandalucia.es\/ceipsanfernandobornos\/files\/2022\/04\/poes\u00eda-2-300x169.jpg 300w, https:\/\/blogsaverroes.juntadeandalucia.es\/ceipsanfernandobornos\/files\/2022\/04\/poes\u00eda-2-1024x576.jpg 1024w, https:\/\/blogsaverroes.juntadeandalucia.es\/ceipsanfernandobornos\/files\/2022\/04\/poes\u00eda-2-768x432.jpg 768w, https:\/\/blogsaverroes.juntadeandalucia.es\/ceipsanfernandobornos\/files\/2022\/04\/poes\u00eda-2-1536x864.jpg 1536w, https:\/\/blogsaverroes.juntadeandalucia.es\/ceipsanfernandobornos\/files\/2022\/04\/poes\u00eda-2.jpg 1600w\" sizes=\"(max-width: 300px) 100vw, 300px\" \/><\/a> <a href=\"https:\/\/blogsaverroes.juntadeandalucia.es\/ceipsanfernandobornos\/files\/2022\/04\/poes\u00eda-3.jpg\"><img loading=\"lazy\" decoding=\"async\" class=\"alignnone size-medium wp-image-3695\" src=\"https:\/\/blogsaverroes.juntadeandalucia.es\/ceipsanfernandobornos\/files\/2022\/04\/poes\u00eda-3-169x300.jpg\" alt=\"\" width=\"169\" height=\"300\" srcset=\"https:\/\/blogsaverroes.juntadeandalucia.es\/ceipsanfernandobornos\/files\/2022\/04\/poes\u00eda-3-169x300.jpg 169w, https:\/\/blogsaverroes.juntadeandalucia.es\/ceipsanfernandobornos\/files\/2022\/04\/poes\u00eda-3-576x1024.jpg 576w, https:\/\/blogsaverroes.juntadeandalucia.es\/ceipsanfernandobornos\/files\/2022\/04\/poes\u00eda-3-768x1365.jpg 768w, https:\/\/blogsaverroes.juntadeandalucia.es\/ceipsanfernandobornos\/files\/2022\/04\/poes\u00eda-3-864x1536.jpg 864w, https:\/\/blogsaverroes.juntadeandalucia.es\/ceipsanfernandobornos\/files\/2022\/04\/poes\u00eda-3.jpg 900w\" sizes=\"(max-width: 169px) 100vw, 169px\" \/><\/a> <a href=\"https:\/\/blogsaverroes.juntadeandalucia.es\/ceipsanfernandobornos\/files\/2022\/04\/poes\u00eda-4.jpg\"><img loading=\"lazy\" decoding=\"async\" class=\"alignnone size-medium wp-image-3696\" src=\"https:\/\/blogsaverroes.juntadeandalucia.es\/ceipsanfernandobornos\/files\/2022\/04\/poes\u00eda-4-300x169.jpg\" alt=\"\" width=\"300\" height=\"169\" srcset=\"https:\/\/blogsaverroes.juntadeandalucia.es\/ceipsanfernandobornos\/files\/2022\/04\/poes\u00eda-4-300x169.jpg 300w, https:\/\/blogsaverroes.juntadeandalucia.es\/ceipsanfernandobornos\/files\/2022\/04\/poes\u00eda-4-1024x576.jpg 1024w, https:\/\/blogsaverroes.juntadeandalucia.es\/ceipsanfernandobornos\/files\/2022\/04\/poes\u00eda-4-768x432.jpg 768w, https:\/\/blogsaverroes.juntadeandalucia.es\/ceipsanfernandobornos\/files\/2022\/04\/poes\u00eda-4-1536x864.jpg 1536w, https:\/\/blogsaverroes.juntadeandalucia.es\/ceipsanfernandobornos\/files\/2022\/04\/poes\u00eda-4.jpg 1600w\" sizes=\"(max-width: 300px) 100vw, 300px\" \/><\/a> <a href=\"https:\/\/blogsaverroes.juntadeandalucia.es\/ceipsanfernandobornos\/files\/2022\/04\/poes\u00eda-5.jpg\"><img loading=\"lazy\" decoding=\"async\" class=\"alignnone size-medium wp-image-3697\" src=\"https:\/\/blogsaverroes.juntadeandalucia.es\/ceipsanfernandobornos\/files\/2022\/04\/poes\u00eda-5-300x169.jpg\" alt=\"\" width=\"300\" height=\"169\" srcset=\"https:\/\/blogsaverroes.juntadeandalucia.es\/ceipsanfernandobornos\/files\/2022\/04\/poes\u00eda-5-300x169.jpg 300w, https:\/\/blogsaverroes.juntadeandalucia.es\/ceipsanfernandobornos\/files\/2022\/04\/poes\u00eda-5-1024x576.jpg 1024w, https:\/\/blogsaverroes.juntadeandalucia.es\/ceipsanfernandobornos\/files\/2022\/04\/poes\u00eda-5-768x432.jpg 768w, https:\/\/blogsaverroes.juntadeandalucia.es\/ceipsanfernandobornos\/files\/2022\/04\/poes\u00eda-5-1536x864.jpg 1536w, https:\/\/blogsaverroes.juntadeandalucia.es\/ceipsanfernandobornos\/files\/2022\/04\/poes\u00eda-5.jpg 1600w\" sizes=\"(max-width: 300px) 100vw, 300px\" \/><\/a> <a href=\"https:\/\/blogsaverroes.juntadeandalucia.es\/ceipsanfernandobornos\/files\/2022\/04\/poes\u00eda.jpg\"><img loading=\"lazy\" decoding=\"async\" class=\"alignnone size-medium wp-image-3698\" src=\"https:\/\/blogsaverroes.juntadeandalucia.es\/ceipsanfernandobornos\/files\/2022\/04\/poes\u00eda-169x300.jpg\" alt=\"\" width=\"169\" height=\"300\" srcset=\"https:\/\/blogsaverroes.juntadeandalucia.es\/ceipsanfernandobornos\/files\/2022\/04\/poes\u00eda-169x300.jpg 169w, https:\/\/blogsaverroes.juntadeandalucia.es\/ceipsanfernandobornos\/files\/2022\/04\/poes\u00eda-576x1024.jpg 576w, https:\/\/blogsaverroes.juntadeandalucia.es\/ceipsanfernandobornos\/files\/2022\/04\/poes\u00eda-768x1365.jpg 768w, https:\/\/blogsaverroes.juntadeandalucia.es\/ceipsanfernandobornos\/files\/2022\/04\/poes\u00eda-864x1536.jpg 864w, https:\/\/blogsaverroes.juntadeandalucia.es\/ceipsanfernandobornos\/files\/2022\/04\/poes\u00eda.jpg 900w\" sizes=\"(max-width: 169px) 100vw, 169px\" \/><\/a><\/p>\n<ul>\n<li style=\"text-align: justify\">El viernes 4 de marzo como colof\u00f3n a&nbsp; una de las&nbsp; fiestas m\u00e1s populares de nuestro pueblo celebramos <strong>\u00abEl d\u00eda del carnaval en el cole\u00bb<\/strong>. Se hacen pasacalles, desfile de disfraces, confecci\u00f3n de murales, caretas, pasatiempos.<\/li>\n<\/ul>\n<p style=\"text-align: center\"><strong><span style=\"color: #339966\">Muestra de las actividades en las siguientes fotos<\/span><\/strong><\/p>\n<p><a href=\"https:\/\/blogsaverroes.juntadeandalucia.es\/ceipsanfernandobornos\/files\/2022\/04\/20220304_104035-scaled.jpg\"><img loading=\"lazy\" decoding=\"async\" class=\"alignnone wp-image-3638\" src=\"https:\/\/blogsaverroes.juntadeandalucia.es\/ceipsanfernandobornos\/files\/2022\/04\/20220304_104035-225x300.jpg\" alt=\"\" width=\"190\" height=\"253\" srcset=\"https:\/\/blogsaverroes.juntadeandalucia.es\/ceipsanfernandobornos\/files\/2022\/04\/20220304_104035-225x300.jpg 225w, https:\/\/blogsaverroes.juntadeandalucia.es\/ceipsanfernandobornos\/files\/2022\/04\/20220304_104035-768x1024.jpg 768w, https:\/\/blogsaverroes.juntadeandalucia.es\/ceipsanfernandobornos\/files\/2022\/04\/20220304_104035-1152x1536.jpg 1152w, https:\/\/blogsaverroes.juntadeandalucia.es\/ceipsanfernandobornos\/files\/2022\/04\/20220304_104035-1536x2048.jpg 1536w, https:\/\/blogsaverroes.juntadeandalucia.es\/ceipsanfernandobornos\/files\/2022\/04\/20220304_104035-scaled.jpg 1200w\" sizes=\"(max-width: 190px) 100vw, 190px\" \/><\/a> <a href=\"https:\/\/blogsaverroes.juntadeandalucia.es\/ceipsanfernandobornos\/files\/2022\/04\/20220304_104040-scaled.jpg\"><img loading=\"lazy\" decoding=\"async\" class=\"alignnone wp-image-3639\" src=\"https:\/\/blogsaverroes.juntadeandalucia.es\/ceipsanfernandobornos\/files\/2022\/04\/20220304_104040-225x300.jpg\" alt=\"\" width=\"191\" height=\"255\" srcset=\"https:\/\/blogsaverroes.juntadeandalucia.es\/ceipsanfernandobornos\/files\/2022\/04\/20220304_104040-225x300.jpg 225w, https:\/\/blogsaverroes.juntadeandalucia.es\/ceipsanfernandobornos\/files\/2022\/04\/20220304_104040-768x1024.jpg 768w, https:\/\/blogsaverroes.juntadeandalucia.es\/ceipsanfernandobornos\/files\/2022\/04\/20220304_104040-1152x1536.jpg 1152w, https:\/\/blogsaverroes.juntadeandalucia.es\/ceipsanfernandobornos\/files\/2022\/04\/20220304_104040-1536x2048.jpg 1536w, https:\/\/blogsaverroes.juntadeandalucia.es\/ceipsanfernandobornos\/files\/2022\/04\/20220304_104040-scaled.jpg 1200w\" sizes=\"(max-width: 191px) 100vw, 191px\" \/><\/a> <a href=\"https:\/\/blogsaverroes.juntadeandalucia.es\/ceipsanfernandobornos\/files\/2022\/04\/payaso-scaled.jpg\"><img loading=\"lazy\" decoding=\"async\" class=\"alignnone size-medium wp-image-3640\" src=\"https:\/\/blogsaverroes.juntadeandalucia.es\/ceipsanfernandobornos\/files\/2022\/04\/payaso-231x300.jpg\" alt=\"\" width=\"231\" height=\"300\" srcset=\"https:\/\/blogsaverroes.juntadeandalucia.es\/ceipsanfernandobornos\/files\/2022\/04\/payaso-231x300.jpg 231w, https:\/\/blogsaverroes.juntadeandalucia.es\/ceipsanfernandobornos\/files\/2022\/04\/payaso-788x1024.jpg 788w, https:\/\/blogsaverroes.juntadeandalucia.es\/ceipsanfernandobornos\/files\/2022\/04\/payaso-768x998.jpg 768w, https:\/\/blogsaverroes.juntadeandalucia.es\/ceipsanfernandobornos\/files\/2022\/04\/payaso-1181x1536.jpg 1181w, https:\/\/blogsaverroes.juntadeandalucia.es\/ceipsanfernandobornos\/files\/2022\/04\/payaso-1575x2048.jpg 1575w, https:\/\/blogsaverroes.juntadeandalucia.es\/ceipsanfernandobornos\/files\/2022\/04\/payaso-scaled.jpg 1231w\" sizes=\"(max-width: 231px) 100vw, 231px\" \/> <\/a><a href=\"https:\/\/blogsaverroes.juntadeandalucia.es\/ceipsanfernandobornos\/files\/2022\/04\/IMG-20220304-WA0033.jpg\"><img loading=\"lazy\" decoding=\"async\" class=\"alignnone size-medium wp-image-3699\" src=\"https:\/\/blogsaverroes.juntadeandalucia.es\/ceipsanfernandobornos\/files\/2022\/04\/IMG-20220304-WA0033-300x146.jpg\" alt=\"\" width=\"300\" height=\"146\" srcset=\"https:\/\/blogsaverroes.juntadeandalucia.es\/ceipsanfernandobornos\/files\/2022\/04\/IMG-20220304-WA0033-300x146.jpg 300w, https:\/\/blogsaverroes.juntadeandalucia.es\/ceipsanfernandobornos\/files\/2022\/04\/IMG-20220304-WA0033-1024x498.jpg 1024w, https:\/\/blogsaverroes.juntadeandalucia.es\/ceipsanfernandobornos\/files\/2022\/04\/IMG-20220304-WA0033-768x374.jpg 768w, https:\/\/blogsaverroes.juntadeandalucia.es\/ceipsanfernandobornos\/files\/2022\/04\/IMG-20220304-WA0033-1536x747.jpg 1536w, https:\/\/blogsaverroes.juntadeandalucia.es\/ceipsanfernandobornos\/files\/2022\/04\/IMG-20220304-WA0033.jpg 1600w\" sizes=\"(max-width: 300px) 100vw, 300px\" \/><\/a><a href=\"https:\/\/blogsaverroes.juntadeandalucia.es\/ceipsanfernandobornos\/files\/2022\/04\/IMG-20220304-WA0046.jpg\"><img loading=\"lazy\" decoding=\"async\" class=\"alignnone size-medium wp-image-3700\" src=\"https:\/\/blogsaverroes.juntadeandalucia.es\/ceipsanfernandobornos\/files\/2022\/04\/IMG-20220304-WA0046-300x169.jpg\" alt=\"\" width=\"300\" height=\"169\" srcset=\"https:\/\/blogsaverroes.juntadeandalucia.es\/ceipsanfernandobornos\/files\/2022\/04\/IMG-20220304-WA0046-300x169.jpg 300w, https:\/\/blogsaverroes.juntadeandalucia.es\/ceipsanfernandobornos\/files\/2022\/04\/IMG-20220304-WA0046-1024x576.jpg 1024w, https:\/\/blogsaverroes.juntadeandalucia.es\/ceipsanfernandobornos\/files\/2022\/04\/IMG-20220304-WA0046-768x432.jpg 768w, https:\/\/blogsaverroes.juntadeandalucia.es\/ceipsanfernandobornos\/files\/2022\/04\/IMG-20220304-WA0046-1536x864.jpg 1536w, https:\/\/blogsaverroes.juntadeandalucia.es\/ceipsanfernandobornos\/files\/2022\/04\/IMG-20220304-WA0046.jpg 1600w\" sizes=\"(max-width: 300px) 100vw, 300px\" \/><\/a><a href=\"https:\/\/blogsaverroes.juntadeandalucia.es\/ceipsanfernandobornos\/files\/2022\/04\/IMG-20220304-WA0058.jpg\"><img loading=\"lazy\" decoding=\"async\" class=\"alignnone size-medium wp-image-3701\" src=\"https:\/\/blogsaverroes.juntadeandalucia.es\/ceipsanfernandobornos\/files\/2022\/04\/IMG-20220304-WA0058-300x223.jpg\" alt=\"\" width=\"300\" height=\"223\" srcset=\"https:\/\/blogsaverroes.juntadeandalucia.es\/ceipsanfernandobornos\/files\/2022\/04\/IMG-20220304-WA0058-300x223.jpg 300w, https:\/\/blogsaverroes.juntadeandalucia.es\/ceipsanfernandobornos\/files\/2022\/04\/IMG-20220304-WA0058-768x571.jpg 768w, https:\/\/blogsaverroes.juntadeandalucia.es\/ceipsanfernandobornos\/files\/2022\/04\/IMG-20220304-WA0058.jpg 926w\" sizes=\"(max-width: 300px) 100vw, 300px\" \/><\/a><a href=\"https:\/\/blogsaverroes.juntadeandalucia.es\/ceipsanfernandobornos\/files\/2022\/04\/IMG-20220304-WA0061.jpg\"><img loading=\"lazy\" decoding=\"async\" class=\"alignnone size-medium wp-image-3702\" src=\"https:\/\/blogsaverroes.juntadeandalucia.es\/ceipsanfernandobornos\/files\/2022\/04\/IMG-20220304-WA0061-300x225.jpg\" alt=\"\" width=\"300\" height=\"225\" srcset=\"https:\/\/blogsaverroes.juntadeandalucia.es\/ceipsanfernandobornos\/files\/2022\/04\/IMG-20220304-WA0061-300x225.jpg 300w, https:\/\/blogsaverroes.juntadeandalucia.es\/ceipsanfernandobornos\/files\/2022\/04\/IMG-20220304-WA0061-1024x768.jpg 1024w, https:\/\/blogsaverroes.juntadeandalucia.es\/ceipsanfernandobornos\/files\/2022\/04\/IMG-20220304-WA0061-768x576.jpg 768w, https:\/\/blogsaverroes.juntadeandalucia.es\/ceipsanfernandobornos\/files\/2022\/04\/IMG-20220304-WA0061-1536x1152.jpg 1536w, https:\/\/blogsaverroes.juntadeandalucia.es\/ceipsanfernandobornos\/files\/2022\/04\/IMG-20220304-WA0061.jpg 1600w\" sizes=\"(max-width: 300px) 100vw, 300px\" \/><\/a><a href=\"https:\/\/blogsaverroes.juntadeandalucia.es\/ceipsanfernandobornos\/files\/2022\/04\/IMG-20220304-WA0078.jpg\"><img loading=\"lazy\" decoding=\"async\" class=\"alignnone size-medium wp-image-3703\" src=\"https:\/\/blogsaverroes.juntadeandalucia.es\/ceipsanfernandobornos\/files\/2022\/04\/IMG-20220304-WA0078-300x225.jpg\" alt=\"\" width=\"300\" height=\"225\" srcset=\"https:\/\/blogsaverroes.juntadeandalucia.es\/ceipsanfernandobornos\/files\/2022\/04\/IMG-20220304-WA0078-300x225.jpg 300w, https:\/\/blogsaverroes.juntadeandalucia.es\/ceipsanfernandobornos\/files\/2022\/04\/IMG-20220304-WA0078-1024x768.jpg 1024w, https:\/\/blogsaverroes.juntadeandalucia.es\/ceipsanfernandobornos\/files\/2022\/04\/IMG-20220304-WA0078-768x576.jpg 768w, https:\/\/blogsaverroes.juntadeandalucia.es\/ceipsanfernandobornos\/files\/2022\/04\/IMG-20220304-WA0078-1536x1152.jpg 1536w, https:\/\/blogsaverroes.juntadeandalucia.es\/ceipsanfernandobornos\/files\/2022\/04\/IMG-20220304-WA0078.jpg 1600w\" sizes=\"(max-width: 300px) 100vw, 300px\" \/><\/a><a href=\"https:\/\/blogsaverroes.juntadeandalucia.es\/ceipsanfernandobornos\/files\/2022\/04\/IMG-20220304-WA0081.jpg\"><img loading=\"lazy\" decoding=\"async\" class=\"alignnone size-medium wp-image-3704\" src=\"https:\/\/blogsaverroes.juntadeandalucia.es\/ceipsanfernandobornos\/files\/2022\/04\/IMG-20220304-WA0081-300x225.jpg\" alt=\"\" width=\"300\" height=\"225\" srcset=\"https:\/\/blogsaverroes.juntadeandalucia.es\/ceipsanfernandobornos\/files\/2022\/04\/IMG-20220304-WA0081-300x225.jpg 300w, https:\/\/blogsaverroes.juntadeandalucia.es\/ceipsanfernandobornos\/files\/2022\/04\/IMG-20220304-WA0081-1024x768.jpg 1024w, https:\/\/blogsaverroes.juntadeandalucia.es\/ceipsanfernandobornos\/files\/2022\/04\/IMG-20220304-WA0081-768x576.jpg 768w, https:\/\/blogsaverroes.juntadeandalucia.es\/ceipsanfernandobornos\/files\/2022\/04\/IMG-20220304-WA0081-1536x1152.jpg 1536w, https:\/\/blogsaverroes.juntadeandalucia.es\/ceipsanfernandobornos\/files\/2022\/04\/IMG-20220304-WA0081.jpg 1600w\" sizes=\"(max-width: 300px) 100vw, 300px\" \/><\/a><a href=\"https:\/\/blogsaverroes.juntadeandalucia.es\/ceipsanfernandobornos\/files\/2022\/04\/IMG-20220304-WA0084.jpg\"><img loading=\"lazy\" decoding=\"async\" class=\"alignnone size-medium wp-image-3705\" src=\"https:\/\/blogsaverroes.juntadeandalucia.es\/ceipsanfernandobornos\/files\/2022\/04\/IMG-20220304-WA0084-300x225.jpg\" alt=\"\" width=\"300\" height=\"225\" srcset=\"https:\/\/blogsaverroes.juntadeandalucia.es\/ceipsanfernandobornos\/files\/2022\/04\/IMG-20220304-WA0084-300x225.jpg 300w, https:\/\/blogsaverroes.juntadeandalucia.es\/ceipsanfernandobornos\/files\/2022\/04\/IMG-20220304-WA0084-1024x768.jpg 1024w, https:\/\/blogsaverroes.juntadeandalucia.es\/ceipsanfernandobornos\/files\/2022\/04\/IMG-20220304-WA0084-768x576.jpg 768w, https:\/\/blogsaverroes.juntadeandalucia.es\/ceipsanfernandobornos\/files\/2022\/04\/IMG-20220304-WA0084-1536x1152.jpg 1536w, https:\/\/blogsaverroes.juntadeandalucia.es\/ceipsanfernandobornos\/files\/2022\/04\/IMG-20220304-WA0084.jpg 1600w\" sizes=\"(max-width: 300px) 100vw, 300px\" \/><\/a><a href=\"https:\/\/blogsaverroes.juntadeandalucia.es\/ceipsanfernandobornos\/files\/2022\/04\/IMG-20220304-WA0086.jpg\"><img loading=\"lazy\" decoding=\"async\" class=\"alignnone size-medium wp-image-3706\" src=\"https:\/\/blogsaverroes.juntadeandalucia.es\/ceipsanfernandobornos\/files\/2022\/04\/IMG-20220304-WA0086-300x225.jpg\" alt=\"\" width=\"300\" height=\"225\" srcset=\"https:\/\/blogsaverroes.juntadeandalucia.es\/ceipsanfernandobornos\/files\/2022\/04\/IMG-20220304-WA0086-300x225.jpg 300w, https:\/\/blogsaverroes.juntadeandalucia.es\/ceipsanfernandobornos\/files\/2022\/04\/IMG-20220304-WA0086-1024x768.jpg 1024w, https:\/\/blogsaverroes.juntadeandalucia.es\/ceipsanfernandobornos\/files\/2022\/04\/IMG-20220304-WA0086-768x576.jpg 768w, https:\/\/blogsaverroes.juntadeandalucia.es\/ceipsanfernandobornos\/files\/2022\/04\/IMG-20220304-WA0086-1536x1152.jpg 1536w, https:\/\/blogsaverroes.juntadeandalucia.es\/ceipsanfernandobornos\/files\/2022\/04\/IMG-20220304-WA0086.jpg 1600w\" sizes=\"(max-width: 300px) 100vw, 300px\" \/> &nbsp; &nbsp; &nbsp;<\/a><a href=\"https:\/\/blogsaverroes.juntadeandalucia.es\/ceipsanfernandobornos\/files\/2022\/04\/IMG-20220304-WA0019.jpg\"><img loading=\"lazy\" decoding=\"async\" class=\"alignnone size-medium wp-image-3641\" src=\"https:\/\/blogsaverroes.juntadeandalucia.es\/ceipsanfernandobornos\/files\/2022\/04\/IMG-20220304-WA0019-300x138.jpg\" alt=\"\" width=\"300\" height=\"138\" srcset=\"https:\/\/blogsaverroes.juntadeandalucia.es\/ceipsanfernandobornos\/files\/2022\/04\/IMG-20220304-WA0019-300x138.jpg 300w, https:\/\/blogsaverroes.juntadeandalucia.es\/ceipsanfernandobornos\/files\/2022\/04\/IMG-20220304-WA0019-1024x472.jpg 1024w, https:\/\/blogsaverroes.juntadeandalucia.es\/ceipsanfernandobornos\/files\/2022\/04\/IMG-20220304-WA0019-768x354.jpg 768w, https:\/\/blogsaverroes.juntadeandalucia.es\/ceipsanfernandobornos\/files\/2022\/04\/IMG-20220304-WA0019-1536x708.jpg 1536w, https:\/\/blogsaverroes.juntadeandalucia.es\/ceipsanfernandobornos\/files\/2022\/04\/IMG-20220304-WA0019-980x450.jpg 980w, https:\/\/blogsaverroes.juntadeandalucia.es\/ceipsanfernandobornos\/files\/2022\/04\/IMG-20220304-WA0019.jpg 1600w\" sizes=\"(max-width: 300px) 100vw, 300px\" \/><\/a><\/p>\n<p>&nbsp;<\/p>\n<p>&nbsp;<\/p>\n<p>&nbsp;<\/p>\n","protected":false},"excerpt":{"rendered":"<p>&nbsp; Para celebrar la fiesta del carnaval, un a\u00f1o m\u00e1s tan deseada, se proponen las siguientes actividades: .Coepaz propone una actividad intercentro, para Carnaval. Decorar una mascarilla quir\u00fargica blanca&nbsp; con motivos y tipos de&#46;&#46;&#46;<\/p>\n","protected":false},"author":10437,"featured_media":3611,"comment_status":"open","ping_status":"open","sticky":false,"template":"","format":"standard","meta":{"ngg_post_thumbnail":0,"footnotes":""},"categories":[2351664,2351651,2351653],"tags":[2351692,2351683,2351696],"aioseo_notices":[],"_links":{"self":[{"href":"https:\/\/blogsaverroes.juntadeandalucia.es\/ceipsanfernandobornos\/wp-json\/wp\/v2\/posts\/3608"}],"collection":[{"href":"https:\/\/blogsaverroes.juntadeandalucia.es\/ceipsanfernandobornos\/wp-json\/wp\/v2\/posts"}],"about":[{"href":"https:\/\/blogsaverroes.juntadeandalucia.es\/ceipsanfernandobornos\/wp-json\/wp\/v2\/types\/post"}],"author":[{"embeddable":true,"href":"https:\/\/blogsaverroes.juntadeandalucia.es\/ceipsanfernandobornos\/wp-json\/wp\/v2\/users\/10437"}],"replies":[{"embeddable":true,"href":"https:\/\/blogsaverroes.juntadeandalucia.es\/ceipsanfernandobornos\/wp-json\/wp\/v2\/comments?post=3608"}],"version-history":[{"count":7,"href":"https:\/\/blogsaverroes.juntadeandalucia.es\/ceipsanfernandobornos\/wp-json\/wp\/v2\/posts\/3608\/revisions"}],"predecessor-version":[{"id":3707,"href":"https:\/\/blogsaverroes.juntadeandalucia.es\/ceipsanfernandobornos\/wp-json\/wp\/v2\/posts\/3608\/revisions\/3707"}],"wp:featuredmedia":[{"embeddable":true,"href":"https:\/\/blogsaverroes.juntadeandalucia.es\/ceipsanfernandobornos\/wp-json\/wp\/v2\/media\/3611"}],"wp:attachment":[{"href":"https:\/\/blogsaverroes.juntadeandalucia.es\/ceipsanfernandobornos\/wp-json\/wp\/v2\/media?parent=3608"}],"wp:term":[{"taxonomy":"category","embeddable":true,"href":"https:\/\/blogsaverroes.juntadeandalucia.es\/ceipsanfernandobornos\/wp-json\/wp\/v2\/categories?post=3608"},{"taxonomy":"post_tag","embeddable":true,"href":"https:\/\/blogsaverroes.juntadeandalucia.es\/ceipsanfernandobornos\/wp-json\/wp\/v2\/tags?post=3608"}],"curies":[{"name":"wp","href":"https:\/\/api.w.org\/{rel}","templated":true}]}}