{"id":3628,"date":"2022-04-27T16:18:37","date_gmt":"2022-04-27T16:18:37","guid":{"rendered":"https:\/\/blogsaverroes.juntadeandalucia.es\/ceipsanfernandobornos\/?p=3628"},"modified":"2022-04-30T16:19:07","modified_gmt":"2022-04-30T16:19:07","slug":"23-de-abril-dia-del-libro-3","status":"publish","type":"post","link":"https:\/\/blogsaverroes.juntadeandalucia.es\/ceipsanfernandobornos\/23-de-abril-dia-del-libro-3\/","title":{"rendered":"23 de Abril d\u00eda del Libro"},"content":{"rendered":"<p>Durante la semana del lunes18 de abril al lunes 25 de abril se ha trabajado la efem\u00e9ride del D\u00eda del libro. Se han realizado varias actividades desde nuestro centro y en colaboraci\u00f3n con distintas entidades \u00c1rea de Igualdad del Ayuntamiento, as\u00ed como el grupo MABILUZ y la autora La Ladrona de momentos<\/p>\n<ul>\n<li><strong>Teatro de Coeducaci\u00f3n<\/strong>, desde el \u00e1rea de Igualdad del Ayuntamiento de Bornos con motivo del <strong>D\u00eda del libro<\/strong>. Todo el alumnado de primaria debido a la nueva situaci\u00f3n, cumpliendo la normativa sanitaria, y gracias a las instalaciones que dispone el centro, ha podido ser espectador de dicha obra teatro.<\/li>\n<\/ul>\n<p style=\"text-align: center\"><a href=\"https:\/\/blogsaverroes.juntadeandalucia.es\/ceipsanfernandobornos\/files\/2022\/04\/D\u00eda-del-libro-2.png\"><img loading=\"lazy\" decoding=\"async\" class=\"alignnone size-medium wp-image-3647\" src=\"https:\/\/blogsaverroes.juntadeandalucia.es\/ceipsanfernandobornos\/files\/2022\/04\/D\u00eda-del-libro-2-225x300.png\" alt=\"\" width=\"225\" height=\"300\" srcset=\"https:\/\/blogsaverroes.juntadeandalucia.es\/ceipsanfernandobornos\/files\/2022\/04\/D\u00eda-del-libro-2-225x300.png 225w, https:\/\/blogsaverroes.juntadeandalucia.es\/ceipsanfernandobornos\/files\/2022\/04\/D\u00eda-del-libro-2.png 514w\" sizes=\"(max-width: 225px) 100vw, 225px\" \/><\/a><\/p>\n<p>&nbsp; &nbsp; &nbsp; &nbsp;PETRONILA un cuento de dragones, pr\u00edncipes y princesas, es la adaptaci\u00f3n teatral de un cuento de coeducaci\u00f3n e igualdad.<\/p>\n<p style=\"text-align: center\"><a href=\"https:\/\/blogsaverroes.juntadeandalucia.es\/ceipsanfernandobornos\/files\/2022\/04\/Dossier-Petronila.pdf\">Dossier Petronila<\/a><\/p>\n<p>&nbsp;<\/p>\n<p style=\"text-align: center\"><a href=\"https:\/\/blogsaverroes.juntadeandalucia.es\/ceipsanfernandobornos\/files\/2022\/04\/IMG-20220419-WA0029.jpg\"><img loading=\"lazy\" decoding=\"async\" class=\"alignnone wp-image-3649\" src=\"https:\/\/blogsaverroes.juntadeandalucia.es\/ceipsanfernandobornos\/files\/2022\/04\/IMG-20220419-WA0029-300x225.jpg\" alt=\"\" width=\"245\" height=\"184\" srcset=\"https:\/\/blogsaverroes.juntadeandalucia.es\/ceipsanfernandobornos\/files\/2022\/04\/IMG-20220419-WA0029-300x225.jpg 300w, https:\/\/blogsaverroes.juntadeandalucia.es\/ceipsanfernandobornos\/files\/2022\/04\/IMG-20220419-WA0029-1024x768.jpg 1024w, https:\/\/blogsaverroes.juntadeandalucia.es\/ceipsanfernandobornos\/files\/2022\/04\/IMG-20220419-WA0029-768x576.jpg 768w, https:\/\/blogsaverroes.juntadeandalucia.es\/ceipsanfernandobornos\/files\/2022\/04\/IMG-20220419-WA0029-1536x1152.jpg 1536w, https:\/\/blogsaverroes.juntadeandalucia.es\/ceipsanfernandobornos\/files\/2022\/04\/IMG-20220419-WA0029.jpg 1600w\" sizes=\"(max-width: 245px) 100vw, 245px\" \/><\/a> <a href=\"https:\/\/blogsaverroes.juntadeandalucia.es\/ceipsanfernandobornos\/files\/2022\/04\/IMG-20220419-WA0030.jpg\"><img loading=\"lazy\" decoding=\"async\" class=\"alignnone wp-image-3650\" src=\"https:\/\/blogsaverroes.juntadeandalucia.es\/ceipsanfernandobornos\/files\/2022\/04\/IMG-20220419-WA0030-300x225.jpg\" alt=\"\" width=\"281\" height=\"211\" srcset=\"https:\/\/blogsaverroes.juntadeandalucia.es\/ceipsanfernandobornos\/files\/2022\/04\/IMG-20220419-WA0030-300x225.jpg 300w, https:\/\/blogsaverroes.juntadeandalucia.es\/ceipsanfernandobornos\/files\/2022\/04\/IMG-20220419-WA0030-1024x768.jpg 1024w, https:\/\/blogsaverroes.juntadeandalucia.es\/ceipsanfernandobornos\/files\/2022\/04\/IMG-20220419-WA0030-768x576.jpg 768w, https:\/\/blogsaverroes.juntadeandalucia.es\/ceipsanfernandobornos\/files\/2022\/04\/IMG-20220419-WA0030-1536x1152.jpg 1536w, https:\/\/blogsaverroes.juntadeandalucia.es\/ceipsanfernandobornos\/files\/2022\/04\/IMG-20220419-WA0030.jpg 1600w\" sizes=\"(max-width: 281px) 100vw, 281px\" \/><\/a> <a href=\"https:\/\/blogsaverroes.juntadeandalucia.es\/ceipsanfernandobornos\/files\/2022\/04\/IMG-20220419-WA0031.jpg\"><img loading=\"lazy\" decoding=\"async\" class=\"alignnone wp-image-3651\" src=\"https:\/\/blogsaverroes.juntadeandalucia.es\/ceipsanfernandobornos\/files\/2022\/04\/IMG-20220419-WA0031-300x225.jpg\" alt=\"\" width=\"272\" height=\"204\" srcset=\"https:\/\/blogsaverroes.juntadeandalucia.es\/ceipsanfernandobornos\/files\/2022\/04\/IMG-20220419-WA0031-300x225.jpg 300w, https:\/\/blogsaverroes.juntadeandalucia.es\/ceipsanfernandobornos\/files\/2022\/04\/IMG-20220419-WA0031-1024x768.jpg 1024w, https:\/\/blogsaverroes.juntadeandalucia.es\/ceipsanfernandobornos\/files\/2022\/04\/IMG-20220419-WA0031-768x576.jpg 768w, https:\/\/blogsaverroes.juntadeandalucia.es\/ceipsanfernandobornos\/files\/2022\/04\/IMG-20220419-WA0031-1536x1152.jpg 1536w, https:\/\/blogsaverroes.juntadeandalucia.es\/ceipsanfernandobornos\/files\/2022\/04\/IMG-20220419-WA0031.jpg 1600w\" sizes=\"(max-width: 272px) 100vw, 272px\" \/><\/a> <a href=\"https:\/\/blogsaverroes.juntadeandalucia.es\/ceipsanfernandobornos\/files\/2022\/04\/IMG-20220419-WA0032.jpg\"><img loading=\"lazy\" decoding=\"async\" class=\"alignnone wp-image-3652\" src=\"https:\/\/blogsaverroes.juntadeandalucia.es\/ceipsanfernandobornos\/files\/2022\/04\/IMG-20220419-WA0032-300x225.jpg\" alt=\"\" width=\"279\" height=\"209\" srcset=\"https:\/\/blogsaverroes.juntadeandalucia.es\/ceipsanfernandobornos\/files\/2022\/04\/IMG-20220419-WA0032-300x225.jpg 300w, https:\/\/blogsaverroes.juntadeandalucia.es\/ceipsanfernandobornos\/files\/2022\/04\/IMG-20220419-WA0032-1024x768.jpg 1024w, https:\/\/blogsaverroes.juntadeandalucia.es\/ceipsanfernandobornos\/files\/2022\/04\/IMG-20220419-WA0032-768x576.jpg 768w, https:\/\/blogsaverroes.juntadeandalucia.es\/ceipsanfernandobornos\/files\/2022\/04\/IMG-20220419-WA0032-1536x1152.jpg 1536w, https:\/\/blogsaverroes.juntadeandalucia.es\/ceipsanfernandobornos\/files\/2022\/04\/IMG-20220419-WA0032.jpg 1600w\" sizes=\"(max-width: 279px) 100vw, 279px\" \/><\/a> <a href=\"https:\/\/blogsaverroes.juntadeandalucia.es\/ceipsanfernandobornos\/files\/2022\/04\/IMG-20220419-WA0033.jpg\"><img loading=\"lazy\" decoding=\"async\" class=\"alignnone wp-image-3653\" src=\"https:\/\/blogsaverroes.juntadeandalucia.es\/ceipsanfernandobornos\/files\/2022\/04\/IMG-20220419-WA0033-300x225.jpg\" alt=\"\" width=\"253\" height=\"190\" srcset=\"https:\/\/blogsaverroes.juntadeandalucia.es\/ceipsanfernandobornos\/files\/2022\/04\/IMG-20220419-WA0033-300x225.jpg 300w, https:\/\/blogsaverroes.juntadeandalucia.es\/ceipsanfernandobornos\/files\/2022\/04\/IMG-20220419-WA0033-1024x768.jpg 1024w, https:\/\/blogsaverroes.juntadeandalucia.es\/ceipsanfernandobornos\/files\/2022\/04\/IMG-20220419-WA0033-768x576.jpg 768w, https:\/\/blogsaverroes.juntadeandalucia.es\/ceipsanfernandobornos\/files\/2022\/04\/IMG-20220419-WA0033-1536x1152.jpg 1536w, https:\/\/blogsaverroes.juntadeandalucia.es\/ceipsanfernandobornos\/files\/2022\/04\/IMG-20220419-WA0033.jpg 1600w\" sizes=\"(max-width: 253px) 100vw, 253px\" \/><\/a> <a href=\"https:\/\/blogsaverroes.juntadeandalucia.es\/ceipsanfernandobornos\/files\/2022\/04\/IMG-20220419-WA0034.jpg\"><img loading=\"lazy\" decoding=\"async\" class=\"alignnone wp-image-3654\" src=\"https:\/\/blogsaverroes.juntadeandalucia.es\/ceipsanfernandobornos\/files\/2022\/04\/IMG-20220419-WA0034-300x225.jpg\" alt=\"\" width=\"252\" height=\"189\" srcset=\"https:\/\/blogsaverroes.juntadeandalucia.es\/ceipsanfernandobornos\/files\/2022\/04\/IMG-20220419-WA0034-300x225.jpg 300w, https:\/\/blogsaverroes.juntadeandalucia.es\/ceipsanfernandobornos\/files\/2022\/04\/IMG-20220419-WA0034-1024x768.jpg 1024w, https:\/\/blogsaverroes.juntadeandalucia.es\/ceipsanfernandobornos\/files\/2022\/04\/IMG-20220419-WA0034-768x576.jpg 768w, https:\/\/blogsaverroes.juntadeandalucia.es\/ceipsanfernandobornos\/files\/2022\/04\/IMG-20220419-WA0034-1536x1152.jpg 1536w, https:\/\/blogsaverroes.juntadeandalucia.es\/ceipsanfernandobornos\/files\/2022\/04\/IMG-20220419-WA0034.jpg 1600w\" sizes=\"(max-width: 252px) 100vw, 252px\" \/><\/a> <a href=\"https:\/\/blogsaverroes.juntadeandalucia.es\/ceipsanfernandobornos\/files\/2022\/04\/IMG-20220419-WA0035.jpg\"><img loading=\"lazy\" decoding=\"async\" class=\"alignnone wp-image-3655\" src=\"https:\/\/blogsaverroes.juntadeandalucia.es\/ceipsanfernandobornos\/files\/2022\/04\/IMG-20220419-WA0035-300x225.jpg\" alt=\"\" width=\"263\" height=\"197\" srcset=\"https:\/\/blogsaverroes.juntadeandalucia.es\/ceipsanfernandobornos\/files\/2022\/04\/IMG-20220419-WA0035-300x225.jpg 300w, https:\/\/blogsaverroes.juntadeandalucia.es\/ceipsanfernandobornos\/files\/2022\/04\/IMG-20220419-WA0035-1024x768.jpg 1024w, https:\/\/blogsaverroes.juntadeandalucia.es\/ceipsanfernandobornos\/files\/2022\/04\/IMG-20220419-WA0035-768x576.jpg 768w, https:\/\/blogsaverroes.juntadeandalucia.es\/ceipsanfernandobornos\/files\/2022\/04\/IMG-20220419-WA0035-1536x1152.jpg 1536w, https:\/\/blogsaverroes.juntadeandalucia.es\/ceipsanfernandobornos\/files\/2022\/04\/IMG-20220419-WA0035.jpg 1600w\" sizes=\"(max-width: 263px) 100vw, 263px\" \/><\/a> <a href=\"https:\/\/blogsaverroes.juntadeandalucia.es\/ceipsanfernandobornos\/files\/2022\/04\/IMG-20220419-WA0036.jpg\"><img loading=\"lazy\" decoding=\"async\" class=\"alignnone wp-image-3656\" src=\"https:\/\/blogsaverroes.juntadeandalucia.es\/ceipsanfernandobornos\/files\/2022\/04\/IMG-20220419-WA0036-300x225.jpg\" alt=\"\" width=\"261\" height=\"196\" srcset=\"https:\/\/blogsaverroes.juntadeandalucia.es\/ceipsanfernandobornos\/files\/2022\/04\/IMG-20220419-WA0036-300x225.jpg 300w, https:\/\/blogsaverroes.juntadeandalucia.es\/ceipsanfernandobornos\/files\/2022\/04\/IMG-20220419-WA0036-1024x768.jpg 1024w, https:\/\/blogsaverroes.juntadeandalucia.es\/ceipsanfernandobornos\/files\/2022\/04\/IMG-20220419-WA0036-768x576.jpg 768w, https:\/\/blogsaverroes.juntadeandalucia.es\/ceipsanfernandobornos\/files\/2022\/04\/IMG-20220419-WA0036-1536x1152.jpg 1536w, https:\/\/blogsaverroes.juntadeandalucia.es\/ceipsanfernandobornos\/files\/2022\/04\/IMG-20220419-WA0036.jpg 1600w\" sizes=\"(max-width: 261px) 100vw, 261px\" \/><\/a> <a href=\"https:\/\/blogsaverroes.juntadeandalucia.es\/ceipsanfernandobornos\/files\/2022\/04\/IMG-20220419-WA0037.jpg\"><img loading=\"lazy\" decoding=\"async\" class=\"alignnone wp-image-3657\" src=\"https:\/\/blogsaverroes.juntadeandalucia.es\/ceipsanfernandobornos\/files\/2022\/04\/IMG-20220419-WA0037-300x225.jpg\" alt=\"\" width=\"259\" height=\"194\" srcset=\"https:\/\/blogsaverroes.juntadeandalucia.es\/ceipsanfernandobornos\/files\/2022\/04\/IMG-20220419-WA0037-300x225.jpg 300w, https:\/\/blogsaverroes.juntadeandalucia.es\/ceipsanfernandobornos\/files\/2022\/04\/IMG-20220419-WA0037-1024x768.jpg 1024w, https:\/\/blogsaverroes.juntadeandalucia.es\/ceipsanfernandobornos\/files\/2022\/04\/IMG-20220419-WA0037-768x576.jpg 768w, https:\/\/blogsaverroes.juntadeandalucia.es\/ceipsanfernandobornos\/files\/2022\/04\/IMG-20220419-WA0037-1536x1152.jpg 1536w, https:\/\/blogsaverroes.juntadeandalucia.es\/ceipsanfernandobornos\/files\/2022\/04\/IMG-20220419-WA0037.jpg 1600w\" sizes=\"(max-width: 259px) 100vw, 259px\" \/><\/a> <a href=\"https:\/\/blogsaverroes.juntadeandalucia.es\/ceipsanfernandobornos\/files\/2022\/04\/IMG-20220419-WA0038.jpg\"><img loading=\"lazy\" decoding=\"async\" class=\"alignnone wp-image-3658\" src=\"https:\/\/blogsaverroes.juntadeandalucia.es\/ceipsanfernandobornos\/files\/2022\/04\/IMG-20220419-WA0038-300x225.jpg\" alt=\"\" width=\"256\" height=\"192\" srcset=\"https:\/\/blogsaverroes.juntadeandalucia.es\/ceipsanfernandobornos\/files\/2022\/04\/IMG-20220419-WA0038-300x225.jpg 300w, https:\/\/blogsaverroes.juntadeandalucia.es\/ceipsanfernandobornos\/files\/2022\/04\/IMG-20220419-WA0038-1024x768.jpg 1024w, https:\/\/blogsaverroes.juntadeandalucia.es\/ceipsanfernandobornos\/files\/2022\/04\/IMG-20220419-WA0038-768x576.jpg 768w, https:\/\/blogsaverroes.juntadeandalucia.es\/ceipsanfernandobornos\/files\/2022\/04\/IMG-20220419-WA0038-1536x1152.jpg 1536w, https:\/\/blogsaverroes.juntadeandalucia.es\/ceipsanfernandobornos\/files\/2022\/04\/IMG-20220419-WA0038.jpg 1600w\" sizes=\"(max-width: 256px) 100vw, 256px\" \/><\/a> <a href=\"https:\/\/blogsaverroes.juntadeandalucia.es\/ceipsanfernandobornos\/files\/2022\/04\/IMG-20220419-WA0039.jpg\"><img loading=\"lazy\" decoding=\"async\" class=\"alignnone size-medium wp-image-3659\" src=\"https:\/\/blogsaverroes.juntadeandalucia.es\/ceipsanfernandobornos\/files\/2022\/04\/IMG-20220419-WA0039-300x225.jpg\" alt=\"\" width=\"300\" height=\"225\" srcset=\"https:\/\/blogsaverroes.juntadeandalucia.es\/ceipsanfernandobornos\/files\/2022\/04\/IMG-20220419-WA0039-300x225.jpg 300w, https:\/\/blogsaverroes.juntadeandalucia.es\/ceipsanfernandobornos\/files\/2022\/04\/IMG-20220419-WA0039-1024x768.jpg 1024w, https:\/\/blogsaverroes.juntadeandalucia.es\/ceipsanfernandobornos\/files\/2022\/04\/IMG-20220419-WA0039-768x576.jpg 768w, https:\/\/blogsaverroes.juntadeandalucia.es\/ceipsanfernandobornos\/files\/2022\/04\/IMG-20220419-WA0039-1536x1152.jpg 1536w, https:\/\/blogsaverroes.juntadeandalucia.es\/ceipsanfernandobornos\/files\/2022\/04\/IMG-20220419-WA0039.jpg 1600w\" sizes=\"(max-width: 300px) 100vw, 300px\" \/><\/a> <a href=\"https:\/\/blogsaverroes.juntadeandalucia.es\/ceipsanfernandobornos\/files\/2022\/04\/IMG-20220419-WA0040.jpg\"><img loading=\"lazy\" decoding=\"async\" class=\"alignnone size-medium wp-image-3660\" src=\"https:\/\/blogsaverroes.juntadeandalucia.es\/ceipsanfernandobornos\/files\/2022\/04\/IMG-20220419-WA0040-300x225.jpg\" alt=\"\" width=\"300\" height=\"225\" srcset=\"https:\/\/blogsaverroes.juntadeandalucia.es\/ceipsanfernandobornos\/files\/2022\/04\/IMG-20220419-WA0040-300x225.jpg 300w, https:\/\/blogsaverroes.juntadeandalucia.es\/ceipsanfernandobornos\/files\/2022\/04\/IMG-20220419-WA0040-1024x768.jpg 1024w, https:\/\/blogsaverroes.juntadeandalucia.es\/ceipsanfernandobornos\/files\/2022\/04\/IMG-20220419-WA0040-768x576.jpg 768w, https:\/\/blogsaverroes.juntadeandalucia.es\/ceipsanfernandobornos\/files\/2022\/04\/IMG-20220419-WA0040-1536x1152.jpg 1536w, https:\/\/blogsaverroes.juntadeandalucia.es\/ceipsanfernandobornos\/files\/2022\/04\/IMG-20220419-WA0040.jpg 1600w\" sizes=\"(max-width: 300px) 100vw, 300px\" \/><\/a> <a href=\"https:\/\/blogsaverroes.juntadeandalucia.es\/ceipsanfernandobornos\/files\/2022\/04\/IMG-20220419-WA0041.jpg\"><img loading=\"lazy\" decoding=\"async\" class=\"alignnone size-medium wp-image-3661\" src=\"https:\/\/blogsaverroes.juntadeandalucia.es\/ceipsanfernandobornos\/files\/2022\/04\/IMG-20220419-WA0041-300x225.jpg\" alt=\"\" width=\"300\" height=\"225\" srcset=\"https:\/\/blogsaverroes.juntadeandalucia.es\/ceipsanfernandobornos\/files\/2022\/04\/IMG-20220419-WA0041-300x225.jpg 300w, https:\/\/blogsaverroes.juntadeandalucia.es\/ceipsanfernandobornos\/files\/2022\/04\/IMG-20220419-WA0041-1024x768.jpg 1024w, https:\/\/blogsaverroes.juntadeandalucia.es\/ceipsanfernandobornos\/files\/2022\/04\/IMG-20220419-WA0041-768x576.jpg 768w, https:\/\/blogsaverroes.juntadeandalucia.es\/ceipsanfernandobornos\/files\/2022\/04\/IMG-20220419-WA0041-1536x1152.jpg 1536w, https:\/\/blogsaverroes.juntadeandalucia.es\/ceipsanfernandobornos\/files\/2022\/04\/IMG-20220419-WA0041.jpg 1600w\" sizes=\"(max-width: 300px) 100vw, 300px\" \/><\/a> <a href=\"https:\/\/blogsaverroes.juntadeandalucia.es\/ceipsanfernandobornos\/files\/2022\/04\/IMG-20220419-WA0042.jpg\"><img loading=\"lazy\" decoding=\"async\" class=\"alignnone size-medium wp-image-3662\" src=\"https:\/\/blogsaverroes.juntadeandalucia.es\/ceipsanfernandobornos\/files\/2022\/04\/IMG-20220419-WA0042-300x225.jpg\" alt=\"\" width=\"300\" height=\"225\" srcset=\"https:\/\/blogsaverroes.juntadeandalucia.es\/ceipsanfernandobornos\/files\/2022\/04\/IMG-20220419-WA0042-300x225.jpg 300w, https:\/\/blogsaverroes.juntadeandalucia.es\/ceipsanfernandobornos\/files\/2022\/04\/IMG-20220419-WA0042-1024x768.jpg 1024w, https:\/\/blogsaverroes.juntadeandalucia.es\/ceipsanfernandobornos\/files\/2022\/04\/IMG-20220419-WA0042-768x576.jpg 768w, https:\/\/blogsaverroes.juntadeandalucia.es\/ceipsanfernandobornos\/files\/2022\/04\/IMG-20220419-WA0042-1536x1152.jpg 1536w, https:\/\/blogsaverroes.juntadeandalucia.es\/ceipsanfernandobornos\/files\/2022\/04\/IMG-20220419-WA0042.jpg 1600w\" sizes=\"(max-width: 300px) 100vw, 300px\" \/><\/a><\/p>\n<ul>\n<li>\n<div style=\"text-align: justify\">Para celebrar el D\u00eda del Libro, en el ciclo de Educaci\u00f3n Infantil, han asistido a la representaci\u00f3n del cuento \u00ab<strong>Miedusita no puede dormir\u00bb<\/strong>, escrito por<strong> La ladrona de momentos<\/strong>, que junto el grupo MABILUZ&nbsp; han sido invitado, con motivo del d\u00eda del libro para representar el teatro de luz ultravioleta,&nbsp; a trav\u00e9s del cual hemos podido ver c\u00f3mo es el fondo del mar. Miedusita es&nbsp; la protagonista de este cuento y se encuentra paralizada por \u00abel miedo\u00bb, una de las llamadas emociones primarias, la cual le hace tener una visi\u00f3n distorsionada de su mundo. Sus pap\u00e1s est\u00e1n muy preocupados \u00bfQui\u00e9n o qu\u00e9 podr\u00eda ayudar a Miedusita?<\/div>\n<div>&nbsp;Posteriormente, la autora del cuento nos ha dedicado y firmado el cuento, el cual hab\u00edan comprado con anterioridad las familias. Tambi\u00e9n realizamos en clase un marcap\u00e1ginas referente al cuento que nos qued\u00f3 genial.<\/div>\n<p><a href=\"https:\/\/blogsaverroes.juntadeandalucia.es\/ceipsanfernandobornos\/files\/2022\/04\/Medusita.jpeg\"><img loading=\"lazy\" decoding=\"async\" class=\"alignnone size-medium wp-image-3664 aligncenter\" src=\"https:\/\/blogsaverroes.juntadeandalucia.es\/ceipsanfernandobornos\/files\/2022\/04\/Medusita-300x218.jpeg\" alt=\"\" width=\"300\" height=\"218\" srcset=\"https:\/\/blogsaverroes.juntadeandalucia.es\/ceipsanfernandobornos\/files\/2022\/04\/Medusita-300x218.jpeg 300w, https:\/\/blogsaverroes.juntadeandalucia.es\/ceipsanfernandobornos\/files\/2022\/04\/Medusita-1024x743.jpeg 1024w, https:\/\/blogsaverroes.juntadeandalucia.es\/ceipsanfernandobornos\/files\/2022\/04\/Medusita-768x557.jpeg 768w, https:\/\/blogsaverroes.juntadeandalucia.es\/ceipsanfernandobornos\/files\/2022\/04\/Medusita-1536x1114.jpeg 1536w, https:\/\/blogsaverroes.juntadeandalucia.es\/ceipsanfernandobornos\/files\/2022\/04\/Medusita.jpeg 1599w\" sizes=\"(max-width: 300px) 100vw, 300px\" \/><\/a><\/li>\n<\/ul>\n<p style=\"text-align: center\"><a href=\"https:\/\/blogsaverroes.juntadeandalucia.es\/ceipsanfernandobornos\/files\/2022\/04\/IMG-20220422-WA0023.jpg\"><img loading=\"lazy\" decoding=\"async\" class=\"alignnone size-medium wp-image-3667\" src=\"https:\/\/blogsaverroes.juntadeandalucia.es\/ceipsanfernandobornos\/files\/2022\/04\/IMG-20220422-WA0023-300x225.jpg\" alt=\"\" width=\"300\" height=\"225\" srcset=\"https:\/\/blogsaverroes.juntadeandalucia.es\/ceipsanfernandobornos\/files\/2022\/04\/IMG-20220422-WA0023-300x225.jpg 300w, https:\/\/blogsaverroes.juntadeandalucia.es\/ceipsanfernandobornos\/files\/2022\/04\/IMG-20220422-WA0023-1024x768.jpg 1024w, https:\/\/blogsaverroes.juntadeandalucia.es\/ceipsanfernandobornos\/files\/2022\/04\/IMG-20220422-WA0023-768x576.jpg 768w, https:\/\/blogsaverroes.juntadeandalucia.es\/ceipsanfernandobornos\/files\/2022\/04\/IMG-20220422-WA0023-1536x1152.jpg 1536w, https:\/\/blogsaverroes.juntadeandalucia.es\/ceipsanfernandobornos\/files\/2022\/04\/IMG-20220422-WA0023.jpg 1600w\" sizes=\"(max-width: 300px) 100vw, 300px\" \/><\/a> <a href=\"https:\/\/blogsaverroes.juntadeandalucia.es\/ceipsanfernandobornos\/files\/2022\/04\/IMG-20220422-WA0025.jpg\"><img loading=\"lazy\" decoding=\"async\" class=\"alignnone size-medium wp-image-3668\" src=\"https:\/\/blogsaverroes.juntadeandalucia.es\/ceipsanfernandobornos\/files\/2022\/04\/IMG-20220422-WA0025-300x225.jpg\" alt=\"\" width=\"300\" height=\"225\" srcset=\"https:\/\/blogsaverroes.juntadeandalucia.es\/ceipsanfernandobornos\/files\/2022\/04\/IMG-20220422-WA0025-300x225.jpg 300w, https:\/\/blogsaverroes.juntadeandalucia.es\/ceipsanfernandobornos\/files\/2022\/04\/IMG-20220422-WA0025-1024x768.jpg 1024w, https:\/\/blogsaverroes.juntadeandalucia.es\/ceipsanfernandobornos\/files\/2022\/04\/IMG-20220422-WA0025-768x576.jpg 768w, https:\/\/blogsaverroes.juntadeandalucia.es\/ceipsanfernandobornos\/files\/2022\/04\/IMG-20220422-WA0025-1536x1152.jpg 1536w, https:\/\/blogsaverroes.juntadeandalucia.es\/ceipsanfernandobornos\/files\/2022\/04\/IMG-20220422-WA0025.jpg 1600w\" sizes=\"(max-width: 300px) 100vw, 300px\" \/><\/a> <a href=\"https:\/\/blogsaverroes.juntadeandalucia.es\/ceipsanfernandobornos\/files\/2022\/04\/IMG-20220422-WA0026.jpg\"><img loading=\"lazy\" decoding=\"async\" class=\"alignnone size-medium wp-image-3669\" src=\"https:\/\/blogsaverroes.juntadeandalucia.es\/ceipsanfernandobornos\/files\/2022\/04\/IMG-20220422-WA0026-300x225.jpg\" alt=\"\" width=\"300\" height=\"225\" srcset=\"https:\/\/blogsaverroes.juntadeandalucia.es\/ceipsanfernandobornos\/files\/2022\/04\/IMG-20220422-WA0026-300x225.jpg 300w, https:\/\/blogsaverroes.juntadeandalucia.es\/ceipsanfernandobornos\/files\/2022\/04\/IMG-20220422-WA0026-1024x768.jpg 1024w, https:\/\/blogsaverroes.juntadeandalucia.es\/ceipsanfernandobornos\/files\/2022\/04\/IMG-20220422-WA0026-768x576.jpg 768w, https:\/\/blogsaverroes.juntadeandalucia.es\/ceipsanfernandobornos\/files\/2022\/04\/IMG-20220422-WA0026-1536x1152.jpg 1536w, https:\/\/blogsaverroes.juntadeandalucia.es\/ceipsanfernandobornos\/files\/2022\/04\/IMG-20220422-WA0026.jpg 1600w\" sizes=\"(max-width: 300px) 100vw, 300px\" \/><\/a> <a href=\"https:\/\/blogsaverroes.juntadeandalucia.es\/ceipsanfernandobornos\/files\/2022\/04\/IMG-20220422-WA0027.jpg\"><img loading=\"lazy\" decoding=\"async\" class=\"alignnone size-medium wp-image-3670\" src=\"https:\/\/blogsaverroes.juntadeandalucia.es\/ceipsanfernandobornos\/files\/2022\/04\/IMG-20220422-WA0027-300x225.jpg\" alt=\"\" width=\"300\" height=\"225\" srcset=\"https:\/\/blogsaverroes.juntadeandalucia.es\/ceipsanfernandobornos\/files\/2022\/04\/IMG-20220422-WA0027-300x225.jpg 300w, https:\/\/blogsaverroes.juntadeandalucia.es\/ceipsanfernandobornos\/files\/2022\/04\/IMG-20220422-WA0027-1024x768.jpg 1024w, https:\/\/blogsaverroes.juntadeandalucia.es\/ceipsanfernandobornos\/files\/2022\/04\/IMG-20220422-WA0027-768x576.jpg 768w, https:\/\/blogsaverroes.juntadeandalucia.es\/ceipsanfernandobornos\/files\/2022\/04\/IMG-20220422-WA0027-1536x1152.jpg 1536w, https:\/\/blogsaverroes.juntadeandalucia.es\/ceipsanfernandobornos\/files\/2022\/04\/IMG-20220422-WA0027.jpg 1600w\" sizes=\"(max-width: 300px) 100vw, 300px\" \/><\/a> <a href=\"https:\/\/blogsaverroes.juntadeandalucia.es\/ceipsanfernandobornos\/files\/2022\/04\/IMG-20220422-WA0028.jpg\"><img loading=\"lazy\" decoding=\"async\" class=\"alignnone size-medium wp-image-3671\" src=\"https:\/\/blogsaverroes.juntadeandalucia.es\/ceipsanfernandobornos\/files\/2022\/04\/IMG-20220422-WA0028-300x225.jpg\" alt=\"\" width=\"300\" height=\"225\" srcset=\"https:\/\/blogsaverroes.juntadeandalucia.es\/ceipsanfernandobornos\/files\/2022\/04\/IMG-20220422-WA0028-300x225.jpg 300w, https:\/\/blogsaverroes.juntadeandalucia.es\/ceipsanfernandobornos\/files\/2022\/04\/IMG-20220422-WA0028-1024x768.jpg 1024w, https:\/\/blogsaverroes.juntadeandalucia.es\/ceipsanfernandobornos\/files\/2022\/04\/IMG-20220422-WA0028-768x576.jpg 768w, https:\/\/blogsaverroes.juntadeandalucia.es\/ceipsanfernandobornos\/files\/2022\/04\/IMG-20220422-WA0028-1536x1152.jpg 1536w, https:\/\/blogsaverroes.juntadeandalucia.es\/ceipsanfernandobornos\/files\/2022\/04\/IMG-20220422-WA0028.jpg 1600w\" sizes=\"(max-width: 300px) 100vw, 300px\" \/><\/a> <a href=\"https:\/\/blogsaverroes.juntadeandalucia.es\/ceipsanfernandobornos\/files\/2022\/04\/IMG-20220422-WA0029.jpg\"><img loading=\"lazy\" decoding=\"async\" class=\"alignnone size-medium wp-image-3672\" src=\"https:\/\/blogsaverroes.juntadeandalucia.es\/ceipsanfernandobornos\/files\/2022\/04\/IMG-20220422-WA0029-300x225.jpg\" alt=\"\" width=\"300\" height=\"225\" srcset=\"https:\/\/blogsaverroes.juntadeandalucia.es\/ceipsanfernandobornos\/files\/2022\/04\/IMG-20220422-WA0029-300x225.jpg 300w, https:\/\/blogsaverroes.juntadeandalucia.es\/ceipsanfernandobornos\/files\/2022\/04\/IMG-20220422-WA0029-1024x768.jpg 1024w, https:\/\/blogsaverroes.juntadeandalucia.es\/ceipsanfernandobornos\/files\/2022\/04\/IMG-20220422-WA0029-768x576.jpg 768w, https:\/\/blogsaverroes.juntadeandalucia.es\/ceipsanfernandobornos\/files\/2022\/04\/IMG-20220422-WA0029-1536x1152.jpg 1536w, https:\/\/blogsaverroes.juntadeandalucia.es\/ceipsanfernandobornos\/files\/2022\/04\/IMG-20220422-WA0029.jpg 1600w\" sizes=\"(max-width: 300px) 100vw, 300px\" \/><\/a> <a href=\"https:\/\/blogsaverroes.juntadeandalucia.es\/ceipsanfernandobornos\/files\/2022\/04\/IMG-20220422-WA0030.jpg\"><img loading=\"lazy\" decoding=\"async\" class=\"alignnone size-medium wp-image-3673\" src=\"https:\/\/blogsaverroes.juntadeandalucia.es\/ceipsanfernandobornos\/files\/2022\/04\/IMG-20220422-WA0030-300x225.jpg\" alt=\"\" width=\"300\" height=\"225\" srcset=\"https:\/\/blogsaverroes.juntadeandalucia.es\/ceipsanfernandobornos\/files\/2022\/04\/IMG-20220422-WA0030-300x225.jpg 300w, https:\/\/blogsaverroes.juntadeandalucia.es\/ceipsanfernandobornos\/files\/2022\/04\/IMG-20220422-WA0030-1024x768.jpg 1024w, https:\/\/blogsaverroes.juntadeandalucia.es\/ceipsanfernandobornos\/files\/2022\/04\/IMG-20220422-WA0030-768x576.jpg 768w, https:\/\/blogsaverroes.juntadeandalucia.es\/ceipsanfernandobornos\/files\/2022\/04\/IMG-20220422-WA0030-1536x1152.jpg 1536w, https:\/\/blogsaverroes.juntadeandalucia.es\/ceipsanfernandobornos\/files\/2022\/04\/IMG-20220422-WA0030.jpg 1600w\" sizes=\"(max-width: 300px) 100vw, 300px\" \/><\/a> <a href=\"https:\/\/blogsaverroes.juntadeandalucia.es\/ceipsanfernandobornos\/files\/2022\/04\/IMG-20220422-WA0031.jpg\"><img loading=\"lazy\" decoding=\"async\" class=\"alignnone size-medium wp-image-3674\" src=\"https:\/\/blogsaverroes.juntadeandalucia.es\/ceipsanfernandobornos\/files\/2022\/04\/IMG-20220422-WA0031-300x225.jpg\" alt=\"\" width=\"300\" height=\"225\" srcset=\"https:\/\/blogsaverroes.juntadeandalucia.es\/ceipsanfernandobornos\/files\/2022\/04\/IMG-20220422-WA0031-300x225.jpg 300w, https:\/\/blogsaverroes.juntadeandalucia.es\/ceipsanfernandobornos\/files\/2022\/04\/IMG-20220422-WA0031-1024x768.jpg 1024w, https:\/\/blogsaverroes.juntadeandalucia.es\/ceipsanfernandobornos\/files\/2022\/04\/IMG-20220422-WA0031-768x576.jpg 768w, https:\/\/blogsaverroes.juntadeandalucia.es\/ceipsanfernandobornos\/files\/2022\/04\/IMG-20220422-WA0031-1536x1152.jpg 1536w, https:\/\/blogsaverroes.juntadeandalucia.es\/ceipsanfernandobornos\/files\/2022\/04\/IMG-20220422-WA0031.jpg 1600w\" sizes=\"(max-width: 300px) 100vw, 300px\" \/><\/a><\/p>\n<p style=\"text-align: center\"><strong><span style=\"color: #339966\">PINCHA EL ENLACE PARA VER M\u00c1S<\/span><\/strong><\/p>\n<div>\n<div style=\"text-align: center\"><a href=\"https:\/\/photos.app.goo.gl\/n2vbgBbVbWGfEnDNA\" target=\"_blank\" rel=\"noopener noreferrer\" data-saferedirecturl=\"https:\/\/www.google.com\/url?q=https:\/\/photos.app.goo.gl\/n2vbgBbVbWGfEnDNA&amp;source=gmail&amp;ust=1651403300261000&amp;usg=AOvVaw0eR0IwA-23OFhgJl7JbblK\">https:\/\/photos.app.goo.gl\/n2vbgBbVbWGfEnDNA<\/a><\/div>\n<div style=\"text-align: center\"><a href=\"https:\/\/youtu.be\/EMPSPBHadCY\">https:\/\/youtu.be\/EMPSPBHadCY<\/a><\/div>\n<\/div>\n<div>&nbsp;<\/div>\n<ul>\n<li><strong>Desfile del libro<\/strong><\/li>\n<\/ul>\n<p style=\"text-align: center\">Cada clase ha trabajado un libro que le regalaron los Reyes Magos a cada ni\u00f1o dentro del proyecto lector de biblioteca. Posteriormente, el departamento de biblioteca se encarg\u00f3 de dibujar las portadas y contraportadas de cada libro en cartulina, despu\u00e9s cada clase ha decorado la del libro que ha trabajado en clase, con diferentes t\u00e9cnicas pl\u00e1sticas. Resultado se ha formado una especie de vestido. Como tarea final se ha realizado un desfile en el que uno o varios representantes de clase han desfilado y expuesto&nbsp; el contenido del libro al resto de compa\u00f1eros del colegio.<a href=\"https:\/\/drive.google.com\/file\/d\/1hhG35pZXqoo2o5L7ZZNaIMpebxvqpTTQ\/view?usp=sharing\"><img loading=\"lazy\" decoding=\"async\" class=\"alignnone size-medium wp-image-3679 aligncenter\" src=\"https:\/\/blogsaverroes.juntadeandalucia.es\/ceipsanfernandobornos\/files\/2022\/04\/IMG-20220425-WA0032-225x300.jpg\" alt=\"\" width=\"225\" height=\"300\" srcset=\"https:\/\/blogsaverroes.juntadeandalucia.es\/ceipsanfernandobornos\/files\/2022\/04\/IMG-20220425-WA0032-225x300.jpg 225w, https:\/\/blogsaverroes.juntadeandalucia.es\/ceipsanfernandobornos\/files\/2022\/04\/IMG-20220425-WA0032-768x1024.jpg 768w, https:\/\/blogsaverroes.juntadeandalucia.es\/ceipsanfernandobornos\/files\/2022\/04\/IMG-20220425-WA0032-1152x1536.jpg 1152w, https:\/\/blogsaverroes.juntadeandalucia.es\/ceipsanfernandobornos\/files\/2022\/04\/IMG-20220425-WA0032.jpg 1200w\" sizes=\"(max-width: 225px) 100vw, 225px\" \/>Pincha sobre la foto para ver m\u00e1<\/a><a href=\"https:\/\/blogsaverroes.juntadeandalucia.es\/ceipsanfernandobornos\/files\/2022\/04\/IMG-20220425-WA0032.jpg\">s<\/a><\/p>\n<ul>\n<li><strong>&nbsp;Coepaz<\/strong> hace entrega a los compa\u00f1ero de una flor por el <strong>d\u00eda del libro.<\/strong> Seguimos trabajando las emociones con los compa\u00f1eros. Le entregamos un flor con una tarjera con un mensaje de la escritora Fern\u00e1n Caballero, autora del A\u00f1o 2022, a la que la Consejer\u00eda de Cultura dedica el d\u00eda del libro.&nbsp; La celebraci\u00f3n del D\u00eda Internacional del Libro estar\u00e1 centrada en la Autora del A\u00f1o, Cecilia B\u00f6hl de Faber, m\u00e1s conocida por su seud\u00f3nimo masculino Fern\u00e1n Caballero. Hemos visto el inter\u00e9s en esta autora debido a su vinculaci\u00f3n con nuestro pueblo, Bornos.&nbsp; Autora del libro \u00abUn verano en Bornos\u00bb, y es por lo que nuestra biblioteca del pueblo se llama \u00abFern\u00e1n Caballero\u00bb<\/li>\n<\/ul>\n<p><a href=\"https:\/\/blogsaverroes.juntadeandalucia.es\/ceipsanfernandobornos\/files\/2022\/04\/IMG-20220422-WA0017.jpg\">&nbsp; &nbsp; &nbsp; &nbsp; &nbsp; &nbsp; &nbsp; &nbsp; <\/a><a href=\"https:\/\/blogsaverroes.juntadeandalucia.es\/ceipsanfernandobornos\/files\/2022\/04\/portada-scaled.jpg\"><img loading=\"lazy\" decoding=\"async\" class=\"alignnone size-medium wp-image-3686\" src=\"https:\/\/blogsaverroes.juntadeandalucia.es\/ceipsanfernandobornos\/files\/2022\/04\/portada-300x156.jpg\" alt=\"\" width=\"300\" height=\"156\" srcset=\"https:\/\/blogsaverroes.juntadeandalucia.es\/ceipsanfernandobornos\/files\/2022\/04\/portada-300x156.jpg 300w, https:\/\/blogsaverroes.juntadeandalucia.es\/ceipsanfernandobornos\/files\/2022\/04\/portada-1024x534.jpg 1024w, https:\/\/blogsaverroes.juntadeandalucia.es\/ceipsanfernandobornos\/files\/2022\/04\/portada-768x401.jpg 768w, https:\/\/blogsaverroes.juntadeandalucia.es\/ceipsanfernandobornos\/files\/2022\/04\/portada-1536x801.jpg 1536w, https:\/\/blogsaverroes.juntadeandalucia.es\/ceipsanfernandobornos\/files\/2022\/04\/portada-2048x1068.jpg 2048w, https:\/\/blogsaverroes.juntadeandalucia.es\/ceipsanfernandobornos\/files\/2022\/04\/portada-scaled.jpg 1600w\" sizes=\"(max-width: 300px) 100vw, 300px\" \/><\/a><a href=\"https:\/\/blogsaverroes.juntadeandalucia.es\/ceipsanfernandobornos\/files\/2022\/04\/IMG-20220422-WA0017.jpg\">&nbsp; &nbsp; &nbsp; &nbsp; &nbsp; &nbsp; &nbsp;<img loading=\"lazy\" decoding=\"async\" class=\"alignnone size-medium wp-image-3685\" src=\"https:\/\/blogsaverroes.juntadeandalucia.es\/ceipsanfernandobornos\/files\/2022\/04\/IMG-20220422-WA0017-300x225.jpg\" alt=\"\" width=\"300\" height=\"225\" srcset=\"https:\/\/blogsaverroes.juntadeandalucia.es\/ceipsanfernandobornos\/files\/2022\/04\/IMG-20220422-WA0017-300x225.jpg 300w, https:\/\/blogsaverroes.juntadeandalucia.es\/ceipsanfernandobornos\/files\/2022\/04\/IMG-20220422-WA0017-1024x768.jpg 1024w, https:\/\/blogsaverroes.juntadeandalucia.es\/ceipsanfernandobornos\/files\/2022\/04\/IMG-20220422-WA0017-768x576.jpg 768w, https:\/\/blogsaverroes.juntadeandalucia.es\/ceipsanfernandobornos\/files\/2022\/04\/IMG-20220422-WA0017-1536x1152.jpg 1536w, https:\/\/blogsaverroes.juntadeandalucia.es\/ceipsanfernandobornos\/files\/2022\/04\/IMG-20220422-WA0017.jpg 1600w\" sizes=\"(max-width: 300px) 100vw, 300px\" \/>&nbsp; &nbsp; &nbsp;<\/a><a href=\"https:\/\/blogsaverroes.juntadeandalucia.es\/ceipsanfernandobornos\/files\/2022\/04\/IMG-20220422-WA0014.jpg\"><img loading=\"lazy\" decoding=\"async\" class=\"alignnone size-medium wp-image-3687\" src=\"https:\/\/blogsaverroes.juntadeandalucia.es\/ceipsanfernandobornos\/files\/2022\/04\/IMG-20220422-WA0014-169x300.jpg\" alt=\"\" width=\"169\" height=\"300\" srcset=\"https:\/\/blogsaverroes.juntadeandalucia.es\/ceipsanfernandobornos\/files\/2022\/04\/IMG-20220422-WA0014-169x300.jpg 169w, https:\/\/blogsaverroes.juntadeandalucia.es\/ceipsanfernandobornos\/files\/2022\/04\/IMG-20220422-WA0014-576x1024.jpg 576w, https:\/\/blogsaverroes.juntadeandalucia.es\/ceipsanfernandobornos\/files\/2022\/04\/IMG-20220422-WA0014-768x1366.jpg 768w, https:\/\/blogsaverroes.juntadeandalucia.es\/ceipsanfernandobornos\/files\/2022\/04\/IMG-20220422-WA0014-864x1536.jpg 864w, https:\/\/blogsaverroes.juntadeandalucia.es\/ceipsanfernandobornos\/files\/2022\/04\/IMG-20220422-WA0014.jpg 899w\" sizes=\"(max-width: 169px) 100vw, 169px\" \/><\/a><\/p>\n<p>&nbsp;<\/p>\n<div>&nbsp;<\/div>\n<div>&nbsp;<\/div>\n<p>&nbsp;<\/p>\n","protected":false},"excerpt":{"rendered":"<p>Durante la semana del lunes18 de abril al lunes 25 de abril se ha trabajado la efem\u00e9ride del D\u00eda del libro. Se han realizado varias actividades desde nuestro centro y en colaboraci\u00f3n con distintas&#46;&#46;&#46;<\/p>\n","protected":false},"author":10437,"featured_media":3690,"comment_status":"open","ping_status":"open","sticky":false,"template":"","format":"standard","meta":{"ngg_post_thumbnail":0,"footnotes":""},"categories":[2351651,2351655,2351653],"tags":[2351683,2351721,2351696],"aioseo_notices":[],"_links":{"self":[{"href":"https:\/\/blogsaverroes.juntadeandalucia.es\/ceipsanfernandobornos\/wp-json\/wp\/v2\/posts\/3628"}],"collection":[{"href":"https:\/\/blogsaverroes.juntadeandalucia.es\/ceipsanfernandobornos\/wp-json\/wp\/v2\/posts"}],"about":[{"href":"https:\/\/blogsaverroes.juntadeandalucia.es\/ceipsanfernandobornos\/wp-json\/wp\/v2\/types\/post"}],"author":[{"embeddable":true,"href":"https:\/\/blogsaverroes.juntadeandalucia.es\/ceipsanfernandobornos\/wp-json\/wp\/v2\/users\/10437"}],"replies":[{"embeddable":true,"href":"https:\/\/blogsaverroes.juntadeandalucia.es\/ceipsanfernandobornos\/wp-json\/wp\/v2\/comments?post=3628"}],"version-history":[{"count":14,"href":"https:\/\/blogsaverroes.juntadeandalucia.es\/ceipsanfernandobornos\/wp-json\/wp\/v2\/posts\/3628\/revisions"}],"predecessor-version":[{"id":3688,"href":"https:\/\/blogsaverroes.juntadeandalucia.es\/ceipsanfernandobornos\/wp-json\/wp\/v2\/posts\/3628\/revisions\/3688"}],"wp:featuredmedia":[{"embeddable":true,"href":"https:\/\/blogsaverroes.juntadeandalucia.es\/ceipsanfernandobornos\/wp-json\/wp\/v2\/media\/3690"}],"wp:attachment":[{"href":"https:\/\/blogsaverroes.juntadeandalucia.es\/ceipsanfernandobornos\/wp-json\/wp\/v2\/media?parent=3628"}],"wp:term":[{"taxonomy":"category","embeddable":true,"href":"https:\/\/blogsaverroes.juntadeandalucia.es\/ceipsanfernandobornos\/wp-json\/wp\/v2\/categories?post=3628"},{"taxonomy":"post_tag","embeddable":true,"href":"https:\/\/blogsaverroes.juntadeandalucia.es\/ceipsanfernandobornos\/wp-json\/wp\/v2\/tags?post=3628"}],"curies":[{"name":"wp","href":"https:\/\/api.w.org\/{rel}","templated":true}]}}