{"id":6024,"date":"2024-10-04T17:18:26","date_gmt":"2024-10-04T17:18:26","guid":{"rendered":"https:\/\/blogsaverroes.juntadeandalucia.es\/ceipsanfernandobornos\/?p=6024"},"modified":"2024-11-25T17:29:56","modified_gmt":"2024-11-25T17:29:56","slug":"4-octubre-dia-de-la-sonrisa","status":"publish","type":"post","link":"https:\/\/blogsaverroes.juntadeandalucia.es\/ceipsanfernandobornos\/4-octubre-dia-de-la-sonrisa\/","title":{"rendered":"4 Octubre d\u00eda de la sonrisa"},"content":{"rendered":"<p>Cada&nbsp;<b>primer viernes de octubre<\/b>&nbsp;se celebra uno de los d\u00edas pensados para llevar la alegr\u00eda a quien m\u00e1s lo necesite: el <strong>D\u00eda Mundial de la Sonrisa<\/strong>. Esta se\u00f1alada fecha en el calendario es una celebraci\u00f3n global que tiene como objetivo poder dar poder a las sonrisas y a la amabilidad diaria de las personas.<\/p>\n<p>En nuestro centro se han puesto en las tres puertas por las que acceden los alumnos de primaria e infantil al colegio unos folios en los que poder regalar sonrisas.<\/p>\n<p>En el recreo los alumnos dibujaban sonrisas, a la vez que sus caritas reflejaban en sus bocas la sonrisa que estaban pintando y lo que les estaba gustando dicha actividad. Los m\u00e1s peque\u00f1os les regalaban mensajes de sonrisas a los maestros y monitores que llegaban a sus clases<\/p>\n<p style=\"text-align: justify\"><a href=\"https:\/\/blogsaverroes.juntadeandalucia.es\/ceipsanfernandobornos\/files\/2024\/11\/Dia-de-la-sonrisa.jpg\"><img loading=\"lazy\" decoding=\"async\" class=\" wp-image-6029\" src=\"https:\/\/blogsaverroes.juntadeandalucia.es\/ceipsanfernandobornos\/files\/2024\/11\/Dia-de-la-sonrisa-300x225.jpg\" alt=\"\" width=\"251\" height=\"188\" srcset=\"https:\/\/blogsaverroes.juntadeandalucia.es\/ceipsanfernandobornos\/files\/2024\/11\/Dia-de-la-sonrisa-300x225.jpg 300w, https:\/\/blogsaverroes.juntadeandalucia.es\/ceipsanfernandobornos\/files\/2024\/11\/Dia-de-la-sonrisa-1024x768.jpg 1024w, https:\/\/blogsaverroes.juntadeandalucia.es\/ceipsanfernandobornos\/files\/2024\/11\/Dia-de-la-sonrisa-768x576.jpg 768w, https:\/\/blogsaverroes.juntadeandalucia.es\/ceipsanfernandobornos\/files\/2024\/11\/Dia-de-la-sonrisa-1536x1152.jpg 1536w, https:\/\/blogsaverroes.juntadeandalucia.es\/ceipsanfernandobornos\/files\/2024\/11\/Dia-de-la-sonrisa.jpg 1600w\" sizes=\"(max-width: 251px) 100vw, 251px\" \/><\/a> <a href=\"https:\/\/blogsaverroes.juntadeandalucia.es\/ceipsanfernandobornos\/files\/2024\/11\/f121b4b0-fa15-4644-a7bc-0633f252e5e0.jpg\"><img loading=\"lazy\" decoding=\"async\" class=\" wp-image-6030\" src=\"https:\/\/blogsaverroes.juntadeandalucia.es\/ceipsanfernandobornos\/files\/2024\/11\/f121b4b0-fa15-4644-a7bc-0633f252e5e0-289x300.jpg\" alt=\"\" width=\"178\" height=\"185\" srcset=\"https:\/\/blogsaverroes.juntadeandalucia.es\/ceipsanfernandobornos\/files\/2024\/11\/f121b4b0-fa15-4644-a7bc-0633f252e5e0-289x300.jpg 289w, https:\/\/blogsaverroes.juntadeandalucia.es\/ceipsanfernandobornos\/files\/2024\/11\/f121b4b0-fa15-4644-a7bc-0633f252e5e0-987x1024.jpg 987w, https:\/\/blogsaverroes.juntadeandalucia.es\/ceipsanfernandobornos\/files\/2024\/11\/f121b4b0-fa15-4644-a7bc-0633f252e5e0-768x796.jpg 768w, https:\/\/blogsaverroes.juntadeandalucia.es\/ceipsanfernandobornos\/files\/2024\/11\/f121b4b0-fa15-4644-a7bc-0633f252e5e0.jpg 1188w\" sizes=\"(max-width: 178px) 100vw, 178px\" \/><\/a> <a href=\"https:\/\/blogsaverroes.juntadeandalucia.es\/ceipsanfernandobornos\/files\/2024\/11\/sonrisa-2.jpg\"><img loading=\"lazy\" decoding=\"async\" class=\" wp-image-6031\" src=\"https:\/\/blogsaverroes.juntadeandalucia.es\/ceipsanfernandobornos\/files\/2024\/11\/sonrisa-2-225x300.jpg\" alt=\"\" width=\"150\" height=\"200\" srcset=\"https:\/\/blogsaverroes.juntadeandalucia.es\/ceipsanfernandobornos\/files\/2024\/11\/sonrisa-2-225x300.jpg 225w, https:\/\/blogsaverroes.juntadeandalucia.es\/ceipsanfernandobornos\/files\/2024\/11\/sonrisa-2-768x1024.jpg 768w, https:\/\/blogsaverroes.juntadeandalucia.es\/ceipsanfernandobornos\/files\/2024\/11\/sonrisa-2-1152x1536.jpg 1152w, https:\/\/blogsaverroes.juntadeandalucia.es\/ceipsanfernandobornos\/files\/2024\/11\/sonrisa-2.jpg 1200w\" sizes=\"(max-width: 150px) 100vw, 150px\" \/><\/a> <a href=\"https:\/\/blogsaverroes.juntadeandalucia.es\/ceipsanfernandobornos\/files\/2024\/11\/IMG_20241004_114948.jpg\"><img loading=\"lazy\" decoding=\"async\" class=\"size-medium wp-image-6034\" src=\"https:\/\/blogsaverroes.juntadeandalucia.es\/ceipsanfernandobornos\/files\/2024\/11\/IMG_20241004_114948-135x300.jpg\" alt=\"\" width=\"135\" height=\"300\" srcset=\"https:\/\/blogsaverroes.juntadeandalucia.es\/ceipsanfernandobornos\/files\/2024\/11\/IMG_20241004_114948-135x300.jpg 135w, https:\/\/blogsaverroes.juntadeandalucia.es\/ceipsanfernandobornos\/files\/2024\/11\/IMG_20241004_114948-461x1024.jpg 461w, https:\/\/blogsaverroes.juntadeandalucia.es\/ceipsanfernandobornos\/files\/2024\/11\/IMG_20241004_114948-768x1707.jpg 768w, https:\/\/blogsaverroes.juntadeandalucia.es\/ceipsanfernandobornos\/files\/2024\/11\/IMG_20241004_114948-691x1536.jpg 691w, https:\/\/blogsaverroes.juntadeandalucia.es\/ceipsanfernandobornos\/files\/2024\/11\/IMG_20241004_114948-922x2048.jpg 922w, https:\/\/blogsaverroes.juntadeandalucia.es\/ceipsanfernandobornos\/files\/2024\/11\/IMG_20241004_114948.jpg 720w\" sizes=\"(max-width: 135px) 100vw, 135px\" \/><\/a> <a href=\"https:\/\/blogsaverroes.juntadeandalucia.es\/ceipsanfernandobornos\/files\/2024\/11\/IMG_20241004_114954.jpg\"><img loading=\"lazy\" decoding=\"async\" class=\"size-medium wp-image-6035\" src=\"https:\/\/blogsaverroes.juntadeandalucia.es\/ceipsanfernandobornos\/files\/2024\/11\/IMG_20241004_114954-135x300.jpg\" alt=\"\" width=\"135\" height=\"300\" srcset=\"https:\/\/blogsaverroes.juntadeandalucia.es\/ceipsanfernandobornos\/files\/2024\/11\/IMG_20241004_114954-135x300.jpg 135w, https:\/\/blogsaverroes.juntadeandalucia.es\/ceipsanfernandobornos\/files\/2024\/11\/IMG_20241004_114954-461x1024.jpg 461w, https:\/\/blogsaverroes.juntadeandalucia.es\/ceipsanfernandobornos\/files\/2024\/11\/IMG_20241004_114954-768x1707.jpg 768w, https:\/\/blogsaverroes.juntadeandalucia.es\/ceipsanfernandobornos\/files\/2024\/11\/IMG_20241004_114954-691x1536.jpg 691w, https:\/\/blogsaverroes.juntadeandalucia.es\/ceipsanfernandobornos\/files\/2024\/11\/IMG_20241004_114954-922x2048.jpg 922w, https:\/\/blogsaverroes.juntadeandalucia.es\/ceipsanfernandobornos\/files\/2024\/11\/IMG_20241004_114954.jpg 720w\" sizes=\"(max-width: 135px) 100vw, 135px\" \/><\/a> <a href=\"https:\/\/blogsaverroes.juntadeandalucia.es\/ceipsanfernandobornos\/files\/2024\/11\/IMG20241004102648.jpg\"><img loading=\"lazy\" decoding=\"async\" class=\"size-medium wp-image-6036\" src=\"https:\/\/blogsaverroes.juntadeandalucia.es\/ceipsanfernandobornos\/files\/2024\/11\/IMG20241004102648-225x300.jpg\" alt=\"\" width=\"225\" height=\"300\" srcset=\"https:\/\/blogsaverroes.juntadeandalucia.es\/ceipsanfernandobornos\/files\/2024\/11\/IMG20241004102648-225x300.jpg 225w, https:\/\/blogsaverroes.juntadeandalucia.es\/ceipsanfernandobornos\/files\/2024\/11\/IMG20241004102648-768x1024.jpg 768w, https:\/\/blogsaverroes.juntadeandalucia.es\/ceipsanfernandobornos\/files\/2024\/11\/IMG20241004102648-1152x1536.jpg 1152w, https:\/\/blogsaverroes.juntadeandalucia.es\/ceipsanfernandobornos\/files\/2024\/11\/IMG20241004102648-1536x2048.jpg 1536w, https:\/\/blogsaverroes.juntadeandalucia.es\/ceipsanfernandobornos\/files\/2024\/11\/IMG20241004102648.jpg 1200w\" sizes=\"(max-width: 225px) 100vw, 225px\" \/><\/a> <a href=\"https:\/\/blogsaverroes.juntadeandalucia.es\/ceipsanfernandobornos\/files\/2024\/11\/IMG20241004135031.jpg\"><img loading=\"lazy\" decoding=\"async\" class=\" wp-image-6037\" src=\"https:\/\/blogsaverroes.juntadeandalucia.es\/ceipsanfernandobornos\/files\/2024\/11\/IMG20241004135031-300x225.jpg\" alt=\"\" width=\"204\" height=\"153\" srcset=\"https:\/\/blogsaverroes.juntadeandalucia.es\/ceipsanfernandobornos\/files\/2024\/11\/IMG20241004135031-300x225.jpg 300w, https:\/\/blogsaverroes.juntadeandalucia.es\/ceipsanfernandobornos\/files\/2024\/11\/IMG20241004135031-1024x768.jpg 1024w, https:\/\/blogsaverroes.juntadeandalucia.es\/ceipsanfernandobornos\/files\/2024\/11\/IMG20241004135031-768x576.jpg 768w, https:\/\/blogsaverroes.juntadeandalucia.es\/ceipsanfernandobornos\/files\/2024\/11\/IMG20241004135031-1536x1152.jpg 1536w, https:\/\/blogsaverroes.juntadeandalucia.es\/ceipsanfernandobornos\/files\/2024\/11\/IMG20241004135031-2048x1536.jpg 2048w, https:\/\/blogsaverroes.juntadeandalucia.es\/ceipsanfernandobornos\/files\/2024\/11\/IMG20241004135031.jpg 1600w\" sizes=\"(max-width: 204px) 100vw, 204px\" \/><\/a><\/p>\n","protected":false},"excerpt":{"rendered":"<p>Cada&nbsp;primer viernes de octubre&nbsp;se celebra uno de los d\u00edas pensados para llevar la alegr\u00eda a quien m\u00e1s lo necesite: el D\u00eda Mundial de la Sonrisa. Esta se\u00f1alada fecha en el calendario es una celebraci\u00f3n&#46;&#46;&#46;<\/p>\n","protected":false},"author":10437,"featured_media":6026,"comment_status":"open","ping_status":"open","sticky":false,"template":"","format":"standard","meta":{"ngg_post_thumbnail":0,"footnotes":""},"categories":[2351651,2351653,2351658],"tags":[2351683],"aioseo_notices":[],"_links":{"self":[{"href":"https:\/\/blogsaverroes.juntadeandalucia.es\/ceipsanfernandobornos\/wp-json\/wp\/v2\/posts\/6024"}],"collection":[{"href":"https:\/\/blogsaverroes.juntadeandalucia.es\/ceipsanfernandobornos\/wp-json\/wp\/v2\/posts"}],"about":[{"href":"https:\/\/blogsaverroes.juntadeandalucia.es\/ceipsanfernandobornos\/wp-json\/wp\/v2\/types\/post"}],"author":[{"embeddable":true,"href":"https:\/\/blogsaverroes.juntadeandalucia.es\/ceipsanfernandobornos\/wp-json\/wp\/v2\/users\/10437"}],"replies":[{"embeddable":true,"href":"https:\/\/blogsaverroes.juntadeandalucia.es\/ceipsanfernandobornos\/wp-json\/wp\/v2\/comments?post=6024"}],"version-history":[{"count":4,"href":"https:\/\/blogsaverroes.juntadeandalucia.es\/ceipsanfernandobornos\/wp-json\/wp\/v2\/posts\/6024\/revisions"}],"predecessor-version":[{"id":6038,"href":"https:\/\/blogsaverroes.juntadeandalucia.es\/ceipsanfernandobornos\/wp-json\/wp\/v2\/posts\/6024\/revisions\/6038"}],"wp:featuredmedia":[{"embeddable":true,"href":"https:\/\/blogsaverroes.juntadeandalucia.es\/ceipsanfernandobornos\/wp-json\/wp\/v2\/media\/6026"}],"wp:attachment":[{"href":"https:\/\/blogsaverroes.juntadeandalucia.es\/ceipsanfernandobornos\/wp-json\/wp\/v2\/media?parent=6024"}],"wp:term":[{"taxonomy":"category","embeddable":true,"href":"https:\/\/blogsaverroes.juntadeandalucia.es\/ceipsanfernandobornos\/wp-json\/wp\/v2\/categories?post=6024"},{"taxonomy":"post_tag","embeddable":true,"href":"https:\/\/blogsaverroes.juntadeandalucia.es\/ceipsanfernandobornos\/wp-json\/wp\/v2\/tags?post=6024"}],"curies":[{"name":"wp","href":"https:\/\/api.w.org\/{rel}","templated":true}]}}