{"id":2603,"date":"2019-05-25T09:15:43","date_gmt":"2019-05-25T09:15:43","guid":{"rendered":"https:\/\/blogsaverroes.juntadeandalucia.es\/ceipsanfernandocordoba\/?p=2603"},"modified":"2020-03-22T23:45:42","modified_gmt":"2020-03-22T23:45:42","slug":"en-el-ceip-san-fernando-nos-lo-pasamos-pirata","status":"publish","type":"post","link":"https:\/\/blogsaverroes.juntadeandalucia.es\/ceipsanfernandocordoba\/en-el-ceip-san-fernando-nos-lo-pasamos-pirata\/","title":{"rendered":"EN EL CEIP SAN FERNANDO NOS LO PASAMOS PIRATA"},"content":{"rendered":"\n\t\t<style>\n\t\t\t#gallery-1 {\n\t\t\t\tmargin: auto;\n\t\t\t}\n\t\t\t#gallery-1 .gallery-item {\n\t\t\t\tfloat: left;\n\t\t\t\tmargin-top: 10px;\n\t\t\t\ttext-align: center;\n\t\t\t\twidth: 33%;\n\t\t\t}\n\t\t\t#gallery-1 img {\n\t\t\t\tborder: 2px solid #cfcfcf;\n\t\t\t}\n\t\t\t#gallery-1 .gallery-caption {\n\t\t\t\tmargin-left: 0;\n\t\t\t}\n\t\t\t\/* see gallery_shortcode() in wp-includes\/media.php *\/\n\t\t<\/style>\n\t\t<div id='gallery-1' class='gallery galleryid-2603 gallery-columns-3 gallery-size-full'><dl class='gallery-item'>\n\t\t\t<dt class='gallery-icon portrait'>\n\t\t\t\t<a href='https:\/\/blogsaverroes.juntadeandalucia.es\/ceipsanfernandocordoba\/en-el-ceip-san-fernando-nos-lo-pasamos-pirata\/fiesta-pirata-3-2\/'><img loading=\"lazy\" decoding=\"async\" width=\"777\" height=\"1600\" src=\"https:\/\/blogsaverroes.juntadeandalucia.es\/ceipsanfernandocordoba\/files\/2019\/05\/fiesta-pirata-3-1.jpg\" class=\"attachment-full size-full\" alt=\"\" srcset=\"https:\/\/blogsaverroes.juntadeandalucia.es\/ceipsanfernandocordoba\/files\/2019\/05\/fiesta-pirata-3-1.jpg 777w, https:\/\/blogsaverroes.juntadeandalucia.es\/ceipsanfernandocordoba\/files\/2019\/05\/fiesta-pirata-3-1-146x300.jpg 146w, https:\/\/blogsaverroes.juntadeandalucia.es\/ceipsanfernandocordoba\/files\/2019\/05\/fiesta-pirata-3-1-768x1581.jpg 768w, https:\/\/blogsaverroes.juntadeandalucia.es\/ceipsanfernandocordoba\/files\/2019\/05\/fiesta-pirata-3-1-497x1024.jpg 497w, https:\/\/blogsaverroes.juntadeandalucia.es\/ceipsanfernandocordoba\/files\/2019\/05\/fiesta-pirata-3-1-700x1441.jpg 700w, https:\/\/blogsaverroes.juntadeandalucia.es\/ceipsanfernandocordoba\/files\/2019\/05\/fiesta-pirata-3-1-12x24.jpg 12w, https:\/\/blogsaverroes.juntadeandalucia.es\/ceipsanfernandocordoba\/files\/2019\/05\/fiesta-pirata-3-1-17x36.jpg 17w, https:\/\/blogsaverroes.juntadeandalucia.es\/ceipsanfernandocordoba\/files\/2019\/05\/fiesta-pirata-3-1-23x48.jpg 23w\" sizes=\"(max-width: 777px) 100vw, 777px\" \/><\/a>\n\t\t\t<\/dt><\/dl><dl class='gallery-item'>\n\t\t\t<dt class='gallery-icon portrait'>\n\t\t\t\t<a href='https:\/\/blogsaverroes.juntadeandalucia.es\/ceipsanfernandocordoba\/en-el-ceip-san-fernando-nos-lo-pasamos-pirata\/fiesta-pirata-8-2\/'><img loading=\"lazy\" decoding=\"async\" width=\"777\" height=\"1600\" src=\"https:\/\/blogsaverroes.juntadeandalucia.es\/ceipsanfernandocordoba\/files\/2019\/05\/fiesta-pirata-8-1.jpg\" class=\"attachment-full size-full\" alt=\"\" srcset=\"https:\/\/blogsaverroes.juntadeandalucia.es\/ceipsanfernandocordoba\/files\/2019\/05\/fiesta-pirata-8-1.jpg 777w, https:\/\/blogsaverroes.juntadeandalucia.es\/ceipsanfernandocordoba\/files\/2019\/05\/fiesta-pirata-8-1-146x300.jpg 146w, https:\/\/blogsaverroes.juntadeandalucia.es\/ceipsanfernandocordoba\/files\/2019\/05\/fiesta-pirata-8-1-768x1581.jpg 768w, https:\/\/blogsaverroes.juntadeandalucia.es\/ceipsanfernandocordoba\/files\/2019\/05\/fiesta-pirata-8-1-497x1024.jpg 497w, https:\/\/blogsaverroes.juntadeandalucia.es\/ceipsanfernandocordoba\/files\/2019\/05\/fiesta-pirata-8-1-700x1441.jpg 700w, https:\/\/blogsaverroes.juntadeandalucia.es\/ceipsanfernandocordoba\/files\/2019\/05\/fiesta-pirata-8-1-12x24.jpg 12w, https:\/\/blogsaverroes.juntadeandalucia.es\/ceipsanfernandocordoba\/files\/2019\/05\/fiesta-pirata-8-1-17x36.jpg 17w, https:\/\/blogsaverroes.juntadeandalucia.es\/ceipsanfernandocordoba\/files\/2019\/05\/fiesta-pirata-8-1-23x48.jpg 23w\" sizes=\"(max-width: 777px) 100vw, 777px\" \/><\/a>\n\t\t\t<\/dt><\/dl><dl class='gallery-item'>\n\t\t\t<dt class='gallery-icon landscape'>\n\t\t\t\t<a href='https:\/\/blogsaverroes.juntadeandalucia.es\/ceipsanfernandocordoba\/en-el-ceip-san-fernando-nos-lo-pasamos-pirata\/fiesta-pirata-9-2\/'><img loading=\"lazy\" decoding=\"async\" width=\"1600\" height=\"1200\" src=\"https:\/\/blogsaverroes.juntadeandalucia.es\/ceipsanfernandocordoba\/files\/2019\/05\/fiesta-pirata-9-1.jpg\" class=\"attachment-full size-full\" alt=\"\" srcset=\"https:\/\/blogsaverroes.juntadeandalucia.es\/ceipsanfernandocordoba\/files\/2019\/05\/fiesta-pirata-9-1.jpg 1600w, https:\/\/blogsaverroes.juntadeandalucia.es\/ceipsanfernandocordoba\/files\/2019\/05\/fiesta-pirata-9-1-300x225.jpg 300w, https:\/\/blogsaverroes.juntadeandalucia.es\/ceipsanfernandocordoba\/files\/2019\/05\/fiesta-pirata-9-1-768x576.jpg 768w, https:\/\/blogsaverroes.juntadeandalucia.es\/ceipsanfernandocordoba\/files\/2019\/05\/fiesta-pirata-9-1-1024x768.jpg 1024w, https:\/\/blogsaverroes.juntadeandalucia.es\/ceipsanfernandocordoba\/files\/2019\/05\/fiesta-pirata-9-1-700x525.jpg 700w, https:\/\/blogsaverroes.juntadeandalucia.es\/ceipsanfernandocordoba\/files\/2019\/05\/fiesta-pirata-9-1-24x18.jpg 24w, https:\/\/blogsaverroes.juntadeandalucia.es\/ceipsanfernandocordoba\/files\/2019\/05\/fiesta-pirata-9-1-36x27.jpg 36w, https:\/\/blogsaverroes.juntadeandalucia.es\/ceipsanfernandocordoba\/files\/2019\/05\/fiesta-pirata-9-1-48x36.jpg 48w\" sizes=\"(max-width: 1600px) 100vw, 1600px\" \/><\/a>\n\t\t\t<\/dt><\/dl><br style=\"clear: both\" \/><dl class='gallery-item'>\n\t\t\t<dt class='gallery-icon landscape'>\n\t\t\t\t<a href='https:\/\/blogsaverroes.juntadeandalucia.es\/ceipsanfernandocordoba\/en-el-ceip-san-fernando-nos-lo-pasamos-pirata\/fiesta-pirata-1-2\/'><img loading=\"lazy\" decoding=\"async\" width=\"1600\" height=\"1200\" src=\"https:\/\/blogsaverroes.juntadeandalucia.es\/ceipsanfernandocordoba\/files\/2019\/05\/fiesta-pirata-1-1.jpg\" class=\"attachment-full size-full\" alt=\"\" srcset=\"https:\/\/blogsaverroes.juntadeandalucia.es\/ceipsanfernandocordoba\/files\/2019\/05\/fiesta-pirata-1-1.jpg 1600w, https:\/\/blogsaverroes.juntadeandalucia.es\/ceipsanfernandocordoba\/files\/2019\/05\/fiesta-pirata-1-1-300x225.jpg 300w, https:\/\/blogsaverroes.juntadeandalucia.es\/ceipsanfernandocordoba\/files\/2019\/05\/fiesta-pirata-1-1-768x576.jpg 768w, https:\/\/blogsaverroes.juntadeandalucia.es\/ceipsanfernandocordoba\/files\/2019\/05\/fiesta-pirata-1-1-1024x768.jpg 1024w, https:\/\/blogsaverroes.juntadeandalucia.es\/ceipsanfernandocordoba\/files\/2019\/05\/fiesta-pirata-1-1-700x525.jpg 700w, https:\/\/blogsaverroes.juntadeandalucia.es\/ceipsanfernandocordoba\/files\/2019\/05\/fiesta-pirata-1-1-24x18.jpg 24w, https:\/\/blogsaverroes.juntadeandalucia.es\/ceipsanfernandocordoba\/files\/2019\/05\/fiesta-pirata-1-1-36x27.jpg 36w, https:\/\/blogsaverroes.juntadeandalucia.es\/ceipsanfernandocordoba\/files\/2019\/05\/fiesta-pirata-1-1-48x36.jpg 48w\" sizes=\"(max-width: 1600px) 100vw, 1600px\" \/><\/a>\n\t\t\t<\/dt><\/dl><dl class='gallery-item'>\n\t\t\t<dt class='gallery-icon portrait'>\n\t\t\t\t<a href='https:\/\/blogsaverroes.juntadeandalucia.es\/ceipsanfernandocordoba\/en-el-ceip-san-fernando-nos-lo-pasamos-pirata\/fiesta-pirata-6-2\/'><img loading=\"lazy\" decoding=\"async\" width=\"1016\" height=\"1188\" src=\"https:\/\/blogsaverroes.juntadeandalucia.es\/ceipsanfernandocordoba\/files\/2019\/05\/fiesta-pirata-6-1.jpg\" class=\"attachment-full size-full\" alt=\"\" srcset=\"https:\/\/blogsaverroes.juntadeandalucia.es\/ceipsanfernandocordoba\/files\/2019\/05\/fiesta-pirata-6-1.jpg 1016w, https:\/\/blogsaverroes.juntadeandalucia.es\/ceipsanfernandocordoba\/files\/2019\/05\/fiesta-pirata-6-1-257x300.jpg 257w, https:\/\/blogsaverroes.juntadeandalucia.es\/ceipsanfernandocordoba\/files\/2019\/05\/fiesta-pirata-6-1-768x898.jpg 768w, https:\/\/blogsaverroes.juntadeandalucia.es\/ceipsanfernandocordoba\/files\/2019\/05\/fiesta-pirata-6-1-876x1024.jpg 876w, https:\/\/blogsaverroes.juntadeandalucia.es\/ceipsanfernandocordoba\/files\/2019\/05\/fiesta-pirata-6-1-700x819.jpg 700w, https:\/\/blogsaverroes.juntadeandalucia.es\/ceipsanfernandocordoba\/files\/2019\/05\/fiesta-pirata-6-1-21x24.jpg 21w, https:\/\/blogsaverroes.juntadeandalucia.es\/ceipsanfernandocordoba\/files\/2019\/05\/fiesta-pirata-6-1-31x36.jpg 31w, https:\/\/blogsaverroes.juntadeandalucia.es\/ceipsanfernandocordoba\/files\/2019\/05\/fiesta-pirata-6-1-41x48.jpg 41w\" sizes=\"(max-width: 1016px) 100vw, 1016px\" \/><\/a>\n\t\t\t<\/dt><\/dl><dl class='gallery-item'>\n\t\t\t<dt class='gallery-icon landscape'>\n\t\t\t\t<a href='https:\/\/blogsaverroes.juntadeandalucia.es\/ceipsanfernandocordoba\/en-el-ceip-san-fernando-nos-lo-pasamos-pirata\/fiesta-pirata-4-2\/'><img loading=\"lazy\" decoding=\"async\" width=\"1300\" height=\"777\" src=\"https:\/\/blogsaverroes.juntadeandalucia.es\/ceipsanfernandocordoba\/files\/2019\/05\/fiesta-pirata-4-1.jpg\" class=\"attachment-full size-full\" alt=\"\" srcset=\"https:\/\/blogsaverroes.juntadeandalucia.es\/ceipsanfernandocordoba\/files\/2019\/05\/fiesta-pirata-4-1.jpg 1300w, https:\/\/blogsaverroes.juntadeandalucia.es\/ceipsanfernandocordoba\/files\/2019\/05\/fiesta-pirata-4-1-300x179.jpg 300w, https:\/\/blogsaverroes.juntadeandalucia.es\/ceipsanfernandocordoba\/files\/2019\/05\/fiesta-pirata-4-1-768x459.jpg 768w, https:\/\/blogsaverroes.juntadeandalucia.es\/ceipsanfernandocordoba\/files\/2019\/05\/fiesta-pirata-4-1-1024x612.jpg 1024w, https:\/\/blogsaverroes.juntadeandalucia.es\/ceipsanfernandocordoba\/files\/2019\/05\/fiesta-pirata-4-1-700x418.jpg 700w, https:\/\/blogsaverroes.juntadeandalucia.es\/ceipsanfernandocordoba\/files\/2019\/05\/fiesta-pirata-4-1-24x14.jpg 24w, https:\/\/blogsaverroes.juntadeandalucia.es\/ceipsanfernandocordoba\/files\/2019\/05\/fiesta-pirata-4-1-36x22.jpg 36w, https:\/\/blogsaverroes.juntadeandalucia.es\/ceipsanfernandocordoba\/files\/2019\/05\/fiesta-pirata-4-1-48x29.jpg 48w\" sizes=\"(max-width: 1300px) 100vw, 1300px\" \/><\/a>\n\t\t\t<\/dt><\/dl><br style=\"clear: both\" \/><dl class='gallery-item'>\n\t\t\t<dt class='gallery-icon landscape'>\n\t\t\t\t<a href='https:\/\/blogsaverroes.juntadeandalucia.es\/ceipsanfernandocordoba\/barco-san-fernando-2\/'><img loading=\"lazy\" decoding=\"async\" width=\"1600\" height=\"777\" src=\"https:\/\/blogsaverroes.juntadeandalucia.es\/ceipsanfernandocordoba\/files\/ngg_featured\/BARCO-SAN-FERNANDO-1.jpg\" class=\"attachment-full size-full\" alt=\"\" srcset=\"https:\/\/blogsaverroes.juntadeandalucia.es\/ceipsanfernandocordoba\/files\/ngg_featured\/BARCO-SAN-FERNANDO-1.jpg 1600w, https:\/\/blogsaverroes.juntadeandalucia.es\/ceipsanfernandocordoba\/files\/ngg_featured\/BARCO-SAN-FERNANDO-1-300x146.jpg 300w, https:\/\/blogsaverroes.juntadeandalucia.es\/ceipsanfernandocordoba\/files\/ngg_featured\/BARCO-SAN-FERNANDO-1-768x373.jpg 768w, https:\/\/blogsaverroes.juntadeandalucia.es\/ceipsanfernandocordoba\/files\/ngg_featured\/BARCO-SAN-FERNANDO-1-1024x497.jpg 1024w, https:\/\/blogsaverroes.juntadeandalucia.es\/ceipsanfernandocordoba\/files\/ngg_featured\/BARCO-SAN-FERNANDO-1-700x340.jpg 700w, https:\/\/blogsaverroes.juntadeandalucia.es\/ceipsanfernandocordoba\/files\/ngg_featured\/BARCO-SAN-FERNANDO-1-24x12.jpg 24w, https:\/\/blogsaverroes.juntadeandalucia.es\/ceipsanfernandocordoba\/files\/ngg_featured\/BARCO-SAN-FERNANDO-1-36x17.jpg 36w, https:\/\/blogsaverroes.juntadeandalucia.es\/ceipsanfernandocordoba\/files\/ngg_featured\/BARCO-SAN-FERNANDO-1-48x23.jpg 48w\" sizes=\"(max-width: 1600px) 100vw, 1600px\" \/><\/a>\n\t\t\t<\/dt><\/dl><dl class='gallery-item'>\n\t\t\t<dt class='gallery-icon portrait'>\n\t\t\t\t<a href='https:\/\/blogsaverroes.juntadeandalucia.es\/ceipsanfernandocordoba\/en-el-ceip-san-fernando-nos-lo-pasamos-pirata\/fiesta-pirata-5-2\/'><img loading=\"lazy\" decoding=\"async\" width=\"594\" height=\"1169\" src=\"https:\/\/blogsaverroes.juntadeandalucia.es\/ceipsanfernandocordoba\/files\/2019\/05\/fiesta-pirata-5-1.jpg\" class=\"attachment-full size-full\" alt=\"\" srcset=\"https:\/\/blogsaverroes.juntadeandalucia.es\/ceipsanfernandocordoba\/files\/2019\/05\/fiesta-pirata-5-1.jpg 594w, https:\/\/blogsaverroes.juntadeandalucia.es\/ceipsanfernandocordoba\/files\/2019\/05\/fiesta-pirata-5-1-152x300.jpg 152w, https:\/\/blogsaverroes.juntadeandalucia.es\/ceipsanfernandocordoba\/files\/2019\/05\/fiesta-pirata-5-1-520x1024.jpg 520w, https:\/\/blogsaverroes.juntadeandalucia.es\/ceipsanfernandocordoba\/files\/2019\/05\/fiesta-pirata-5-1-12x24.jpg 12w, https:\/\/blogsaverroes.juntadeandalucia.es\/ceipsanfernandocordoba\/files\/2019\/05\/fiesta-pirata-5-1-18x36.jpg 18w, https:\/\/blogsaverroes.juntadeandalucia.es\/ceipsanfernandocordoba\/files\/2019\/05\/fiesta-pirata-5-1-24x48.jpg 24w\" sizes=\"(max-width: 594px) 100vw, 594px\" \/><\/a>\n\t\t\t<\/dt><\/dl><dl class='gallery-item'>\n\t\t\t<dt class='gallery-icon landscape'>\n\t\t\t\t<a href='https:\/\/blogsaverroes.juntadeandalucia.es\/ceipsanfernandocordoba\/en-el-ceip-san-fernando-nos-lo-pasamos-pirata\/fiesta-pirata-2-2\/'><img loading=\"lazy\" decoding=\"async\" width=\"1435\" height=\"969\" src=\"https:\/\/blogsaverroes.juntadeandalucia.es\/ceipsanfernandocordoba\/files\/2019\/05\/fiesta-pirata-2-1.jpg\" class=\"attachment-full size-full\" alt=\"\" srcset=\"https:\/\/blogsaverroes.juntadeandalucia.es\/ceipsanfernandocordoba\/files\/2019\/05\/fiesta-pirata-2-1.jpg 1435w, https:\/\/blogsaverroes.juntadeandalucia.es\/ceipsanfernandocordoba\/files\/2019\/05\/fiesta-pirata-2-1-300x203.jpg 300w, https:\/\/blogsaverroes.juntadeandalucia.es\/ceipsanfernandocordoba\/files\/2019\/05\/fiesta-pirata-2-1-768x519.jpg 768w, https:\/\/blogsaverroes.juntadeandalucia.es\/ceipsanfernandocordoba\/files\/2019\/05\/fiesta-pirata-2-1-1024x691.jpg 1024w, https:\/\/blogsaverroes.juntadeandalucia.es\/ceipsanfernandocordoba\/files\/2019\/05\/fiesta-pirata-2-1-700x473.jpg 700w, https:\/\/blogsaverroes.juntadeandalucia.es\/ceipsanfernandocordoba\/files\/2019\/05\/fiesta-pirata-2-1-24x16.jpg 24w, https:\/\/blogsaverroes.juntadeandalucia.es\/ceipsanfernandocordoba\/files\/2019\/05\/fiesta-pirata-2-1-36x24.jpg 36w, https:\/\/blogsaverroes.juntadeandalucia.es\/ceipsanfernandocordoba\/files\/2019\/05\/fiesta-pirata-2-1-48x32.jpg 48w\" sizes=\"(max-width: 1435px) 100vw, 1435px\" \/><\/a>\n\t\t\t<\/dt><\/dl><br style=\"clear: both\" \/><dl class='gallery-item'>\n\t\t\t<dt class='gallery-icon portrait'>\n\t\t\t\t<a href='https:\/\/blogsaverroes.juntadeandalucia.es\/ceipsanfernandocordoba\/en-el-ceip-san-fernando-nos-lo-pasamos-pirata\/fiesta-pirata-7-2\/'><img loading=\"lazy\" decoding=\"async\" width=\"416\" height=\"776\" src=\"https:\/\/blogsaverroes.juntadeandalucia.es\/ceipsanfernandocordoba\/files\/2019\/05\/fiesta-pirata-7-1.jpg\" class=\"attachment-full size-full\" alt=\"\" srcset=\"https:\/\/blogsaverroes.juntadeandalucia.es\/ceipsanfernandocordoba\/files\/2019\/05\/fiesta-pirata-7-1.jpg 416w, https:\/\/blogsaverroes.juntadeandalucia.es\/ceipsanfernandocordoba\/files\/2019\/05\/fiesta-pirata-7-1-161x300.jpg 161w, https:\/\/blogsaverroes.juntadeandalucia.es\/ceipsanfernandocordoba\/files\/2019\/05\/fiesta-pirata-7-1-13x24.jpg 13w, https:\/\/blogsaverroes.juntadeandalucia.es\/ceipsanfernandocordoba\/files\/2019\/05\/fiesta-pirata-7-1-19x36.jpg 19w, https:\/\/blogsaverroes.juntadeandalucia.es\/ceipsanfernandocordoba\/files\/2019\/05\/fiesta-pirata-7-1-26x48.jpg 26w\" sizes=\"(max-width: 416px) 100vw, 416px\" \/><\/a>\n\t\t\t<\/dt><\/dl>\n\t\t\t<br style='clear: both' \/>\n\t\t<\/div>\n\n<p>Ya damos por f<span style=\"margin: 0px;font-family: 'Arial',sans-serif\"><span style=\"color: #000000\">inalizada nuestra aventura pirata. <\/span><\/span><\/p>\n<p><span style=\"margin: 0px;font-family: 'Arial',sans-serif\"><span style=\"color: #000000\">Las maestras de infantil tenemos que explicar que ha sido una experiencia fant\u00e1stica. <\/span><\/span><\/p>\n<p><span style=\"margin: 0px;font-family: 'Arial',sans-serif\"><span style=\"color: #000000\">Siempre que nos embarcamos&nbsp; en un proyecto nuevo lo hacemos con la mayor ilusi\u00f3n posible y los ni\u00f1os est\u00e1n super motivados. Pero hemos de decir que este proyecto de piratas ha sido especial. Las familias nos hab\u00e9is comentado en repetidas ocasiones que vuestros hijo\/as ve\u00edan piratas y pistas por todas partes. Incluso ha habido sospechas de que alg\u00fan pap\u00e1 era en realidad uno de ellos y no se hab\u00edan dado cuenta hasta ahora.<\/span><\/span><\/p>\n<p><span style=\"margin: 0px;font-family: 'Arial',sans-serif\"><span style=\"color: #000000\">Desde el equipo de infantil queremos agradeceros a todas las familias por vuestra colaboraci\u00f3n, entusiasmo, ilusi\u00f3n que incluso en ocasiones ibais por delante y nos hab\u00e9is llevado con la lengua fuera.<\/span><\/span><\/p>\n<p><span style=\"margin: 0px;font-family: 'Arial',sans-serif\"><span style=\"color: #000000\">Nuestro m\u00e1s sincero agradecimiento a todos y todas por las ayudas que hab\u00e9is brindado a vuestros hijos\/as para que pudieran realizar su exposici\u00f3n, los que hab\u00e9is colaborado desde casa porque trabaj\u00e1is, los que hab\u00e9is podido venir a decorar, hacer disfraces, los que se han currado este maravilloso barco y por supuesto a la que ha organizado esta divertid\u00edsima gymkana.<\/span><\/span><\/p>\n<p><span style=\"margin: 0px;font-family: 'Arial',sans-serif\"><span style=\"color: #000000\">Muchas veces, todo este tipo de actividades conllevan esfuerzos extras, nervios, corre que te corre, incluso malentendidos que me llevan a pensar \u201cesta es la \u00faltima\u201d, \u201cqui\u00e9n me manda a m\u00ed meterme en esto\u201d; pero debemos quedarnos con las caras que ten\u00edan hoy los ni\u00f1os\/as. Y no solamente hoy, sino cada vez que mencionamos la palabra \u201cpirata\u201d.<\/span><\/span><\/p>\n<p><span style=\"margin: 0px;font-family: 'Arial',sans-serif\"><span style=\"color: #000000\">Este debe ser nuestro pensamiento y motor de arranque para el siguiente. Por ello, ya s\u00f3lo queda el \u00faltimo empuj\u00f3n con la fiesta de fin de curso y despu\u00e9s unas merecidas vacaciones orgullosos de nuestra nota final: Matr\u00edcula de Honor.<\/span><\/span><\/p>\n","protected":false},"excerpt":{"rendered":"<p>Ya damos por finalizada nuestra aventura pirata. Las maestras de infantil tenemos que explicar que ha sido una experiencia fant\u00e1stica. Siempre que nos embarcamos&nbsp; en un proyecto nuevo lo hacemos con la mayor ilusi\u00f3n&#46;&#46;&#46;<\/p>\n","protected":false},"author":7542,"featured_media":2664,"comment_status":"closed","ping_status":"open","sticky":false,"template":"","format":"standard","meta":{"ngg_post_thumbnail":0,"footnotes":""},"categories":[25498],"tags":[],"aioseo_notices":[],"_links":{"self":[{"href":"https:\/\/blogsaverroes.juntadeandalucia.es\/ceipsanfernandocordoba\/wp-json\/wp\/v2\/posts\/2603"}],"collection":[{"href":"https:\/\/blogsaverroes.juntadeandalucia.es\/ceipsanfernandocordoba\/wp-json\/wp\/v2\/posts"}],"about":[{"href":"https:\/\/blogsaverroes.juntadeandalucia.es\/ceipsanfernandocordoba\/wp-json\/wp\/v2\/types\/post"}],"author":[{"embeddable":true,"href":"https:\/\/blogsaverroes.juntadeandalucia.es\/ceipsanfernandocordoba\/wp-json\/wp\/v2\/users\/7542"}],"replies":[{"embeddable":true,"href":"https:\/\/blogsaverroes.juntadeandalucia.es\/ceipsanfernandocordoba\/wp-json\/wp\/v2\/comments?post=2603"}],"version-history":[{"count":10,"href":"https:\/\/blogsaverroes.juntadeandalucia.es\/ceipsanfernandocordoba\/wp-json\/wp\/v2\/posts\/2603\/revisions"}],"predecessor-version":[{"id":2677,"href":"https:\/\/blogsaverroes.juntadeandalucia.es\/ceipsanfernandocordoba\/wp-json\/wp\/v2\/posts\/2603\/revisions\/2677"}],"wp:featuredmedia":[{"embeddable":true,"href":"https:\/\/blogsaverroes.juntadeandalucia.es\/ceipsanfernandocordoba\/wp-json\/wp\/v2\/media\/2664"}],"wp:attachment":[{"href":"https:\/\/blogsaverroes.juntadeandalucia.es\/ceipsanfernandocordoba\/wp-json\/wp\/v2\/media?parent=2603"}],"wp:term":[{"taxonomy":"category","embeddable":true,"href":"https:\/\/blogsaverroes.juntadeandalucia.es\/ceipsanfernandocordoba\/wp-json\/wp\/v2\/categories?post=2603"},{"taxonomy":"post_tag","embeddable":true,"href":"https:\/\/blogsaverroes.juntadeandalucia.es\/ceipsanfernandocordoba\/wp-json\/wp\/v2\/tags?post=2603"}],"curies":[{"name":"wp","href":"https:\/\/api.w.org\/{rel}","templated":true}]}}