{"id":2743,"date":"2019-09-04T06:11:53","date_gmt":"2019-09-04T06:11:53","guid":{"rendered":"https:\/\/blogsaverroes.juntadeandalucia.es\/ceipsanfernandocordoba\/?p=2743"},"modified":"2019-09-04T06:11:53","modified_gmt":"2019-09-04T06:11:53","slug":"comienza-el-cole","status":"publish","type":"post","link":"https:\/\/blogsaverroes.juntadeandalucia.es\/ceipsanfernandocordoba\/comienza-el-cole\/","title":{"rendered":"Comienza el \u00abcole\u00bb"},"content":{"rendered":"<p>El <span style=\"color: #3366ff\">martes<\/span>, <span style=\"color: #3366ff\">10 de septiembre<\/span>, vuelta al \u00abcole\u00bb.<\/p>\n<p>El <strong>horario<\/strong> del <span style=\"color: #000000\"><strong>primer d\u00eda<\/strong><\/span> de clase ser\u00e1:<\/p>\n<p style=\"padding-left: 40px\">&#8211; Alumnado de Primaria (1\u00ba, 2\u00ba, 3\u00ba, 4\u00ba, 5\u00ba y 6\u00ba):<\/p>\n<ul>\n<li style=\"list-style-type: none\">\n<ul>\n<li style=\"list-style-type: none\">\n<ul>\n<li>Entrada a las 11:00 horas.<\/li>\n<li>Salida a las 14:00 horas.<\/li>\n<\/ul>\n<\/li>\n<\/ul>\n<\/li>\n<\/ul>\n<p style=\"padding-left: 40px\">&#8211; Alumnado de Infantil (3, 4 y 5 a\u00f1os):<\/p>\n<ul>\n<li style=\"list-style-type: none\">\n<ul>\n<li style=\"list-style-type: none\">\n<ul>\n<li>Entrada a las 11:30 horas.<\/li>\n<li>Salida a las 14:00 horas.<\/li>\n<\/ul>\n<\/li>\n<\/ul>\n<\/li>\n<\/ul>\n<p style=\"padding-left: 40px\"><strong>Este primer<\/strong> d\u00eda tambi\u00e9n<strong> habr\u00e1 comedor<\/strong>.<\/p>\n<p>Y, como ya sab\u00e9is, a partir del mi\u00e9rcoles nuestro horario habitual de 9:00 a 14:00 horas.<\/p>\n","protected":false},"excerpt":{"rendered":"<p>El martes, 10 de septiembre, vuelta al \u00abcole\u00bb. El horario del primer d\u00eda de clase ser\u00e1: &#8211; Alumnado de Primaria (1\u00ba, 2\u00ba, 3\u00ba, 4\u00ba, 5\u00ba y 6\u00ba): Entrada a las 11:00 horas. Salida a&#46;&#46;&#46;<\/p>\n","protected":false},"author":7337,"featured_media":0,"comment_status":"closed","ping_status":"open","sticky":false,"template":"","format":"standard","meta":{"ngg_post_thumbnail":0,"footnotes":""},"categories":[996359],"tags":[],"aioseo_notices":[],"_links":{"self":[{"href":"https:\/\/blogsaverroes.juntadeandalucia.es\/ceipsanfernandocordoba\/wp-json\/wp\/v2\/posts\/2743"}],"collection":[{"href":"https:\/\/blogsaverroes.juntadeandalucia.es\/ceipsanfernandocordoba\/wp-json\/wp\/v2\/posts"}],"about":[{"href":"https:\/\/blogsaverroes.juntadeandalucia.es\/ceipsanfernandocordoba\/wp-json\/wp\/v2\/types\/post"}],"author":[{"embeddable":true,"href":"https:\/\/blogsaverroes.juntadeandalucia.es\/ceipsanfernandocordoba\/wp-json\/wp\/v2\/users\/7337"}],"replies":[{"embeddable":true,"href":"https:\/\/blogsaverroes.juntadeandalucia.es\/ceipsanfernandocordoba\/wp-json\/wp\/v2\/comments?post=2743"}],"version-history":[{"count":1,"href":"https:\/\/blogsaverroes.juntadeandalucia.es\/ceipsanfernandocordoba\/wp-json\/wp\/v2\/posts\/2743\/revisions"}],"predecessor-version":[{"id":2744,"href":"https:\/\/blogsaverroes.juntadeandalucia.es\/ceipsanfernandocordoba\/wp-json\/wp\/v2\/posts\/2743\/revisions\/2744"}],"wp:attachment":[{"href":"https:\/\/blogsaverroes.juntadeandalucia.es\/ceipsanfernandocordoba\/wp-json\/wp\/v2\/media?parent=2743"}],"wp:term":[{"taxonomy":"category","embeddable":true,"href":"https:\/\/blogsaverroes.juntadeandalucia.es\/ceipsanfernandocordoba\/wp-json\/wp\/v2\/categories?post=2743"},{"taxonomy":"post_tag","embeddable":true,"href":"https:\/\/blogsaverroes.juntadeandalucia.es\/ceipsanfernandocordoba\/wp-json\/wp\/v2\/tags?post=2743"}],"curies":[{"name":"wp","href":"https:\/\/api.w.org\/{rel}","templated":true}]}}