{"id":3226,"date":"2020-03-22T19:38:31","date_gmt":"2020-03-22T19:38:31","guid":{"rendered":"https:\/\/blogsaverroes.juntadeandalucia.es\/ceipsanfernandocordoba\/?p=3226"},"modified":"2020-03-24T09:28:31","modified_gmt":"2020-03-24T09:28:31","slug":"clase-4-anos-semana-del-23-al-27-marzo","status":"publish","type":"post","link":"https:\/\/blogsaverroes.juntadeandalucia.es\/ceipsanfernandocordoba\/clase-4-anos-semana-del-23-al-27-marzo\/","title":{"rendered":"Clase 4 a\u00f1os. Semana del 23 al 27 marzo"},"content":{"rendered":"<p>Queridas familias del aula de 4 a\u00f1os, aqu\u00ed ten\u00e9is las actividades propuestas para esta semana. No olvid\u00e9is visitar esta p\u00e1gina para ver el d\u00eda a d\u00eda.&nbsp; Gracias.<\/p>\n<p><a href=\"https:\/\/blogsaverroes.juntadeandalucia.es\/ceipsanfernandocordoba\/files\/2020\/03\/4anos_2seemam.pdf\" target=\"_blank\" rel=\"noopener noreferrer\">Propuesta de Actividades para el Lunes 23 de marzo.<\/a><\/p>\n<p><a href=\"https:\/\/blogsaverroes.juntadeandalucia.es\/ceipsanfernandocordoba\/files\/2020\/03\/Propuesta-de-Actividades-para-el-Martes-24-de-marzo.pdf\">Propuesta de Actividades para el Martes 24 de marzo<\/a><\/p>\n<p>RECURSOS<\/p>\n<p><a href=\"https:\/\/blogsaverroes.juntadeandalucia.es\/ceipsanfernandocordoba\/files\/2020\/03\/EL-LIBRO-DE-MI-NOMBRE-Parte1-4.pdf\" target=\"_blank\" rel=\"noopener noreferrer\"><img loading=\"lazy\" decoding=\"async\" class=\"alignnone wp-image-3331 size-full\" src=\"https:\/\/blogsaverroes.juntadeandalucia.es\/ceipsanfernandocordoba\/files\/2020\/03\/Sin-nombre.jpg\" alt=\"\" width=\"224\" height=\"171\" data-wp-editing=\"1\" srcset=\"https:\/\/blogsaverroes.juntadeandalucia.es\/ceipsanfernandocordoba\/files\/2020\/03\/Sin-nombre.jpg 224w, https:\/\/blogsaverroes.juntadeandalucia.es\/ceipsanfernandocordoba\/files\/2020\/03\/Sin-nombre-24x18.jpg 24w, https:\/\/blogsaverroes.juntadeandalucia.es\/ceipsanfernandocordoba\/files\/2020\/03\/Sin-nombre-36x27.jpg 36w, https:\/\/blogsaverroes.juntadeandalucia.es\/ceipsanfernandocordoba\/files\/2020\/03\/Sin-nombre-48x37.jpg 48w\" sizes=\"(max-width: 224px) 100vw, 224px\" \/> &nbsp;&nbsp;&nbsp; Parte 1 <\/a><\/p>\n<p><a href=\"https:\/\/blogsaverroes.juntadeandalucia.es\/ceipsanfernandocordoba\/files\/2020\/03\/EL-LIBRO-DE-MI-NOMBRE-Parte2-1.pdf\" target=\"_blank\" rel=\"noopener noreferrer\"><img loading=\"lazy\" decoding=\"async\" class=\"alignnone wp-image-3331 size-full\" src=\"https:\/\/blogsaverroes.juntadeandalucia.es\/ceipsanfernandocordoba\/files\/2020\/03\/Sin-nombre.jpg\" alt=\"\" width=\"224\" height=\"171\" srcset=\"https:\/\/blogsaverroes.juntadeandalucia.es\/ceipsanfernandocordoba\/files\/2020\/03\/Sin-nombre.jpg 224w, https:\/\/blogsaverroes.juntadeandalucia.es\/ceipsanfernandocordoba\/files\/2020\/03\/Sin-nombre-24x18.jpg 24w, https:\/\/blogsaverroes.juntadeandalucia.es\/ceipsanfernandocordoba\/files\/2020\/03\/Sin-nombre-36x27.jpg 36w, https:\/\/blogsaverroes.juntadeandalucia.es\/ceipsanfernandocordoba\/files\/2020\/03\/Sin-nombre-48x37.jpg 48w\" sizes=\"(max-width: 224px) 100vw, 224px\" \/> &nbsp;&nbsp;&nbsp; Parte 2 <\/a><\/p>\n<p><a href=\"https:\/\/blogsaverroes.juntadeandalucia.es\/ceipsanfernandocordoba\/files\/2020\/03\/EL-LIBRO-DE-MI-NOMBRE-Parte3.pdf\" target=\"_blank\" rel=\"noopener noreferrer\"><img loading=\"lazy\" decoding=\"async\" class=\"alignnone wp-image-3331 size-full\" src=\"https:\/\/blogsaverroes.juntadeandalucia.es\/ceipsanfernandocordoba\/files\/2020\/03\/Sin-nombre.jpg\" alt=\"\" width=\"224\" height=\"171\" srcset=\"https:\/\/blogsaverroes.juntadeandalucia.es\/ceipsanfernandocordoba\/files\/2020\/03\/Sin-nombre.jpg 224w, https:\/\/blogsaverroes.juntadeandalucia.es\/ceipsanfernandocordoba\/files\/2020\/03\/Sin-nombre-24x18.jpg 24w, https:\/\/blogsaverroes.juntadeandalucia.es\/ceipsanfernandocordoba\/files\/2020\/03\/Sin-nombre-36x27.jpg 36w, https:\/\/blogsaverroes.juntadeandalucia.es\/ceipsanfernandocordoba\/files\/2020\/03\/Sin-nombre-48x37.jpg 48w\" sizes=\"(max-width: 224px) 100vw, 224px\" \/> &nbsp;&nbsp;&nbsp; Parte 3 <\/a><\/p>\n<p><a href=\"https:\/\/blogsaverroes.juntadeandalucia.es\/ceipsanfernandocordoba\/files\/2020\/03\/EL-LIBRO-DE-MI-NOMBRE-Parte4-3.pdf\" target=\"_blank\" rel=\"noopener noreferrer\"><img loading=\"lazy\" decoding=\"async\" class=\"alignnone wp-image-3331 size-full\" src=\"https:\/\/blogsaverroes.juntadeandalucia.es\/ceipsanfernandocordoba\/files\/2020\/03\/Sin-nombre.jpg\" alt=\"\" width=\"224\" height=\"171\" srcset=\"https:\/\/blogsaverroes.juntadeandalucia.es\/ceipsanfernandocordoba\/files\/2020\/03\/Sin-nombre.jpg 224w, https:\/\/blogsaverroes.juntadeandalucia.es\/ceipsanfernandocordoba\/files\/2020\/03\/Sin-nombre-24x18.jpg 24w, https:\/\/blogsaverroes.juntadeandalucia.es\/ceipsanfernandocordoba\/files\/2020\/03\/Sin-nombre-36x27.jpg 36w, https:\/\/blogsaverroes.juntadeandalucia.es\/ceipsanfernandocordoba\/files\/2020\/03\/Sin-nombre-48x37.jpg 48w\" sizes=\"(max-width: 224px) 100vw, 224px\" \/> &nbsp;&nbsp;&nbsp; Parte 4 <\/a><\/p>\n<p>&nbsp;<\/p>\n<p><a href=\"https:\/\/blogsaverroes.juntadeandalucia.es\/ceipsanfernandocordoba\/files\/2020\/03\/INGL\u00c9S-4-A\u00d1OS.pdf\">INGL\u00c9S 4 A\u00d1OS<\/a><\/p>\n<p><span style=\"color: #ff0000\">RECOMENDAMOS<\/span><\/p>\n<p><a href=\"https:\/\/blogsaverroes.juntadeandalucia.es\/ceipsanfernandocordoba\/horarios-aprendemos-en-casa-en-rtve\/\" target=\"_blank\" rel=\"noopener noreferrer\"><img loading=\"lazy\" decoding=\"async\" class=\"alignleft wp-image-3341 size-medium\" src=\"https:\/\/blogsaverroes.juntadeandalucia.es\/ceipsanfernandocordoba\/files\/2020\/03\/aprendemosnecasa-1-300x151.jpg\" alt=\"\" width=\"300\" height=\"151\" srcset=\"https:\/\/blogsaverroes.juntadeandalucia.es\/ceipsanfernandocordoba\/files\/2020\/03\/aprendemosnecasa-1-300x151.jpg 300w, https:\/\/blogsaverroes.juntadeandalucia.es\/ceipsanfernandocordoba\/files\/2020\/03\/aprendemosnecasa-1-24x12.jpg 24w, https:\/\/blogsaverroes.juntadeandalucia.es\/ceipsanfernandocordoba\/files\/2020\/03\/aprendemosnecasa-1-36x18.jpg 36w, https:\/\/blogsaverroes.juntadeandalucia.es\/ceipsanfernandocordoba\/files\/2020\/03\/aprendemosnecasa-1-48x24.jpg 48w, https:\/\/blogsaverroes.juntadeandalucia.es\/ceipsanfernandocordoba\/files\/2020\/03\/aprendemosnecasa-1.jpg 564w\" sizes=\"(max-width: 300px) 100vw, 300px\" \/><\/a><\/p>\n<p><a href=\"https:\/\/sites.google.com\/colesanfernando.es\/recursos\/p%C3%A1gina-principal\" target=\"_blank\" rel=\"noopener noreferrer\"><img loading=\"lazy\" decoding=\"async\" class=\"alignleft wp-image-3316\" src=\"https:\/\/blogsaverroes.juntadeandalucia.es\/ceipsanfernandocordoba\/files\/2020\/03\/Micoleencasa2-300x169.jpg\" alt=\"\" width=\"268\" height=\"151\"><\/a> &nbsp;<\/p>\n","protected":false},"excerpt":{"rendered":"<p>Queridas familias del aula de 4 a\u00f1os, aqu\u00ed ten\u00e9is las actividades propuestas para esta semana. No olvid\u00e9is visitar esta p\u00e1gina para ver el d\u00eda a d\u00eda.&nbsp; Gracias. Propuesta de Actividades para el Lunes 23&#46;&#46;&#46;<\/p>\n","protected":false},"author":7542,"featured_media":0,"comment_status":"closed","ping_status":"open","sticky":false,"template":"","format":"standard","meta":{"ngg_post_thumbnail":0,"footnotes":""},"categories":[1898544],"tags":[],"aioseo_notices":[],"_links":{"self":[{"href":"https:\/\/blogsaverroes.juntadeandalucia.es\/ceipsanfernandocordoba\/wp-json\/wp\/v2\/posts\/3226"}],"collection":[{"href":"https:\/\/blogsaverroes.juntadeandalucia.es\/ceipsanfernandocordoba\/wp-json\/wp\/v2\/posts"}],"about":[{"href":"https:\/\/blogsaverroes.juntadeandalucia.es\/ceipsanfernandocordoba\/wp-json\/wp\/v2\/types\/post"}],"author":[{"embeddable":true,"href":"https:\/\/blogsaverroes.juntadeandalucia.es\/ceipsanfernandocordoba\/wp-json\/wp\/v2\/users\/7542"}],"replies":[{"embeddable":true,"href":"https:\/\/blogsaverroes.juntadeandalucia.es\/ceipsanfernandocordoba\/wp-json\/wp\/v2\/comments?post=3226"}],"version-history":[{"count":10,"href":"https:\/\/blogsaverroes.juntadeandalucia.es\/ceipsanfernandocordoba\/wp-json\/wp\/v2\/posts\/3226\/revisions"}],"predecessor-version":[{"id":3324,"href":"https:\/\/blogsaverroes.juntadeandalucia.es\/ceipsanfernandocordoba\/wp-json\/wp\/v2\/posts\/3226\/revisions\/3324"}],"wp:attachment":[{"href":"https:\/\/blogsaverroes.juntadeandalucia.es\/ceipsanfernandocordoba\/wp-json\/wp\/v2\/media?parent=3226"}],"wp:term":[{"taxonomy":"category","embeddable":true,"href":"https:\/\/blogsaverroes.juntadeandalucia.es\/ceipsanfernandocordoba\/wp-json\/wp\/v2\/categories?post=3226"},{"taxonomy":"post_tag","embeddable":true,"href":"https:\/\/blogsaverroes.juntadeandalucia.es\/ceipsanfernandocordoba\/wp-json\/wp\/v2\/tags?post=3226"}],"curies":[{"name":"wp","href":"https:\/\/api.w.org\/{rel}","templated":true}]}}