{"id":3400,"date":"2020-03-29T16:57:53","date_gmt":"2020-03-29T16:57:53","guid":{"rendered":"https:\/\/blogsaverroes.juntadeandalucia.es\/ceipsanfernandocordoba\/?p=3400"},"modified":"2020-03-29T17:43:37","modified_gmt":"2020-03-29T17:43:37","slug":"clase-4o-semana-del-30-de-marzo-al-3-de-abril","status":"publish","type":"post","link":"https:\/\/blogsaverroes.juntadeandalucia.es\/ceipsanfernandocordoba\/clase-4o-semana-del-30-de-marzo-al-3-de-abril\/","title":{"rendered":"Clase 4\u00ba semana del 30 de marzo al 3 de abril"},"content":{"rendered":"<p><img loading=\"lazy\" decoding=\"async\" class=\"size-medium wp-image-3625 alignleft\" src=\"https:\/\/blogsaverroes.juntadeandalucia.es\/ceipsanfernandocordoba\/files\/2020\/03\/4Cuarto-200x300.png\" alt=\"\" width=\"200\" height=\"300\" srcset=\"https:\/\/blogsaverroes.juntadeandalucia.es\/ceipsanfernandocordoba\/files\/2020\/03\/4Cuarto-200x300.png 200w, https:\/\/blogsaverroes.juntadeandalucia.es\/ceipsanfernandocordoba\/files\/2020\/03\/4Cuarto-16x24.png 16w, https:\/\/blogsaverroes.juntadeandalucia.es\/ceipsanfernandocordoba\/files\/2020\/03\/4Cuarto-24x36.png 24w, https:\/\/blogsaverroes.juntadeandalucia.es\/ceipsanfernandocordoba\/files\/2020\/03\/4Cuarto-32x48.png 32w, https:\/\/blogsaverroes.juntadeandalucia.es\/ceipsanfernandocordoba\/files\/2020\/03\/4Cuarto.png 250w\" sizes=\"(max-width: 200px) 100vw, 200px\" \/><\/p>\n<p><img loading=\"lazy\" decoding=\"async\" class=\"size-medium wp-image-3674 alignnone\" src=\"https:\/\/blogsaverroes.juntadeandalucia.es\/ceipsanfernandocordoba\/files\/2020\/03\/VideoConferencia-300x101.png\" alt=\"\" width=\"300\" height=\"101\" srcset=\"https:\/\/blogsaverroes.juntadeandalucia.es\/ceipsanfernandocordoba\/files\/2020\/03\/VideoConferencia-300x101.png 300w, https:\/\/blogsaverroes.juntadeandalucia.es\/ceipsanfernandocordoba\/files\/2020\/03\/VideoConferencia-24x8.png 24w, https:\/\/blogsaverroes.juntadeandalucia.es\/ceipsanfernandocordoba\/files\/2020\/03\/VideoConferencia-36x12.png 36w, https:\/\/blogsaverroes.juntadeandalucia.es\/ceipsanfernandocordoba\/files\/2020\/03\/VideoConferencia-48x16.png 48w, https:\/\/blogsaverroes.juntadeandalucia.es\/ceipsanfernandocordoba\/files\/2020\/03\/VideoConferencia.png 340w\" sizes=\"(max-width: 300px) 100vw, 300px\" \/><\/p>\n<p>Probamos la \u201cMOODLE\u201d, herramienta que la Consejer\u00eda de Educaci\u00f3n y Deporte ha puesto a disposici\u00f3n del colegio.<\/p>\n<p>A trav\u00e9s de esta, queremos valorar la utilidad de las <strong>videoconferencias <\/strong>que nos permite hacer <strong>con ni\u00f1@s de cada clase<\/strong>. El funcionamiento de Moodle es algo muy f\u00e1cil que no supone m\u00e1s que disponer de un dispositivo con el que conectarnos (ordenador, tablet, m\u00f3vil), sin necesidad de descargar ninguna aplicaci\u00f3n. Solo pinchar en el enlace o escribirlo en el navegador que uses, enlace, que cada tutor\/a os pasar\u00e1 por el medio que viene siendo habitual. <strong>\u00a1Ya ver\u00e9is lo f\u00e1cil qu\u00e9 es!<\/strong><\/p>\n<p><strong>Con\u00e9ctate <\/strong>de lunes a jueves, en horario de<strong> 10:00 a 11:00<\/strong> horas. \u00a1No importa que llegues tarde!<\/p>\n<p><a href=\"https:\/\/blogsaverroes.juntadeandalucia.es\/ceipsanfernandocordoba\/files\/2020\/03\/Semana-del-30-de-marzo-al-3-de-abril.pdf\" target=\"_blank\" rel=\"noopener noreferrer\"><img loading=\"lazy\" decoding=\"async\" class=\"alignnone size-medium wp-image-3431\" src=\"https:\/\/blogsaverroes.juntadeandalucia.es\/ceipsanfernandocordoba\/files\/2020\/03\/HORARIOSemanal-300x77.png\" alt=\"\" width=\"300\" height=\"77\" srcset=\"https:\/\/blogsaverroes.juntadeandalucia.es\/ceipsanfernandocordoba\/files\/2020\/03\/HORARIOSemanal.png 300w, https:\/\/blogsaverroes.juntadeandalucia.es\/ceipsanfernandocordoba\/files\/2020\/03\/HORARIOSemanal-24x6.png 24w, https:\/\/blogsaverroes.juntadeandalucia.es\/ceipsanfernandocordoba\/files\/2020\/03\/HORARIOSemanal-36x9.png 36w, https:\/\/blogsaverroes.juntadeandalucia.es\/ceipsanfernandocordoba\/files\/2020\/03\/HORARIOSemanal-48x12.png 48w\" sizes=\"(max-width: 300px) 100vw, 300px\" \/><\/a><\/p>\n<p><a href=\"https:\/\/blogsaverroes.juntadeandalucia.es\/ceipsanfernandocordoba\/files\/2020\/03\/lengua-ficha-16.pdf\">LENGUA FICHA 16 <\/a><\/p>\n<p><a href=\"https:\/\/blogsaverroes.juntadeandalucia.es\/ceipsanfernandocordoba\/files\/2020\/03\/lengua-ficha-17.pdf\">LENGUA FICHA 17<\/a><\/p>\n<p><a href=\"https:\/\/blogsaverroes.juntadeandalucia.es\/ceipsanfernandocordoba\/files\/2020\/03\/mates-6.pdf\">MATEM\u00c1TICAS FICHA 6<\/a><\/p>\n<p><a href=\"https:\/\/blogsaverroes.juntadeandalucia.es\/ceipsanfernandocordoba\/files\/2020\/03\/mates-7.pdf\">MATEM\u00c1TICAS FICHA 7<\/a><\/p>\n<p><a href=\"https:\/\/blogsaverroes.juntadeandalucia.es\/ceipsanfernandocordoba\/files\/2020\/03\/lengua-ficha-20.pdf\">LENGUA FICHA 20<\/a><\/p>\n<p><a href=\"https:\/\/blogsaverroes.juntadeandalucia.es\/ceipsanfernandocordoba\/files\/2020\/03\/lengua-ficha-21.pdf\">LENGUA FICHA 21<\/a><\/p>\n<p><a href=\"https:\/\/blogsaverroes.juntadeandalucia.es\/ceipsanfernandocordoba\/files\/2020\/03\/mates-8.pdf\">MATEM\u00c1TICAS FICHA 8<\/a><\/p>\n<p><a href=\"https:\/\/blogsaverroes.juntadeandalucia.es\/ceipsanfernandocordoba\/files\/2020\/03\/mates-9.pdf\">MATEM\u00c1TICAS FICHA 9<\/a><\/p>\n<p><a href=\"https:\/\/blogsaverroes.juntadeandalucia.es\/ceipsanfernandocordoba\/files\/2020\/03\/Mapa-Espa\u00f1a.pdf\">SOCIALES MAPA DE ESPA\u00d1A<\/a><\/p>\n<p><a href=\"https:\/\/blogsaverroes.juntadeandalucia.es\/ceipsanfernandocordoba\/files\/2020\/03\/lengua-ficha-22.pdf\">LENGUA FICHA 22<\/a><\/p>\n<p><a href=\"https:\/\/blogsaverroes.juntadeandalucia.es\/ceipsanfernandocordoba\/files\/2020\/03\/lengua-ficha-23.pdf\">LENGUA FICHA 23<\/a><\/p>\n<p><a href=\"https:\/\/blogsaverroes.juntadeandalucia.es\/ceipsanfernandocordoba\/files\/2020\/03\/mates-10.pdf\">MATEM\u00c1TICAS FICHA 10<\/a><\/p>\n<h3><strong><span style=\"color: #008000\">FRANC\u00c9S<\/span><\/strong><\/h3>\n<p><a href=\"https:\/\/blogsaverroes.juntadeandalucia.es\/ceipsanfernandocordoba\/files\/2020\/03\/3\u00aa-SESI\u00d3N.pdf\">3\u00aa SESI\u00d3N<\/a><\/p>\n<p><a href=\"https:\/\/blogsaverroes.juntadeandalucia.es\/ceipsanfernandocordoba\/files\/2020\/03\/imagen.png\"><img loading=\"lazy\" decoding=\"async\" class=\"alignnone size-medium wp-image-3461\" src=\"https:\/\/blogsaverroes.juntadeandalucia.es\/ceipsanfernandocordoba\/files\/2020\/03\/imagen-300x151.png\" alt=\"\" width=\"300\" height=\"151\" srcset=\"https:\/\/blogsaverroes.juntadeandalucia.es\/ceipsanfernandocordoba\/files\/2020\/03\/imagen-300x151.png 300w, https:\/\/blogsaverroes.juntadeandalucia.es\/ceipsanfernandocordoba\/files\/2020\/03\/imagen-768x386.png 768w, https:\/\/blogsaverroes.juntadeandalucia.es\/ceipsanfernandocordoba\/files\/2020\/03\/imagen-1024x515.png 1024w, https:\/\/blogsaverroes.juntadeandalucia.es\/ceipsanfernandocordoba\/files\/2020\/03\/imagen-700x352.png 700w, https:\/\/blogsaverroes.juntadeandalucia.es\/ceipsanfernandocordoba\/files\/2020\/03\/imagen-24x12.png 24w, https:\/\/blogsaverroes.juntadeandalucia.es\/ceipsanfernandocordoba\/files\/2020\/03\/imagen-36x18.png 36w, https:\/\/blogsaverroes.juntadeandalucia.es\/ceipsanfernandocordoba\/files\/2020\/03\/imagen-48x24.png 48w, https:\/\/blogsaverroes.juntadeandalucia.es\/ceipsanfernandocordoba\/files\/2020\/03\/imagen.png 1600w\" sizes=\"(max-width: 300px) 100vw, 300px\" \/><\/a><\/p>\n<p><a href=\"https:\/\/blogsaverroes.juntadeandalucia.es\/ceipsanfernandocordoba\/files\/2020\/03\/ficha-pag-121.pdf\">ficha pag 121<\/a><\/p>\n<p>AUDIO<\/p>\n<!--[if lt IE 9]><script>document.createElement('audio');<\/script><![endif]-->\n<audio class=\"wp-audio-shortcode\" id=\"audio-3400-1\" preload=\"none\" style=\"width: 100%;\" controls=\"controls\"><source type=\"audio\/mpeg\" src=\"https:\/\/blogsaverroes.juntadeandalucia.es\/ceipsanfernandocordoba\/files\/2020\/03\/audio-P23_LE_U3_p25_act3a.mp3?_=1\" \/><a href=\"https:\/\/blogsaverroes.juntadeandalucia.es\/ceipsanfernandocordoba\/files\/2020\/03\/audio-P23_LE_U3_p25_act3a.mp3\">https:\/\/blogsaverroes.juntadeandalucia.es\/ceipsanfernandocordoba\/files\/2020\/03\/audio-P23_LE_U3_p25_act3a.mp3<\/a><\/audio>\n<h3><strong><span style=\"color: #339966\">INGL\u00c9S<\/span><\/strong><\/h3>\n<p><img loading=\"lazy\" decoding=\"async\" class=\"size-full wp-image-3495 alignleft\" src=\"https:\/\/blogsaverroes.juntadeandalucia.es\/ceipsanfernandocordoba\/files\/2020\/03\/InglesActividad.png\" alt=\"\" width=\"100\" height=\"55\" srcset=\"https:\/\/blogsaverroes.juntadeandalucia.es\/ceipsanfernandocordoba\/files\/2020\/03\/InglesActividad.png 100w, https:\/\/blogsaverroes.juntadeandalucia.es\/ceipsanfernandocordoba\/files\/2020\/03\/InglesActividad-24x13.png 24w, https:\/\/blogsaverroes.juntadeandalucia.es\/ceipsanfernandocordoba\/files\/2020\/03\/InglesActividad-36x20.png 36w, https:\/\/blogsaverroes.juntadeandalucia.es\/ceipsanfernandocordoba\/files\/2020\/03\/InglesActividad-48x26.png 48w\" sizes=\"(max-width: 100px) 100vw, 100px\" \/><\/p>\n<p style=\"text-align: justify\">Descarga la App \u201cGrabadora de voz avanzada\u201d de la Play Store de Android u otra aplicaci\u00f3n semejante. Graba con tu voz el texto de tu libro de la p\u00e1gina 5. Env\u00eda dicho audio, as\u00ed como su copiado y traducci\u00f3n. Para ayudarte con el texto, te mando tambi\u00e9n su audio.<\/p>\n<p><img loading=\"lazy\" decoding=\"async\" class=\"size-full wp-image-3489 alignleft\" src=\"https:\/\/blogsaverroes.juntadeandalucia.es\/ceipsanfernandocordoba\/files\/2020\/03\/InglesAudio-1.png\" alt=\"\" width=\"100\" height=\"55\" srcset=\"https:\/\/blogsaverroes.juntadeandalucia.es\/ceipsanfernandocordoba\/files\/2020\/03\/InglesAudio-1.png 100w, https:\/\/blogsaverroes.juntadeandalucia.es\/ceipsanfernandocordoba\/files\/2020\/03\/InglesAudio-1-24x13.png 24w, https:\/\/blogsaverroes.juntadeandalucia.es\/ceipsanfernandocordoba\/files\/2020\/03\/InglesAudio-1-36x20.png 36w, https:\/\/blogsaverroes.juntadeandalucia.es\/ceipsanfernandocordoba\/files\/2020\/03\/InglesAudio-1-48x26.png 48w\" sizes=\"(max-width: 100px) 100vw, 100px\" \/><\/p>\n<audio class=\"wp-audio-shortcode\" id=\"audio-3400-2\" preload=\"none\" style=\"width: 100%;\" controls=\"controls\"><source type=\"audio\/mpeg\" src=\"https:\/\/blogsaverroes.juntadeandalucia.es\/ceipsanfernandocordoba\/files\/2020\/03\/AUDIO-INGL\u00c9S-4\u00ba.mp3?_=2\" \/><a href=\"https:\/\/blogsaverroes.juntadeandalucia.es\/ceipsanfernandocordoba\/files\/2020\/03\/AUDIO-INGL\u00c9S-4\u00ba.mp3\">https:\/\/blogsaverroes.juntadeandalucia.es\/ceipsanfernandocordoba\/files\/2020\/03\/AUDIO-INGL\u00c9S-4\u00ba.mp3<\/a><\/audio>\n<h3><strong><span style=\"color: #ff0000\">RECOMENDAMOS<\/span><\/strong><\/h3>\n<p><a href=\"https:\/\/sites.google.com\/colesanfernando.es\/recursos\/p%C3%A1gina-principal\" target=\"_blank\" rel=\"noopener noreferrer\"><img loading=\"lazy\" decoding=\"async\" class=\"alignnone size-medium wp-image-3651\" src=\"https:\/\/blogsaverroes.juntadeandalucia.es\/ceipsanfernandocordoba\/files\/2020\/03\/RecursosPc2-300x104.png\" alt=\"\" width=\"300\" height=\"104\" srcset=\"https:\/\/blogsaverroes.juntadeandalucia.es\/ceipsanfernandocordoba\/files\/2020\/03\/RecursosPc2-300x104.png 300w, https:\/\/blogsaverroes.juntadeandalucia.es\/ceipsanfernandocordoba\/files\/2020\/03\/RecursosPc2-24x8.png 24w, https:\/\/blogsaverroes.juntadeandalucia.es\/ceipsanfernandocordoba\/files\/2020\/03\/RecursosPc2-36x13.png 36w, https:\/\/blogsaverroes.juntadeandalucia.es\/ceipsanfernandocordoba\/files\/2020\/03\/RecursosPc2-48x17.png 48w, https:\/\/blogsaverroes.juntadeandalucia.es\/ceipsanfernandocordoba\/files\/2020\/03\/RecursosPc2.png 322w\" sizes=\"(max-width: 300px) 100vw, 300px\" \/><\/a><\/p>\n","protected":false},"excerpt":{"rendered":"<p>Probamos la \u201cMOODLE\u201d, herramienta que la Consejer\u00eda de Educaci\u00f3n y Deporte ha puesto a disposici\u00f3n del colegio. A trav\u00e9s de esta, queremos valorar la utilidad de las videoconferencias que nos permite hacer con ni\u00f1@s&#46;&#46;&#46;<\/p>\n","protected":false},"author":6889,"featured_media":3625,"comment_status":"closed","ping_status":"open","sticky":false,"template":"","format":"standard","meta":{"ngg_post_thumbnail":0,"footnotes":""},"categories":[1898549],"tags":[],"aioseo_notices":[],"_links":{"self":[{"href":"https:\/\/blogsaverroes.juntadeandalucia.es\/ceipsanfernandocordoba\/wp-json\/wp\/v2\/posts\/3400"}],"collection":[{"href":"https:\/\/blogsaverroes.juntadeandalucia.es\/ceipsanfernandocordoba\/wp-json\/wp\/v2\/posts"}],"about":[{"href":"https:\/\/blogsaverroes.juntadeandalucia.es\/ceipsanfernandocordoba\/wp-json\/wp\/v2\/types\/post"}],"author":[{"embeddable":true,"href":"https:\/\/blogsaverroes.juntadeandalucia.es\/ceipsanfernandocordoba\/wp-json\/wp\/v2\/users\/6889"}],"replies":[{"embeddable":true,"href":"https:\/\/blogsaverroes.juntadeandalucia.es\/ceipsanfernandocordoba\/wp-json\/wp\/v2\/comments?post=3400"}],"version-history":[{"count":13,"href":"https:\/\/blogsaverroes.juntadeandalucia.es\/ceipsanfernandocordoba\/wp-json\/wp\/v2\/posts\/3400\/revisions"}],"predecessor-version":[{"id":3679,"href":"https:\/\/blogsaverroes.juntadeandalucia.es\/ceipsanfernandocordoba\/wp-json\/wp\/v2\/posts\/3400\/revisions\/3679"}],"wp:featuredmedia":[{"embeddable":true,"href":"https:\/\/blogsaverroes.juntadeandalucia.es\/ceipsanfernandocordoba\/wp-json\/wp\/v2\/media\/3625"}],"wp:attachment":[{"href":"https:\/\/blogsaverroes.juntadeandalucia.es\/ceipsanfernandocordoba\/wp-json\/wp\/v2\/media?parent=3400"}],"wp:term":[{"taxonomy":"category","embeddable":true,"href":"https:\/\/blogsaverroes.juntadeandalucia.es\/ceipsanfernandocordoba\/wp-json\/wp\/v2\/categories?post=3400"},{"taxonomy":"post_tag","embeddable":true,"href":"https:\/\/blogsaverroes.juntadeandalucia.es\/ceipsanfernandocordoba\/wp-json\/wp\/v2\/tags?post=3400"}],"curies":[{"name":"wp","href":"https:\/\/api.w.org\/{rel}","templated":true}]}}