{"id":3528,"date":"2020-03-29T17:14:08","date_gmt":"2020-03-29T17:14:08","guid":{"rendered":"https:\/\/blogsaverroes.juntadeandalucia.es\/ceipsanfernandocordoba\/?p=3528"},"modified":"2020-03-29T18:58:00","modified_gmt":"2020-03-29T18:58:00","slug":"clase-2o-semana-del-30-de-marzo-al-3-de-abril","status":"publish","type":"post","link":"https:\/\/blogsaverroes.juntadeandalucia.es\/ceipsanfernandocordoba\/clase-2o-semana-del-30-de-marzo-al-3-de-abril\/","title":{"rendered":"Clase 2\u00ba semana del 30 de marzo al 3 de abril"},"content":{"rendered":"<h3><img loading=\"lazy\" decoding=\"async\" class=\"size-medium wp-image-3638 alignleft\" src=\"https:\/\/blogsaverroes.juntadeandalucia.es\/ceipsanfernandocordoba\/files\/2020\/03\/2segundo-1-200x300.png\" alt=\"\" width=\"200\" height=\"300\" srcset=\"https:\/\/blogsaverroes.juntadeandalucia.es\/ceipsanfernandocordoba\/files\/2020\/03\/2segundo-1-200x300.png 200w, https:\/\/blogsaverroes.juntadeandalucia.es\/ceipsanfernandocordoba\/files\/2020\/03\/2segundo-1-16x24.png 16w, https:\/\/blogsaverroes.juntadeandalucia.es\/ceipsanfernandocordoba\/files\/2020\/03\/2segundo-1-24x36.png 24w, https:\/\/blogsaverroes.juntadeandalucia.es\/ceipsanfernandocordoba\/files\/2020\/03\/2segundo-1-32x48.png 32w, https:\/\/blogsaverroes.juntadeandalucia.es\/ceipsanfernandocordoba\/files\/2020\/03\/2segundo-1.png 250w\" sizes=\"(max-width: 200px) 100vw, 200px\" \/><\/h3>\n<p><img loading=\"lazy\" decoding=\"async\" class=\"size-medium wp-image-3674 alignnone\" src=\"https:\/\/blogsaverroes.juntadeandalucia.es\/ceipsanfernandocordoba\/files\/2020\/03\/VideoConferencia-300x101.png\" alt=\"\" width=\"300\" height=\"101\" srcset=\"https:\/\/blogsaverroes.juntadeandalucia.es\/ceipsanfernandocordoba\/files\/2020\/03\/VideoConferencia-300x101.png 300w, https:\/\/blogsaverroes.juntadeandalucia.es\/ceipsanfernandocordoba\/files\/2020\/03\/VideoConferencia-24x8.png 24w, https:\/\/blogsaverroes.juntadeandalucia.es\/ceipsanfernandocordoba\/files\/2020\/03\/VideoConferencia-36x12.png 36w, https:\/\/blogsaverroes.juntadeandalucia.es\/ceipsanfernandocordoba\/files\/2020\/03\/VideoConferencia-48x16.png 48w, https:\/\/blogsaverroes.juntadeandalucia.es\/ceipsanfernandocordoba\/files\/2020\/03\/VideoConferencia.png 340w\" sizes=\"(max-width: 300px) 100vw, 300px\" \/><\/p>\n<p>Probamos la \u201cMOODLE\u201d, herramienta que la Consejer\u00eda de Educaci\u00f3n y Deporte ha puesto a disposici\u00f3n del colegio.<\/p>\n<p>A trav\u00e9s de esta, queremos valorar la utilidad de las <strong>videoconferencias <\/strong>que nos permite hacer <strong>con ni\u00f1@s de cada clase<\/strong>. El funcionamiento de Moodle es algo muy f\u00e1cil que no supone m\u00e1s que disponer de un dispositivo con el que conectarnos (ordenador, tablet, m\u00f3vil), sin necesidad de descargar ninguna aplicaci\u00f3n. Solo pinchar en el enlace o escribirlo en el navegador que uses, enlace, que cada tutor\/a os pasar\u00e1 por el medio que viene siendo habitual. <strong>\u00a1Ya ver\u00e9is lo f\u00e1cil qu\u00e9 es!<\/strong><\/p>\n<p><strong>Con\u00e9ctate <\/strong>de lunes a jueves, en horario de<strong> 11:00 a 12:00<\/strong> horas. \u00a1No importa que llegues tarde!<\/p>\n<h3><a href=\"https:\/\/blogsaverroes.juntadeandalucia.es\/ceipsanfernandocordoba\/files\/2020\/03\/HORARIO-asignaturas-30-a-3-Abril.pdf\" target=\"_blank\" rel=\"noopener noreferrer\"><img loading=\"lazy\" decoding=\"async\" class=\"alignnone size-medium wp-image-3554\" src=\"https:\/\/blogsaverroes.juntadeandalucia.es\/ceipsanfernandocordoba\/files\/2020\/03\/HORARIOSemanal2-300x77.png\" alt=\"\" width=\"300\" height=\"77\" srcset=\"https:\/\/blogsaverroes.juntadeandalucia.es\/ceipsanfernandocordoba\/files\/2020\/03\/HORARIOSemanal2.png 300w, https:\/\/blogsaverroes.juntadeandalucia.es\/ceipsanfernandocordoba\/files\/2020\/03\/HORARIOSemanal2-24x6.png 24w, https:\/\/blogsaverroes.juntadeandalucia.es\/ceipsanfernandocordoba\/files\/2020\/03\/HORARIOSemanal2-36x9.png 36w, https:\/\/blogsaverroes.juntadeandalucia.es\/ceipsanfernandocordoba\/files\/2020\/03\/HORARIOSemanal2-48x12.png 48w\" sizes=\"(max-width: 300px) 100vw, 300px\" \/><\/a><\/h3>\n<h3>&nbsp;<\/h3>\n<h3>Recursos de Lengua<\/h3>\n<p><a href=\"https:\/\/blogsaverroes.juntadeandalucia.es\/ceipsanfernandocordoba\/files\/2020\/03\/LA-TORRE-DE-PISA.pdf\" target=\"_blank\" rel=\"noopener noreferrer\"><img loading=\"lazy\" decoding=\"async\" class=\"size-full wp-image-3545 alignleft\" src=\"https:\/\/blogsaverroes.juntadeandalucia.es\/ceipsanfernandocordoba\/files\/2020\/03\/LenguaFicha.png\" alt=\"\" width=\"136\" height=\"55\" srcset=\"https:\/\/blogsaverroes.juntadeandalucia.es\/ceipsanfernandocordoba\/files\/2020\/03\/LenguaFicha.png 136w, https:\/\/blogsaverroes.juntadeandalucia.es\/ceipsanfernandocordoba\/files\/2020\/03\/LenguaFicha-24x10.png 24w, https:\/\/blogsaverroes.juntadeandalucia.es\/ceipsanfernandocordoba\/files\/2020\/03\/LenguaFicha-36x15.png 36w, https:\/\/blogsaverroes.juntadeandalucia.es\/ceipsanfernandocordoba\/files\/2020\/03\/LenguaFicha-48x19.png 48w\" sizes=\"(max-width: 136px) 100vw, 136px\" \/><\/a><a href=\"https:\/\/blogsaverroes.juntadeandalucia.es\/ceipsanfernandocordoba\/files\/2020\/03\/LA-TORRE-DE-PISA.pdf\" target=\"_blank\" rel=\"noopener noreferrer\">La torre de Pisa.<\/a><\/p>\n<p>&nbsp;<\/p>\n<p><a href=\"https:\/\/blogsaverroes.juntadeandalucia.es\/ceipsanfernandocordoba\/files\/2020\/03\/Actividades-La-Torre-de-Pisa.pdf\" target=\"_blank\" rel=\"noopener noreferrer\"><img loading=\"lazy\" decoding=\"async\" class=\"size-full wp-image-3545 alignleft\" src=\"https:\/\/blogsaverroes.juntadeandalucia.es\/ceipsanfernandocordoba\/files\/2020\/03\/LenguaFicha.png\" alt=\"\" width=\"136\" height=\"55\" srcset=\"https:\/\/blogsaverroes.juntadeandalucia.es\/ceipsanfernandocordoba\/files\/2020\/03\/LenguaFicha.png 136w, https:\/\/blogsaverroes.juntadeandalucia.es\/ceipsanfernandocordoba\/files\/2020\/03\/LenguaFicha-24x10.png 24w, https:\/\/blogsaverroes.juntadeandalucia.es\/ceipsanfernandocordoba\/files\/2020\/03\/LenguaFicha-36x15.png 36w, https:\/\/blogsaverroes.juntadeandalucia.es\/ceipsanfernandocordoba\/files\/2020\/03\/LenguaFicha-48x19.png 48w\" sizes=\"(max-width: 136px) 100vw, 136px\" \/><\/a><a href=\"https:\/\/blogsaverroes.juntadeandalucia.es\/ceipsanfernandocordoba\/files\/2020\/03\/Actividades-La-Torre-de-Pisa.pdf\" target=\"_blank\" rel=\"noopener noreferrer\">Ficha actividades sobre la lectura.<\/a><\/p>\n<p>&nbsp;<\/p>\n<p><a href=\"https:\/\/blogsaverroes.juntadeandalucia.es\/ceipsanfernandocordoba\/files\/2020\/03\/BANCO-DE-PALABRAS.pdf\" target=\"_blank\" rel=\"noopener noreferrer\"><img loading=\"lazy\" decoding=\"async\" class=\"size-full wp-image-3545 alignleft\" src=\"https:\/\/blogsaverroes.juntadeandalucia.es\/ceipsanfernandocordoba\/files\/2020\/03\/LenguaFicha.png\" alt=\"\" width=\"136\" height=\"55\" srcset=\"https:\/\/blogsaverroes.juntadeandalucia.es\/ceipsanfernandocordoba\/files\/2020\/03\/LenguaFicha.png 136w, https:\/\/blogsaverroes.juntadeandalucia.es\/ceipsanfernandocordoba\/files\/2020\/03\/LenguaFicha-24x10.png 24w, https:\/\/blogsaverroes.juntadeandalucia.es\/ceipsanfernandocordoba\/files\/2020\/03\/LenguaFicha-36x15.png 36w, https:\/\/blogsaverroes.juntadeandalucia.es\/ceipsanfernandocordoba\/files\/2020\/03\/LenguaFicha-48x19.png 48w\" sizes=\"(max-width: 136px) 100vw, 136px\" \/><\/a><a href=\"https:\/\/blogsaverroes.juntadeandalucia.es\/ceipsanfernandocordoba\/files\/2020\/03\/BANCO-DE-PALABRAS.pdf\" target=\"_blank\" rel=\"noopener noreferrer\">Banco de palabras. El sonido z.<\/a><\/p>\n<p>&nbsp;<\/p>\n<p><a href=\"https:\/\/blogsaverroes.juntadeandalucia.es\/ceipsanfernandocordoba\/files\/2020\/03\/LA-TARTA.-Caligrafia.pdf\" target=\"_blank\" rel=\"noopener noreferrer\"><img loading=\"lazy\" decoding=\"async\" class=\"size-full wp-image-3545 alignleft\" src=\"https:\/\/blogsaverroes.juntadeandalucia.es\/ceipsanfernandocordoba\/files\/2020\/03\/LenguaFicha.png\" alt=\"\" width=\"136\" height=\"55\" srcset=\"https:\/\/blogsaverroes.juntadeandalucia.es\/ceipsanfernandocordoba\/files\/2020\/03\/LenguaFicha.png 136w, https:\/\/blogsaverroes.juntadeandalucia.es\/ceipsanfernandocordoba\/files\/2020\/03\/LenguaFicha-24x10.png 24w, https:\/\/blogsaverroes.juntadeandalucia.es\/ceipsanfernandocordoba\/files\/2020\/03\/LenguaFicha-36x15.png 36w, https:\/\/blogsaverroes.juntadeandalucia.es\/ceipsanfernandocordoba\/files\/2020\/03\/LenguaFicha-48x19.png 48w\" sizes=\"(max-width: 136px) 100vw, 136px\" \/><\/a><a href=\"https:\/\/blogsaverroes.juntadeandalucia.es\/ceipsanfernandocordoba\/files\/2020\/03\/LA-TARTA.-Caligrafia.pdf\" target=\"_blank\" rel=\"noopener noreferrer\">Caligraf\u00eda: La tarta.<\/a><\/p>\n<p>&nbsp;<\/p>\n<p><a href=\"https:\/\/blogsaverroes.juntadeandalucia.es\/ceipsanfernandocordoba\/files\/2020\/03\/LAMINAS-LENGUAJE-ORAL-4.pdf\" target=\"_blank\" rel=\"noopener noreferrer\"><img loading=\"lazy\" decoding=\"async\" class=\"size-full wp-image-3545 alignleft\" src=\"https:\/\/blogsaverroes.juntadeandalucia.es\/ceipsanfernandocordoba\/files\/2020\/03\/LenguaFicha.png\" alt=\"\" width=\"136\" height=\"55\" srcset=\"https:\/\/blogsaverroes.juntadeandalucia.es\/ceipsanfernandocordoba\/files\/2020\/03\/LenguaFicha.png 136w, https:\/\/blogsaverroes.juntadeandalucia.es\/ceipsanfernandocordoba\/files\/2020\/03\/LenguaFicha-24x10.png 24w, https:\/\/blogsaverroes.juntadeandalucia.es\/ceipsanfernandocordoba\/files\/2020\/03\/LenguaFicha-36x15.png 36w, https:\/\/blogsaverroes.juntadeandalucia.es\/ceipsanfernandocordoba\/files\/2020\/03\/LenguaFicha-48x19.png 48w\" sizes=\"(max-width: 136px) 100vw, 136px\" \/>Lenguaje Oral. L\u00e1mina: En la estaci\u00f3n.&nbsp; <\/a><\/p>\n<p>&nbsp;<\/p>\n<p><a href=\"https:\/\/blogsaverroes.juntadeandalucia.es\/ceipsanfernandocordoba\/files\/2020\/03\/LAMINAS-LENGUAJE-ORAL-4.pdf\" target=\"_blank\" rel=\"noopener noreferrer\"><img loading=\"lazy\" decoding=\"async\" class=\"size-full wp-image-3545 alignleft\" src=\"https:\/\/blogsaverroes.juntadeandalucia.es\/ceipsanfernandocordoba\/files\/2020\/03\/LenguaFicha.png\" alt=\"\" width=\"136\" height=\"55\" srcset=\"https:\/\/blogsaverroes.juntadeandalucia.es\/ceipsanfernandocordoba\/files\/2020\/03\/LenguaFicha.png 136w, https:\/\/blogsaverroes.juntadeandalucia.es\/ceipsanfernandocordoba\/files\/2020\/03\/LenguaFicha-24x10.png 24w, https:\/\/blogsaverroes.juntadeandalucia.es\/ceipsanfernandocordoba\/files\/2020\/03\/LenguaFicha-36x15.png 36w, https:\/\/blogsaverroes.juntadeandalucia.es\/ceipsanfernandocordoba\/files\/2020\/03\/LenguaFicha-48x19.png 48w\" sizes=\"(max-width: 136px) 100vw, 136px\" \/><\/a><a href=\"https:\/\/keepreadingencasa.planetadelibros.com\/\" target=\"_blank\" rel=\"noopener noreferrer\"><img loading=\"lazy\" decoding=\"async\" class=\"alignleft\" title=\"Mi nombre es Stilton\" src=\"https:\/\/static1planetadelibroscom.cdnstatics.com\/usuaris\/web_banners\/fotos\/9\/original\/8251_1_portada___201510291501.jpg\" alt=\"Mi nombre es Stilton\" width=\"110\" height=\"162\" border=\"0\">Acceso a la web PlanetaDeLibros<\/a><\/p>\n<p>*La descarga s\u00f3lo estar\u00e1 disponible hasta el martes, 31 de marzo, inclusive. M\u00e1s tarde no se podr\u00e1 acceder.<\/p>\n<h3>&nbsp;<\/h3>\n<p>&nbsp;<\/p>\n<p><a href=\"https:\/\/blogsaverroes.juntadeandalucia.es\/ceipsanfernandocordoba\/files\/2020\/03\/LAMINAS-LENGUAJE-ORAL-4.pdf\" target=\"_blank\" rel=\"noopener noreferrer\"><img loading=\"lazy\" decoding=\"async\" class=\"size-full wp-image-3545 alignleft\" src=\"https:\/\/blogsaverroes.juntadeandalucia.es\/ceipsanfernandocordoba\/files\/2020\/03\/LenguaFicha.png\" alt=\"\" width=\"136\" height=\"55\" srcset=\"https:\/\/blogsaverroes.juntadeandalucia.es\/ceipsanfernandocordoba\/files\/2020\/03\/LenguaFicha.png 136w, https:\/\/blogsaverroes.juntadeandalucia.es\/ceipsanfernandocordoba\/files\/2020\/03\/LenguaFicha-24x10.png 24w, https:\/\/blogsaverroes.juntadeandalucia.es\/ceipsanfernandocordoba\/files\/2020\/03\/LenguaFicha-36x15.png 36w, https:\/\/blogsaverroes.juntadeandalucia.es\/ceipsanfernandocordoba\/files\/2020\/03\/LenguaFicha-48x19.png 48w\" sizes=\"(max-width: 136px) 100vw, 136px\" \/><\/a><a href=\"https:\/\/sites.google.com\/colesanfernando.es\/planetadelibros\/p%C3%A1gina-principal\" target=\"_blank\" rel=\"noopener noreferrer\"><img loading=\"lazy\" decoding=\"async\" class=\"alignleft\" title=\"Mi nombre es Stilton\" src=\"https:\/\/static1planetadelibroscom.cdnstatics.com\/usuaris\/web_banners\/fotos\/9\/original\/8251_1_portada___201510291501.jpg\" alt=\"Mi nombre es Stilton\" width=\"110\" height=\"162\" border=\"0\"><\/a><a href=\"https:\/\/sites.google.com\/colesanfernando.es\/planetadelibros\/p%C3%A1gina-principal\" target=\"_blank\" rel=\"noopener noreferrer\">Acceso s\u00f3lo para alumnado del&nbsp;<\/a><a href=\"https:\/\/sites.google.com\/colesanfernando.es\/planetadelibros\/p%C3%A1gina-principal\">CEIP San Fernando con cuenta de correo electr\u00f3nico de @colesanfernando.es<\/a><\/p>\n<p>*Accesible hasta la finalizaci\u00f3n del estado de alarma para respetar los derechos del autor.<\/p>\n<h3>&nbsp;<\/h3>\n<h3>&nbsp;<\/h3>\n<h3>Recursos de Matem\u00e1ticas<\/h3>\n<p><a href=\"https:\/\/blogsaverroes.juntadeandalucia.es\/ceipsanfernandocordoba\/files\/2020\/03\/Restas-llevando.pdf\" target=\"_blank\" rel=\"noopener noreferrer\"><img loading=\"lazy\" decoding=\"async\" class=\"size-full wp-image-3556 alignleft\" src=\"https:\/\/blogsaverroes.juntadeandalucia.es\/ceipsanfernandocordoba\/files\/2020\/03\/MatematFicha.png\" alt=\"\" width=\"113\" height=\"55\" srcset=\"https:\/\/blogsaverroes.juntadeandalucia.es\/ceipsanfernandocordoba\/files\/2020\/03\/MatematFicha.png 113w, https:\/\/blogsaverroes.juntadeandalucia.es\/ceipsanfernandocordoba\/files\/2020\/03\/MatematFicha-24x12.png 24w, https:\/\/blogsaverroes.juntadeandalucia.es\/ceipsanfernandocordoba\/files\/2020\/03\/MatematFicha-36x18.png 36w, https:\/\/blogsaverroes.juntadeandalucia.es\/ceipsanfernandocordoba\/files\/2020\/03\/MatematFicha-48x23.png 48w\" sizes=\"(max-width: 113px) 100vw, 113px\" \/><\/a><a href=\"https:\/\/blogsaverroes.juntadeandalucia.es\/ceipsanfernandocordoba\/files\/2020\/03\/Restas-llevando.pdf\" target=\"_blank\" rel=\"noopener noreferrer\">Restas llevando<\/a><\/p>\n<p>&nbsp;<\/p>\n<p><a href=\"https:\/\/blogsaverroes.juntadeandalucia.es\/ceipsanfernandocordoba\/files\/2020\/03\/Contar-monedas-y-billetes.pdf\" target=\"_blank\" rel=\"noopener noreferrer\"><img loading=\"lazy\" decoding=\"async\" class=\"size-full wp-image-3556 alignleft\" src=\"https:\/\/blogsaverroes.juntadeandalucia.es\/ceipsanfernandocordoba\/files\/2020\/03\/MatematFicha.png\" alt=\"\" width=\"113\" height=\"55\" srcset=\"https:\/\/blogsaverroes.juntadeandalucia.es\/ceipsanfernandocordoba\/files\/2020\/03\/MatematFicha.png 113w, https:\/\/blogsaverroes.juntadeandalucia.es\/ceipsanfernandocordoba\/files\/2020\/03\/MatematFicha-24x12.png 24w, https:\/\/blogsaverroes.juntadeandalucia.es\/ceipsanfernandocordoba\/files\/2020\/03\/MatematFicha-36x18.png 36w, https:\/\/blogsaverroes.juntadeandalucia.es\/ceipsanfernandocordoba\/files\/2020\/03\/MatematFicha-48x23.png 48w\" sizes=\"(max-width: 113px) 100vw, 113px\" \/><\/a> <a href=\"https:\/\/blogsaverroes.juntadeandalucia.es\/ceipsanfernandocordoba\/files\/2020\/03\/Contar-monedas-y-billetes.pdf\" target=\"_blank\" rel=\"noopener noreferrer\">Contar monedas y billetes.<\/a><\/p>\n<p>&nbsp;<\/p>\n<p><a href=\"https:\/\/blogsaverroes.juntadeandalucia.es\/ceipsanfernandocordoba\/files\/2020\/03\/Las-Horas.pdf\" target=\"_blank\" rel=\"noopener noreferrer\"><img loading=\"lazy\" decoding=\"async\" class=\"size-full wp-image-3556 alignleft\" src=\"https:\/\/blogsaverroes.juntadeandalucia.es\/ceipsanfernandocordoba\/files\/2020\/03\/MatematFicha.png\" alt=\"\" width=\"113\" height=\"55\" srcset=\"https:\/\/blogsaverroes.juntadeandalucia.es\/ceipsanfernandocordoba\/files\/2020\/03\/MatematFicha.png 113w, https:\/\/blogsaverroes.juntadeandalucia.es\/ceipsanfernandocordoba\/files\/2020\/03\/MatematFicha-24x12.png 24w, https:\/\/blogsaverroes.juntadeandalucia.es\/ceipsanfernandocordoba\/files\/2020\/03\/MatematFicha-36x18.png 36w, https:\/\/blogsaverroes.juntadeandalucia.es\/ceipsanfernandocordoba\/files\/2020\/03\/MatematFicha-48x23.png 48w\" sizes=\"(max-width: 113px) 100vw, 113px\" \/><\/a><a href=\"https:\/\/blogsaverroes.juntadeandalucia.es\/ceipsanfernandocordoba\/files\/2020\/03\/Las-Horas.pdf\" target=\"_blank\" rel=\"noopener noreferrer\">Las Horas<\/a><\/p>\n<p>&nbsp;<\/p>\n<p><a href=\"https:\/\/blogsaverroes.juntadeandalucia.es\/ceipsanfernandocordoba\/files\/2020\/03\/Restas-en-horizontal-1.pdf\"><img loading=\"lazy\" decoding=\"async\" class=\"size-full wp-image-3556 alignleft\" src=\"https:\/\/blogsaverroes.juntadeandalucia.es\/ceipsanfernandocordoba\/files\/2020\/03\/MatematFicha.png\" alt=\"\" width=\"113\" height=\"55\" srcset=\"https:\/\/blogsaverroes.juntadeandalucia.es\/ceipsanfernandocordoba\/files\/2020\/03\/MatematFicha.png 113w, https:\/\/blogsaverroes.juntadeandalucia.es\/ceipsanfernandocordoba\/files\/2020\/03\/MatematFicha-24x12.png 24w, https:\/\/blogsaverroes.juntadeandalucia.es\/ceipsanfernandocordoba\/files\/2020\/03\/MatematFicha-36x18.png 36w, https:\/\/blogsaverroes.juntadeandalucia.es\/ceipsanfernandocordoba\/files\/2020\/03\/MatematFicha-48x23.png 48w\" sizes=\"(max-width: 113px) 100vw, 113px\" \/><\/a> <a href=\"https:\/\/blogsaverroes.juntadeandalucia.es\/ceipsanfernandocordoba\/files\/2020\/03\/Restas-en-horizontal-1.pdf\" target=\"_blank\" rel=\"noopener noreferrer\">Restas en horizontal<\/a><\/p>\n<p>&nbsp;<\/p>\n<p><a href=\"https:\/\/blogsaverroes.juntadeandalucia.es\/ceipsanfernandocordoba\/files\/2020\/03\/Ficha-multiplicar.pdf\" target=\"_blank\" rel=\"noopener noreferrer\"><img loading=\"lazy\" decoding=\"async\" class=\"size-full wp-image-3556 alignleft\" src=\"https:\/\/blogsaverroes.juntadeandalucia.es\/ceipsanfernandocordoba\/files\/2020\/03\/MatematFicha.png\" alt=\"\" width=\"113\" height=\"55\" srcset=\"https:\/\/blogsaverroes.juntadeandalucia.es\/ceipsanfernandocordoba\/files\/2020\/03\/MatematFicha.png 113w, https:\/\/blogsaverroes.juntadeandalucia.es\/ceipsanfernandocordoba\/files\/2020\/03\/MatematFicha-24x12.png 24w, https:\/\/blogsaverroes.juntadeandalucia.es\/ceipsanfernandocordoba\/files\/2020\/03\/MatematFicha-36x18.png 36w, https:\/\/blogsaverroes.juntadeandalucia.es\/ceipsanfernandocordoba\/files\/2020\/03\/MatematFicha-48x23.png 48w\" sizes=\"(max-width: 113px) 100vw, 113px\" \/><\/a><a href=\"https:\/\/blogsaverroes.juntadeandalucia.es\/ceipsanfernandocordoba\/files\/2020\/03\/Ficha-multiplicar.pdf\" target=\"_blank\" rel=\"noopener noreferrer\">Ficha multiplicar<\/a><\/p>\n<p>&nbsp;<\/p>\n<p><a href=\"https:\/\/blogsaverroes.juntadeandalucia.es\/ceipsanfernandocordoba\/files\/2020\/03\/Problemas-matem\u00e1ticas.pdf\" target=\"_blank\" rel=\"noopener noreferrer\"><img loading=\"lazy\" decoding=\"async\" class=\"size-full wp-image-3556 alignleft\" src=\"https:\/\/blogsaverroes.juntadeandalucia.es\/ceipsanfernandocordoba\/files\/2020\/03\/MatematFicha.png\" alt=\"\" width=\"113\" height=\"55\" srcset=\"https:\/\/blogsaverroes.juntadeandalucia.es\/ceipsanfernandocordoba\/files\/2020\/03\/MatematFicha.png 113w, https:\/\/blogsaverroes.juntadeandalucia.es\/ceipsanfernandocordoba\/files\/2020\/03\/MatematFicha-24x12.png 24w, https:\/\/blogsaverroes.juntadeandalucia.es\/ceipsanfernandocordoba\/files\/2020\/03\/MatematFicha-36x18.png 36w, https:\/\/blogsaverroes.juntadeandalucia.es\/ceipsanfernandocordoba\/files\/2020\/03\/MatematFicha-48x23.png 48w\" sizes=\"(max-width: 113px) 100vw, 113px\" \/><\/a> <a href=\"https:\/\/blogsaverroes.juntadeandalucia.es\/ceipsanfernandocordoba\/files\/2020\/03\/Problemas-matem\u00e1ticas.pdf\" target=\"_blank\" rel=\"noopener noreferrer\">Problemas matem\u00e1ticas<\/a><\/p>\n<h3>&nbsp;<\/h3>\n<h3><strong><span style=\"color: #339966\">INGL\u00c9S<\/span><\/strong><\/h3>\n<p><img loading=\"lazy\" decoding=\"async\" class=\"size-full wp-image-3495 alignleft\" src=\"https:\/\/blogsaverroes.juntadeandalucia.es\/ceipsanfernandocordoba\/files\/2020\/03\/InglesActividad.png\" alt=\"\" width=\"100\" height=\"55\" srcset=\"https:\/\/blogsaverroes.juntadeandalucia.es\/ceipsanfernandocordoba\/files\/2020\/03\/InglesActividad.png 100w, https:\/\/blogsaverroes.juntadeandalucia.es\/ceipsanfernandocordoba\/files\/2020\/03\/InglesActividad-24x13.png 24w, https:\/\/blogsaverroes.juntadeandalucia.es\/ceipsanfernandocordoba\/files\/2020\/03\/InglesActividad-36x20.png 36w, https:\/\/blogsaverroes.juntadeandalucia.es\/ceipsanfernandocordoba\/files\/2020\/03\/InglesActividad-48x26.png 48w\" sizes=\"(max-width: 100px) 100vw, 100px\" \/> Haz un dibujo en 1 folio de una casa que incluya todas las partes de \u00e9sta que has estudiado en la Unidad 2. Pon una etiqueta con su nombre en Ingl\u00e9s a cada parte.<\/p>\n<h3><span style=\"color: #ff0000\">RECOMENDAMOS<\/span><\/h3>\n<p><a href=\"https:\/\/sites.google.com\/colesanfernando.es\/recursos\/p%C3%A1gina-principal\" target=\"_blank\" rel=\"noopener noreferrer\"><img loading=\"lazy\" decoding=\"async\" class=\"alignnone size-medium wp-image-3651\" src=\"https:\/\/blogsaverroes.juntadeandalucia.es\/ceipsanfernandocordoba\/files\/2020\/03\/RecursosPc2-300x104.png\" alt=\"\" width=\"300\" height=\"104\" srcset=\"https:\/\/blogsaverroes.juntadeandalucia.es\/ceipsanfernandocordoba\/files\/2020\/03\/RecursosPc2-300x104.png 300w, https:\/\/blogsaverroes.juntadeandalucia.es\/ceipsanfernandocordoba\/files\/2020\/03\/RecursosPc2-24x8.png 24w, https:\/\/blogsaverroes.juntadeandalucia.es\/ceipsanfernandocordoba\/files\/2020\/03\/RecursosPc2-36x13.png 36w, https:\/\/blogsaverroes.juntadeandalucia.es\/ceipsanfernandocordoba\/files\/2020\/03\/RecursosPc2-48x17.png 48w, https:\/\/blogsaverroes.juntadeandalucia.es\/ceipsanfernandocordoba\/files\/2020\/03\/RecursosPc2.png 322w\" sizes=\"(max-width: 300px) 100vw, 300px\" \/><\/a><\/p>\n","protected":false},"excerpt":{"rendered":"<p>Probamos la \u201cMOODLE\u201d, herramienta que la Consejer\u00eda de Educaci\u00f3n y Deporte ha puesto a disposici\u00f3n del colegio. A trav\u00e9s de esta, queremos valorar la utilidad de las videoconferencias que nos permite hacer con ni\u00f1@s&#46;&#46;&#46;<\/p>\n","protected":false},"author":7337,"featured_media":3638,"comment_status":"closed","ping_status":"open","sticky":false,"template":"","format":"standard","meta":{"ngg_post_thumbnail":0,"footnotes":""},"categories":[1898547,11909],"tags":[],"aioseo_notices":[],"_links":{"self":[{"href":"https:\/\/blogsaverroes.juntadeandalucia.es\/ceipsanfernandocordoba\/wp-json\/wp\/v2\/posts\/3528"}],"collection":[{"href":"https:\/\/blogsaverroes.juntadeandalucia.es\/ceipsanfernandocordoba\/wp-json\/wp\/v2\/posts"}],"about":[{"href":"https:\/\/blogsaverroes.juntadeandalucia.es\/ceipsanfernandocordoba\/wp-json\/wp\/v2\/types\/post"}],"author":[{"embeddable":true,"href":"https:\/\/blogsaverroes.juntadeandalucia.es\/ceipsanfernandocordoba\/wp-json\/wp\/v2\/users\/7337"}],"replies":[{"embeddable":true,"href":"https:\/\/blogsaverroes.juntadeandalucia.es\/ceipsanfernandocordoba\/wp-json\/wp\/v2\/comments?post=3528"}],"version-history":[{"count":14,"href":"https:\/\/blogsaverroes.juntadeandalucia.es\/ceipsanfernandocordoba\/wp-json\/wp\/v2\/posts\/3528\/revisions"}],"predecessor-version":[{"id":3698,"href":"https:\/\/blogsaverroes.juntadeandalucia.es\/ceipsanfernandocordoba\/wp-json\/wp\/v2\/posts\/3528\/revisions\/3698"}],"wp:featuredmedia":[{"embeddable":true,"href":"https:\/\/blogsaverroes.juntadeandalucia.es\/ceipsanfernandocordoba\/wp-json\/wp\/v2\/media\/3638"}],"wp:attachment":[{"href":"https:\/\/blogsaverroes.juntadeandalucia.es\/ceipsanfernandocordoba\/wp-json\/wp\/v2\/media?parent=3528"}],"wp:term":[{"taxonomy":"category","embeddable":true,"href":"https:\/\/blogsaverroes.juntadeandalucia.es\/ceipsanfernandocordoba\/wp-json\/wp\/v2\/categories?post=3528"},{"taxonomy":"post_tag","embeddable":true,"href":"https:\/\/blogsaverroes.juntadeandalucia.es\/ceipsanfernandocordoba\/wp-json\/wp\/v2\/tags?post=3528"}],"curies":[{"name":"wp","href":"https:\/\/api.w.org\/{rel}","templated":true}]}}