{"id":3937,"date":"2021-03-01T08:43:45","date_gmt":"2021-03-01T08:43:45","guid":{"rendered":"https:\/\/blogsaverroes.juntadeandalucia.es\/ceipsanfernandocordoba\/?p=3937"},"modified":"2021-05-25T17:12:17","modified_gmt":"2021-05-25T17:12:17","slug":"escolarizacion-2021-22","status":"publish","type":"post","link":"https:\/\/blogsaverroes.juntadeandalucia.es\/ceipsanfernandocordoba\/escolarizacion-2021-22\/","title":{"rendered":"Escolarizaci\u00f3n 2021-22"},"content":{"rendered":"<p><a href=\"https:\/\/www.juntadeandalucia.es\/educacion\/portals\/web\/escolarizacion\/infantil-a-bachillerato\/normativa\" target=\"_blank\" rel=\"http:\/\/www.juntadeandalucia.es\/educacion\/webportal\/web\/portal-escolarizacion\/infantil-primaria-eso-bachillerato noopener noreferrer\"><img loading=\"lazy\" decoding=\"async\" class=\"alignnone wp-image-3003 size-medium\" src=\"https:\/\/blogsaverroes.juntadeandalucia.es\/ceipsanfernandocordoba\/files\/2020\/02\/escolariza20_21-300x90.png\" alt=\"\" width=\"300\" height=\"90\" srcset=\"https:\/\/blogsaverroes.juntadeandalucia.es\/ceipsanfernandocordoba\/files\/2020\/02\/escolariza20_21-300x90.png 300w, https:\/\/blogsaverroes.juntadeandalucia.es\/ceipsanfernandocordoba\/files\/2020\/02\/escolariza20_21-24x7.png 24w, https:\/\/blogsaverroes.juntadeandalucia.es\/ceipsanfernandocordoba\/files\/2020\/02\/escolariza20_21-36x11.png 36w, https:\/\/blogsaverroes.juntadeandalucia.es\/ceipsanfernandocordoba\/files\/2020\/02\/escolariza20_21-48x14.png 48w, https:\/\/blogsaverroes.juntadeandalucia.es\/ceipsanfernandocordoba\/files\/2020\/02\/escolariza20_21.png 395w\" sizes=\"(max-width: 300px) 100vw, 300px\" \/><\/a><\/p>\n<p>Esta secci\u00f3n, dispuesta por la Consejer\u00eda de Educaci\u00f3n y Deporte, contiene cuanta informaci\u00f3n es de utilidad para las familias a la hora de de iniciar el proceso de escolarizaci\u00f3n: plazos, documentos, normativa, enlaces, etc.<\/p>\n<p><a title=\"Portal escolarizaci\u00f3n\" href=\"http:\/\/www.juntadeandalucia.es\/educacion\/webportal\/web\/portal-escolarizacion\/infantil-primaria-eso-bachillerato\" target=\"_blank\" rel=\"noopener noreferrer\">Enlace al portal de escolarizaci\u00f3n.<\/a><\/p>\n<h3>ADMISI\u00d3N (DEL 1 AL 31 DE MARZO)<\/h3>\n<p>En el mes de marzo han de realizarse la solicitudes de admisi\u00f3n en centros, una vez terminado el proceso, se debe realizar la matr\u00edcula (inicios del mes de junio) en el centro en el que haya sido admitido su hijo\/a.<\/p>\n<p>En el portal de escolarizaci\u00f3n los insteresados pueden consultar y obtener informaci\u00f3n sobre el proceso<\/p>\n<ul>\n<li style=\"list-style-type: none\">\n<ul>\n<li><a href=\"http:\/\/www.juntadeandalucia.es\/educacion\/portals\/web\/escolarizacion\/infantil-a-bachillerato\/normativa\">Normativa<\/a><\/li>\n<li><a href=\"http:\/\/www.juntadeandalucia.es\/educacion\/portals\/web\/escolarizacion\/infantil-a-bachillerato\/impresos\">Impresos<\/a>&nbsp;<a href=\"http:\/\/www.juntadeandalucia.es\/educacion\/portals\/delegate\/content\/7e1d7b27-eaa4-42e7-bfa3-ac436db80ed6\/ANEXO%20III\"> (Anexo&nbsp; III de admisi\u00f3n en Segundo Ciclo de E. Infantil, Educaci\u00f3n Primaria, &#8230;)<\/a><\/li>\n<li><a href=\"http:\/\/www.juntadeandalucia.es\/educacion\/portals\/web\/escolarizacion\/infantil-a-bachillerato\/calendario\">Calendario<\/a><\/li>\n<li><a href=\"https:\/\/www.juntadeandalucia.es\/educacion\/educasig\/escolarizacion\/\">\u00c1reas de influencia<\/a><\/li>\n<li><a href=\"http:\/\/www.juntadeandalucia.es\/educacion\/portals\/web\/escolarizacion\/infantil-a-bachillerato\/autobaremo\">Autobaremo<\/a><\/li>\n<li><a href=\"https:\/\/www.juntadeandalucia.es\/educacion\/secretariavirtual\/accesoTramite\/543\/\">Presentaci\u00f3n telem\u00e1tica de la solicitud de admisi\u00f3n curso 2020\/2021<\/a><\/li>\n<\/ul>\n<\/li>\n<\/ul>\n","protected":false},"excerpt":{"rendered":"<p>Esta secci\u00f3n, dispuesta por la Consejer\u00eda de Educaci\u00f3n y Deporte, contiene cuanta informaci\u00f3n es de utilidad para las familias a la hora de de iniciar el proceso de escolarizaci\u00f3n: plazos, documentos, normativa, enlaces, etc.&#46;&#46;&#46;<\/p>\n","protected":false},"author":7337,"featured_media":0,"comment_status":"closed","ping_status":"open","sticky":false,"template":"","format":"standard","meta":{"ngg_post_thumbnail":0,"footnotes":""},"categories":[11909],"tags":[],"aioseo_notices":[],"_links":{"self":[{"href":"https:\/\/blogsaverroes.juntadeandalucia.es\/ceipsanfernandocordoba\/wp-json\/wp\/v2\/posts\/3937"}],"collection":[{"href":"https:\/\/blogsaverroes.juntadeandalucia.es\/ceipsanfernandocordoba\/wp-json\/wp\/v2\/posts"}],"about":[{"href":"https:\/\/blogsaverroes.juntadeandalucia.es\/ceipsanfernandocordoba\/wp-json\/wp\/v2\/types\/post"}],"author":[{"embeddable":true,"href":"https:\/\/blogsaverroes.juntadeandalucia.es\/ceipsanfernandocordoba\/wp-json\/wp\/v2\/users\/7337"}],"replies":[{"embeddable":true,"href":"https:\/\/blogsaverroes.juntadeandalucia.es\/ceipsanfernandocordoba\/wp-json\/wp\/v2\/comments?post=3937"}],"version-history":[{"count":3,"href":"https:\/\/blogsaverroes.juntadeandalucia.es\/ceipsanfernandocordoba\/wp-json\/wp\/v2\/posts\/3937\/revisions"}],"predecessor-version":[{"id":4031,"href":"https:\/\/blogsaverroes.juntadeandalucia.es\/ceipsanfernandocordoba\/wp-json\/wp\/v2\/posts\/3937\/revisions\/4031"}],"wp:attachment":[{"href":"https:\/\/blogsaverroes.juntadeandalucia.es\/ceipsanfernandocordoba\/wp-json\/wp\/v2\/media?parent=3937"}],"wp:term":[{"taxonomy":"category","embeddable":true,"href":"https:\/\/blogsaverroes.juntadeandalucia.es\/ceipsanfernandocordoba\/wp-json\/wp\/v2\/categories?post=3937"},{"taxonomy":"post_tag","embeddable":true,"href":"https:\/\/blogsaverroes.juntadeandalucia.es\/ceipsanfernandocordoba\/wp-json\/wp\/v2\/tags?post=3937"}],"curies":[{"name":"wp","href":"https:\/\/api.w.org\/{rel}","templated":true}]}}