{"id":4250,"date":"2024-05-29T16:31:52","date_gmt":"2024-05-29T16:31:52","guid":{"rendered":"https:\/\/blogsaverroes.juntadeandalucia.es\/ceipsanfernandocordoba\/?p=4250"},"modified":"2024-05-29T16:32:53","modified_gmt":"2024-05-29T16:32:53","slug":"plazo-de-matriculacion-curso-24-25-desde-el-1-al-10-de-junio","status":"publish","type":"post","link":"https:\/\/blogsaverroes.juntadeandalucia.es\/ceipsanfernandocordoba\/plazo-de-matriculacion-curso-24-25-desde-el-1-al-10-de-junio\/","title":{"rendered":"Plazo de matriculaci\u00f3n curso 24\/25 desde el 1 al 10 de junio"},"content":{"rendered":"<div class=\"evento-listado__contenido\">\n<div class=\"evento-listado__contenido--wrapper\">\n<h3 class=\"evento-listado__contenido--titulo\"><span style=\"color: #ff0000\">Plazo de matriculaci\u00f3n (segundo ciclo de educaci\u00f3n infantil y educaci\u00f3n primaria) 24\/25<br \/>\n<\/span><\/h3>\n<div class=\"evento-listado__contenido--fechas\"><strong>Del 01 junio 2024 al 10 junio 2024.<\/strong><\/div>\n<div>&nbsp;<\/div>\n<div>C\u00f3mo en cursos anteriores, se activar\u00e1 online el s\u00e1bado, 1 de junio. Podr\u00e1 cumplimentarse por <span style=\"color: #00ff00\"><strong>Ipasen <\/strong><\/span>o a trav\u00e9s de la <strong><a href=\"https:\/\/www.juntadeandalucia.es\/educacion\/secretariavirtual\/\">Secretar\u00eda virtual de los centros docentes<\/a>.<\/strong><\/div>\n<div>&nbsp;<\/div>\n<div>&nbsp;<\/div>\n<div><a href=\"https:\/\/www.youtube.com\/watch?v=ZCIk-7HDGVU\">(Tutorial c\u00f3mo realizar la matr\u00edcula online por IPASEN)<\/a><\/div>\n<\/div>\n<div>\n<h4>&nbsp;<\/h4>\n<h4><span style=\"color: #ff0000\">\u00bfQu\u00e9 alumnado se matricula?<\/span><\/h4>\n<ul>\n<li>Todos los que est\u00e1n actualmente en nuestro colegio, menos los que pasan a la E.S.O. o&nbsp; han sido admitidos en otros centros.<\/li>\n<li>Todo el alumnado procedente de otros centros y admitido en el nuestro.<\/li>\n<li>Todo el alumnado que cursar\u00e1 Infantil de 3 a\u00f1os.<\/li>\n<\/ul>\n<h4><span style=\"color: #ff0000\">A la vez que la matr\u00edcula se realizar\u00e1 la solicitud del comedor.<\/span><\/h4>\n<p>+ Informaci\u00f3n&nbsp; en el <a title=\"Portal escolarizaci\u00f3n\" href=\"https:\/\/www.juntadeandalucia.es\/educacion\/portales\/web\/escolarizacion\/infantil-a-bachillerato\" target=\"_blank\" rel=\"noopener noreferrer\">Enlace al portal de escolarizaci\u00f3n.<\/a><\/p>\n<\/div>\n<\/div>\n","protected":false},"excerpt":{"rendered":"<p>Plazo de matriculaci\u00f3n (segundo ciclo de educaci\u00f3n infantil y educaci\u00f3n primaria) 24\/25 Del 01 junio 2024 al 10 junio 2024. &nbsp; C\u00f3mo en cursos anteriores, se activar\u00e1 online el s\u00e1bado, 1 de junio. Podr\u00e1&#46;&#46;&#46;<\/p>\n","protected":false},"author":6889,"featured_media":0,"comment_status":"closed","ping_status":"open","sticky":false,"template":"","format":"standard","meta":{"ngg_post_thumbnail":0,"footnotes":""},"categories":[11909],"tags":[],"aioseo_notices":[],"_links":{"self":[{"href":"https:\/\/blogsaverroes.juntadeandalucia.es\/ceipsanfernandocordoba\/wp-json\/wp\/v2\/posts\/4250"}],"collection":[{"href":"https:\/\/blogsaverroes.juntadeandalucia.es\/ceipsanfernandocordoba\/wp-json\/wp\/v2\/posts"}],"about":[{"href":"https:\/\/blogsaverroes.juntadeandalucia.es\/ceipsanfernandocordoba\/wp-json\/wp\/v2\/types\/post"}],"author":[{"embeddable":true,"href":"https:\/\/blogsaverroes.juntadeandalucia.es\/ceipsanfernandocordoba\/wp-json\/wp\/v2\/users\/6889"}],"replies":[{"embeddable":true,"href":"https:\/\/blogsaverroes.juntadeandalucia.es\/ceipsanfernandocordoba\/wp-json\/wp\/v2\/comments?post=4250"}],"version-history":[{"count":2,"href":"https:\/\/blogsaverroes.juntadeandalucia.es\/ceipsanfernandocordoba\/wp-json\/wp\/v2\/posts\/4250\/revisions"}],"predecessor-version":[{"id":4252,"href":"https:\/\/blogsaverroes.juntadeandalucia.es\/ceipsanfernandocordoba\/wp-json\/wp\/v2\/posts\/4250\/revisions\/4252"}],"wp:attachment":[{"href":"https:\/\/blogsaverroes.juntadeandalucia.es\/ceipsanfernandocordoba\/wp-json\/wp\/v2\/media?parent=4250"}],"wp:term":[{"taxonomy":"category","embeddable":true,"href":"https:\/\/blogsaverroes.juntadeandalucia.es\/ceipsanfernandocordoba\/wp-json\/wp\/v2\/categories?post=4250"},{"taxonomy":"post_tag","embeddable":true,"href":"https:\/\/blogsaverroes.juntadeandalucia.es\/ceipsanfernandocordoba\/wp-json\/wp\/v2\/tags?post=4250"}],"curies":[{"name":"wp","href":"https:\/\/api.w.org\/{rel}","templated":true}]}}