{"id":2132,"date":"2018-07-06T11:48:27","date_gmt":"2018-07-06T11:48:27","guid":{"rendered":"https:\/\/blogsaverroes.juntadeandalucia.es\/ceipsanfrancisco\/?p=2132"},"modified":"2018-09-05T12:18:33","modified_gmt":"2018-09-05T12:18:33","slug":"primera-entrada-saludo","status":"publish","type":"post","link":"https:\/\/blogsaverroes.juntadeandalucia.es\/ceipsanfrancisco\/primera-entrada-saludo\/","title":{"rendered":"PRIMERA ENTRADA: SALUDO"},"content":{"rendered":"<p style=\"text-align: justify\"><a href=\"https:\/\/photos.google.com\/photo\/AF1QipMRwdJlyTcgcGO10zslGxVmz6R_tz2IzcBJR3MU\"><img loading=\"lazy\" decoding=\"async\" class=\"aligncenter\" src=\"https:\/\/lh3.googleusercontent.com\/pYvCMfF3n47TX0gq96_ljlWswQhorffZVzLdJ0AYszbXSIhrn5OrHdwWrttiFDFSWTUIrjSXb4gRwEBAvVXRiDaJPGRHsqa8O3z1jNKGezfjzljH4O3qr9xAWu2jtdxdea5_PjAVTL4f1Couyxfe70Deqgz7OcBI-8wxjg32N_dCzj4ru4cLcPFxoWUPk9J5aPtwQf00VBCFklRQCCclb-t6T5WImvhzbP1L1z51y4f6TrOJrEMEsm_jIi8fUnrSxFURy7lw33aOAa0jqYl-RcXCHFRt1vCd7Hcd9Y3fBMQgpixRehxrEsH-107rHnr5Iq93WSKz7d_-g6FmOXhVrQE-h5_op88op01tHJRS1xvqiHkyqIUzlD7E9Tdp3AztHdEwF066c3iIWx70nxV1hdYaERjYDC1b4Qemp_j82ZK01Avu1tGXVtFxXoi_OJDHwLg4qteB868RWge8UQEkeZikfnUmLhUJqZWvNjT85Q_G820r4dzx4IkUugwcSUq4nLj3c_cdqMD6edSTfrXWHQiiInK0wj_nreKM-XsZTSbrituVvX7PjbqlL9cngOE9MasOamgfJY9O-muDrfCyXAENrz4yCNGZ5nrtQXwL=w1364-h1023-no\" width=\"315\" height=\"236\"><\/a><\/p>\n<p style=\"text-align: justify\">Con esta primera entrada del Blog del C.E.I.P. San Francisco de As\u00eds de Villardompardo, quiero saludar a todos los miembros de nuestra Comunidad Educativa.<\/p>\n<p style=\"text-align: justify\">Es mi intenci\u00f3n que durante el curso escolar que comienza en septiembre, esta herramienta (Blog-P\u00e1gina Web), se convierta en un veh\u00edculo de comunicaci\u00f3n entre todos los que formamos parte del Centro. Quiero pediros paciencia. Estoy comenzando&nbsp; con el uso de Word-Press para la elaboraci\u00f3n de p\u00e1ginas web y seguro que me va a costar tiempo conseguir el objetivo que me he propuesto.<\/p>\n<p style=\"text-align: justify\">Un Saludo.<\/p>\n<p style=\"text-align: right\">Juan Antonio G\u00f3mez Ortega<\/p>\n<p style=\"text-align: right\">Director<\/p>\n","protected":false},"excerpt":{"rendered":"<p>Con esta primera entrada del Blog del C.E.I.P. San Francisco de As\u00eds de Villardompardo, quiero saludar a todos los miembros de nuestra Comunidad Educativa. Es mi intenci\u00f3n que durante el curso escolar que comienza&#46;&#46;&#46;<\/p>\n","protected":false},"author":1497,"featured_media":0,"comment_status":"open","ping_status":"open","sticky":false,"template":"","format":"standard","meta":{"ngg_post_thumbnail":0,"footnotes":""},"categories":[190,307390],"tags":[1404890,208093],"aioseo_notices":[],"_links":{"self":[{"href":"https:\/\/blogsaverroes.juntadeandalucia.es\/ceipsanfrancisco\/wp-json\/wp\/v2\/posts\/2132"}],"collection":[{"href":"https:\/\/blogsaverroes.juntadeandalucia.es\/ceipsanfrancisco\/wp-json\/wp\/v2\/posts"}],"about":[{"href":"https:\/\/blogsaverroes.juntadeandalucia.es\/ceipsanfrancisco\/wp-json\/wp\/v2\/types\/post"}],"author":[{"embeddable":true,"href":"https:\/\/blogsaverroes.juntadeandalucia.es\/ceipsanfrancisco\/wp-json\/wp\/v2\/users\/1497"}],"replies":[{"embeddable":true,"href":"https:\/\/blogsaverroes.juntadeandalucia.es\/ceipsanfrancisco\/wp-json\/wp\/v2\/comments?post=2132"}],"version-history":[{"count":9,"href":"https:\/\/blogsaverroes.juntadeandalucia.es\/ceipsanfrancisco\/wp-json\/wp\/v2\/posts\/2132\/revisions"}],"predecessor-version":[{"id":2275,"href":"https:\/\/blogsaverroes.juntadeandalucia.es\/ceipsanfrancisco\/wp-json\/wp\/v2\/posts\/2132\/revisions\/2275"}],"wp:attachment":[{"href":"https:\/\/blogsaverroes.juntadeandalucia.es\/ceipsanfrancisco\/wp-json\/wp\/v2\/media?parent=2132"}],"wp:term":[{"taxonomy":"category","embeddable":true,"href":"https:\/\/blogsaverroes.juntadeandalucia.es\/ceipsanfrancisco\/wp-json\/wp\/v2\/categories?post=2132"},{"taxonomy":"post_tag","embeddable":true,"href":"https:\/\/blogsaverroes.juntadeandalucia.es\/ceipsanfrancisco\/wp-json\/wp\/v2\/tags?post=2132"}],"curies":[{"name":"wp","href":"https:\/\/api.w.org\/{rel}","templated":true}]}}