{"id":2479,"date":"2019-02-27T10:06:04","date_gmt":"2019-02-27T10:06:04","guid":{"rendered":"https:\/\/blogsaverroes.juntadeandalucia.es\/ceipsanfrancisco\/?p=2479"},"modified":"2019-02-27T10:06:04","modified_gmt":"2019-02-27T10:06:04","slug":"escolarizacion-20192020","status":"publish","type":"post","link":"https:\/\/blogsaverroes.juntadeandalucia.es\/ceipsanfrancisco\/escolarizacion-20192020\/","title":{"rendered":"Escolarizaci\u00f3n 2019\/2020"},"content":{"rendered":"<p>El d\u00eda 1 de marzo de 2019, comienza el periodo de admisi\u00f3n para el curso 2019\/2020.<\/p>\n<p>El plazo para la solicitud de admisi\u00f3n ser\u00e1 entre el 1 de marzo y el 1 de abril.<\/p>\n<p>Aqu\u00ed se puede obtener el impreso para solicitar la admisi\u00f3n:<\/p>\n<p><a href=\"http:\/\/portals.ced.junta-andalucia.es\/educacion\/portals\/delegate\/content\/7e1d7b27-eaa4-42e7-bfa3-ac436db80ed6\" target=\"_blank\" rel=\"noopener\">IMPRESO.<\/a><\/p>\n<p>Deben solicitar la admisi\u00f3n el alumnado de nueva incorporaci\u00f3n o los que vayan a cambiar de centro.<\/p>\n<p>Nuestro alumnado de 2\u00ba de E.S.O. est\u00e1 adscrito al I.E.S. Acebuche por lo que no deber\u00e1n solicitar la admisi\u00f3n a no ser que quieran cambiar de centro.<\/p>\n<p>Esta es la oferta de plazas de nuestro centro:<\/p>\n<p><a href=\"https:\/\/drive.google.com\/file\/d\/1W1iK1eMnJ6ZQ7Fm1QolutG6hOEmRQ8UV\/view?usp=sharing\" target=\"_blank\" rel=\"noopener\">C.E.I.P. SAN FRANCISCO DE AS\u00cdS<\/a><\/p>\n","protected":false},"excerpt":{"rendered":"<p>El d\u00eda 1 de marzo de 2019, comienza el periodo de admisi\u00f3n para el curso 2019\/2020. El plazo para la solicitud de admisi\u00f3n ser\u00e1 entre el 1 de marzo y el 1 de abril.&#46;&#46;&#46;<\/p>\n","protected":false},"author":1497,"featured_media":0,"comment_status":"open","ping_status":"open","sticky":false,"template":"","format":"standard","meta":{"ngg_post_thumbnail":0,"footnotes":""},"categories":[11909],"tags":[],"aioseo_notices":[],"_links":{"self":[{"href":"https:\/\/blogsaverroes.juntadeandalucia.es\/ceipsanfrancisco\/wp-json\/wp\/v2\/posts\/2479"}],"collection":[{"href":"https:\/\/blogsaverroes.juntadeandalucia.es\/ceipsanfrancisco\/wp-json\/wp\/v2\/posts"}],"about":[{"href":"https:\/\/blogsaverroes.juntadeandalucia.es\/ceipsanfrancisco\/wp-json\/wp\/v2\/types\/post"}],"author":[{"embeddable":true,"href":"https:\/\/blogsaverroes.juntadeandalucia.es\/ceipsanfrancisco\/wp-json\/wp\/v2\/users\/1497"}],"replies":[{"embeddable":true,"href":"https:\/\/blogsaverroes.juntadeandalucia.es\/ceipsanfrancisco\/wp-json\/wp\/v2\/comments?post=2479"}],"version-history":[{"count":1,"href":"https:\/\/blogsaverroes.juntadeandalucia.es\/ceipsanfrancisco\/wp-json\/wp\/v2\/posts\/2479\/revisions"}],"predecessor-version":[{"id":2480,"href":"https:\/\/blogsaverroes.juntadeandalucia.es\/ceipsanfrancisco\/wp-json\/wp\/v2\/posts\/2479\/revisions\/2480"}],"wp:attachment":[{"href":"https:\/\/blogsaverroes.juntadeandalucia.es\/ceipsanfrancisco\/wp-json\/wp\/v2\/media?parent=2479"}],"wp:term":[{"taxonomy":"category","embeddable":true,"href":"https:\/\/blogsaverroes.juntadeandalucia.es\/ceipsanfrancisco\/wp-json\/wp\/v2\/categories?post=2479"},{"taxonomy":"post_tag","embeddable":true,"href":"https:\/\/blogsaverroes.juntadeandalucia.es\/ceipsanfrancisco\/wp-json\/wp\/v2\/tags?post=2479"}],"curies":[{"name":"wp","href":"https:\/\/api.w.org\/{rel}","templated":true}]}}