{"id":2497,"date":"2019-04-09T10:20:32","date_gmt":"2019-04-09T10:20:32","guid":{"rendered":"https:\/\/blogsaverroes.juntadeandalucia.es\/ceipsanfrancisco\/?p=2497"},"modified":"2019-04-09T10:24:50","modified_gmt":"2019-04-09T10:24:50","slug":"relacion-baremada-admision-20192020","status":"publish","type":"post","link":"https:\/\/blogsaverroes.juntadeandalucia.es\/ceipsanfrancisco\/relacion-baremada-admision-20192020\/","title":{"rendered":"Relaci\u00f3n Baremada Admisi\u00f3n 2019\/2020"},"content":{"rendered":"<p style=\"text-align: justify\">Se ha publicado en el tabl\u00f3n de anuncios del centro la <strong>\u00abRelaci\u00f3n baremada de alumnos y alumnas que han solicitado este centro como prioritario\u00bb<\/strong><br \/>\nTambi\u00e9n pod\u00e9is acceder al documento en este <a href=\"https:\/\/drive.google.com\/file\/d\/1WLnjO0AmwRYsR_18TRp-_bA-sUUgyt13\/view?usp=sharing\" target=\"_blank\" rel=\"noopener\">ENLACE<\/a>.<\/p>\n<p style=\"text-align: justify\">Aunque el documento se llama \u00abRelaci\u00f3n Baremada\u00bb, en nuestro caso s\u00f3lo aparecen los alumnos y alumnas solicitantes, sin el baremo, por ser el n\u00famero de solicitudes menor que el n\u00famero de plazas ofertadas.<\/p>\n<p style=\"text-align: justify\">Durante diez d\u00edas lectivos a partir del 11 de abril de 2019 se proceder\u00e1 al tr\u00e1mite de audiencia, pudiendo las personas interesadas formular las alegaciones que estimen conveniente ante el Director de este Centro.<\/p>\n","protected":false},"excerpt":{"rendered":"<p>Se ha publicado en el tabl\u00f3n de anuncios del centro la \u00abRelaci\u00f3n baremada de alumnos y alumnas que han solicitado este centro como prioritario\u00bb Tambi\u00e9n pod\u00e9is acceder al documento en este ENLACE. Aunque el&#46;&#46;&#46;<\/p>\n","protected":false},"author":1497,"featured_media":0,"comment_status":"open","ping_status":"open","sticky":false,"template":"","format":"standard","meta":{"ngg_post_thumbnail":0,"footnotes":""},"categories":[11909],"tags":[],"aioseo_notices":[],"_links":{"self":[{"href":"https:\/\/blogsaverroes.juntadeandalucia.es\/ceipsanfrancisco\/wp-json\/wp\/v2\/posts\/2497"}],"collection":[{"href":"https:\/\/blogsaverroes.juntadeandalucia.es\/ceipsanfrancisco\/wp-json\/wp\/v2\/posts"}],"about":[{"href":"https:\/\/blogsaverroes.juntadeandalucia.es\/ceipsanfrancisco\/wp-json\/wp\/v2\/types\/post"}],"author":[{"embeddable":true,"href":"https:\/\/blogsaverroes.juntadeandalucia.es\/ceipsanfrancisco\/wp-json\/wp\/v2\/users\/1497"}],"replies":[{"embeddable":true,"href":"https:\/\/blogsaverroes.juntadeandalucia.es\/ceipsanfrancisco\/wp-json\/wp\/v2\/comments?post=2497"}],"version-history":[{"count":2,"href":"https:\/\/blogsaverroes.juntadeandalucia.es\/ceipsanfrancisco\/wp-json\/wp\/v2\/posts\/2497\/revisions"}],"predecessor-version":[{"id":2500,"href":"https:\/\/blogsaverroes.juntadeandalucia.es\/ceipsanfrancisco\/wp-json\/wp\/v2\/posts\/2497\/revisions\/2500"}],"wp:attachment":[{"href":"https:\/\/blogsaverroes.juntadeandalucia.es\/ceipsanfrancisco\/wp-json\/wp\/v2\/media?parent=2497"}],"wp:term":[{"taxonomy":"category","embeddable":true,"href":"https:\/\/blogsaverroes.juntadeandalucia.es\/ceipsanfrancisco\/wp-json\/wp\/v2\/categories?post=2497"},{"taxonomy":"post_tag","embeddable":true,"href":"https:\/\/blogsaverroes.juntadeandalucia.es\/ceipsanfrancisco\/wp-json\/wp\/v2\/tags?post=2497"}],"curies":[{"name":"wp","href":"https:\/\/api.w.org\/{rel}","templated":true}]}}