{"id":2353,"date":"2021-02-21T09:41:15","date_gmt":"2021-02-21T09:41:15","guid":{"rendered":"https:\/\/blogsaverroes.juntadeandalucia.es\/ceipsanfranciscoloja\/?p=2353"},"modified":"2021-02-21T09:41:36","modified_gmt":"2021-02-21T09:41:36","slug":"dia-de-la-discapacidad","status":"publish","type":"post","link":"https:\/\/blogsaverroes.juntadeandalucia.es\/ceipsanfranciscoloja\/dia-de-la-discapacidad\/","title":{"rendered":"D\u00eda de la discapacidad"},"content":{"rendered":"<p><iframe loading=\"lazy\" title=\"d\u00eda discapacidad\" width=\"843\" height=\"632\" src=\"https:\/\/www.youtube.com\/embed\/skImYgb0oqw?feature=oembed\" frameborder=\"0\" allow=\"accelerometer; autoplay; clipboard-write; encrypted-media; gyroscope; picture-in-picture\" allowfullscreen><\/iframe><\/p>\n<p>Para nuestro centro el concepto de discapacidad es err\u00f3neo, creemos que deber\u00eda ser otra palabra la que definiera la diferencia, porque todos somos diferentes. Y as\u00ed lo celebramos, como un d\u00eda en el que visualizar que todos necesitamos de todos en alg\u00fan momento, que todos y todas tenemos un talento y una necesidad.<\/p>\n<p>Este a\u00f1o desde la biblioteca y el aula de PT, la se\u00f1o Roc\u00edo nos ha preparado una serie de actividades.<\/p>\n<p>Os dejamos un v\u00eddeo con algunos momentos.<\/p>\n<p>&nbsp;<\/p>\n<p>&nbsp;<\/p>\n","protected":false},"excerpt":{"rendered":"<p>Para nuestro centro el concepto de discapacidad es err\u00f3neo, creemos que deber\u00eda ser otra palabra la que definiera la diferencia, porque todos somos diferentes. Y&hellip;<\/p>\n","protected":false},"author":10328,"featured_media":2358,"comment_status":"open","ping_status":"open","sticky":false,"template":"","format":"standard","meta":{"ngg_post_thumbnail":0,"footnotes":""},"categories":[11909],"tags":[],"aioseo_notices":[],"_links":{"self":[{"href":"https:\/\/blogsaverroes.juntadeandalucia.es\/ceipsanfranciscoloja\/wp-json\/wp\/v2\/posts\/2353"}],"collection":[{"href":"https:\/\/blogsaverroes.juntadeandalucia.es\/ceipsanfranciscoloja\/wp-json\/wp\/v2\/posts"}],"about":[{"href":"https:\/\/blogsaverroes.juntadeandalucia.es\/ceipsanfranciscoloja\/wp-json\/wp\/v2\/types\/post"}],"author":[{"embeddable":true,"href":"https:\/\/blogsaverroes.juntadeandalucia.es\/ceipsanfranciscoloja\/wp-json\/wp\/v2\/users\/10328"}],"replies":[{"embeddable":true,"href":"https:\/\/blogsaverroes.juntadeandalucia.es\/ceipsanfranciscoloja\/wp-json\/wp\/v2\/comments?post=2353"}],"version-history":[{"count":4,"href":"https:\/\/blogsaverroes.juntadeandalucia.es\/ceipsanfranciscoloja\/wp-json\/wp\/v2\/posts\/2353\/revisions"}],"predecessor-version":[{"id":2361,"href":"https:\/\/blogsaverroes.juntadeandalucia.es\/ceipsanfranciscoloja\/wp-json\/wp\/v2\/posts\/2353\/revisions\/2361"}],"wp:featuredmedia":[{"embeddable":true,"href":"https:\/\/blogsaverroes.juntadeandalucia.es\/ceipsanfranciscoloja\/wp-json\/wp\/v2\/media\/2358"}],"wp:attachment":[{"href":"https:\/\/blogsaverroes.juntadeandalucia.es\/ceipsanfranciscoloja\/wp-json\/wp\/v2\/media?parent=2353"}],"wp:term":[{"taxonomy":"category","embeddable":true,"href":"https:\/\/blogsaverroes.juntadeandalucia.es\/ceipsanfranciscoloja\/wp-json\/wp\/v2\/categories?post=2353"},{"taxonomy":"post_tag","embeddable":true,"href":"https:\/\/blogsaverroes.juntadeandalucia.es\/ceipsanfranciscoloja\/wp-json\/wp\/v2\/tags?post=2353"}],"curies":[{"name":"wp","href":"https:\/\/api.w.org\/{rel}","templated":true}]}}