{"id":2400,"date":"2021-04-24T16:42:08","date_gmt":"2021-04-24T16:42:08","guid":{"rendered":"https:\/\/blogsaverroes.juntadeandalucia.es\/ceipsanfranciscoloja\/?p=2400"},"modified":"2021-04-24T16:42:08","modified_gmt":"2021-04-24T16:42:08","slug":"dia-del-libro-2021","status":"publish","type":"post","link":"https:\/\/blogsaverroes.juntadeandalucia.es\/ceipsanfranciscoloja\/dia-del-libro-2021\/","title":{"rendered":"D\u00eda del libro 2021"},"content":{"rendered":"<p>&nbsp;<\/p>\r\n\r\n<p>Nuestro cuarto Certamen Literario nos ha dejado como a\u00f1os anteriores la sorpresa de grandes relatos nacidos de la imaginaci\u00f3n, las vivencias y emociones de nuestro alumnado.<br>Como dec\u00eda Antoine de Saint-Exup\u00e9ry en El Principito \u00abTodas las personas mayores fueron al principio ni\u00f1os aunque pocas de ellas lo recuerdan\u00bb, esperamos que nuestros alumnos y alumnas cuando sean mayores recuerden estos momentos de su infancia y les sirvan para animarlos a seguir escribiendo.<br><br>A todos nuestros ganadores darles la enhorabuena y animarlos a escribir en esa peque\u00f1a libreta con su boli de tinta invisible sus ideas, sue\u00f1os, deseos, &#8230; para despu\u00e9s hacerlos realidad, y a todos los participantes animarlos a seguir escribiendo, porque en cada uno de ellos hay un escritor o escritora y en nosotros encontrar\u00e1n siempre lectores \u00e1vidos por leer sus creaciones.<br><br>Feliz D\u00eda del Libro<\/p>\r\n<p>&nbsp;<\/p>\r\n<p><iframe loading=\"lazy\" src=\"\/\/www.youtube.com\/embed\/GH5K0tI6Dmg\" width=\"560\" height=\"314\"><\/iframe><\/p>\r\n","protected":false},"excerpt":{"rendered":"<p>&nbsp; Nuestro cuarto Certamen Literario nos ha dejado como a\u00f1os anteriores la sorpresa de grandes relatos nacidos de la imaginaci\u00f3n, las vivencias y emociones de&hellip;<\/p>\n","protected":false},"author":10328,"featured_media":0,"comment_status":"open","ping_status":"open","sticky":false,"template":"","format":"standard","meta":{"ngg_post_thumbnail":0,"footnotes":""},"categories":[11909],"tags":[],"aioseo_notices":[],"_links":{"self":[{"href":"https:\/\/blogsaverroes.juntadeandalucia.es\/ceipsanfranciscoloja\/wp-json\/wp\/v2\/posts\/2400"}],"collection":[{"href":"https:\/\/blogsaverroes.juntadeandalucia.es\/ceipsanfranciscoloja\/wp-json\/wp\/v2\/posts"}],"about":[{"href":"https:\/\/blogsaverroes.juntadeandalucia.es\/ceipsanfranciscoloja\/wp-json\/wp\/v2\/types\/post"}],"author":[{"embeddable":true,"href":"https:\/\/blogsaverroes.juntadeandalucia.es\/ceipsanfranciscoloja\/wp-json\/wp\/v2\/users\/10328"}],"replies":[{"embeddable":true,"href":"https:\/\/blogsaverroes.juntadeandalucia.es\/ceipsanfranciscoloja\/wp-json\/wp\/v2\/comments?post=2400"}],"version-history":[{"count":2,"href":"https:\/\/blogsaverroes.juntadeandalucia.es\/ceipsanfranciscoloja\/wp-json\/wp\/v2\/posts\/2400\/revisions"}],"predecessor-version":[{"id":2403,"href":"https:\/\/blogsaverroes.juntadeandalucia.es\/ceipsanfranciscoloja\/wp-json\/wp\/v2\/posts\/2400\/revisions\/2403"}],"wp:attachment":[{"href":"https:\/\/blogsaverroes.juntadeandalucia.es\/ceipsanfranciscoloja\/wp-json\/wp\/v2\/media?parent=2400"}],"wp:term":[{"taxonomy":"category","embeddable":true,"href":"https:\/\/blogsaverroes.juntadeandalucia.es\/ceipsanfranciscoloja\/wp-json\/wp\/v2\/categories?post=2400"},{"taxonomy":"post_tag","embeddable":true,"href":"https:\/\/blogsaverroes.juntadeandalucia.es\/ceipsanfranciscoloja\/wp-json\/wp\/v2\/tags?post=2400"}],"curies":[{"name":"wp","href":"https:\/\/api.w.org\/{rel}","templated":true}]}}